{"id":11942,"date":"2023-10-17T16:51:57","date_gmt":"2023-10-17T14:51:57","guid":{"rendered":"https:\/\/www.culturalusa.com\/news\/?p=11942"},"modified":"2023-10-17T16:51:57","modified_gmt":"2023-10-17T14:51:57","slug":"mineurs-cyber-harceles-un-quart-des-familles-touchees","status":"publish","type":"post","link":"https:\/\/www.culturalusa.com\/news\/actualite\/mineurs-cyber-harceles-un-quart-des-familles-touchees\/","title":{"rendered":"Mineurs cyber-harcel\u00e9s: un quart des familles touch\u00e9es"},"content":{"rendered":"<h2>Un quart des familles ont d\u00e9j\u00e0 \u00e9t\u00e9 confront\u00e9es \u00e0 la question du cyber-harc\u00e8lement d&rsquo;un mineur, parfois d\u00e8s que leur enfant fr\u00e9quente l&rsquo;\u00e9cole primaire, selon un sondage publi\u00e9 par l&rsquo;association e-Enfance qui r\u00e9pond au 3018, num\u00e9ro national pour les victimes de violences num\u00e9riques.<\/h2>\n<p>\u00ab\u00a0C&rsquo;est une proportion \u00e9norme, qui signifie qu&rsquo;il n&rsquo;y a plus de classes ou d&rsquo;\u00e9tablissements scolaires \u00e0 pr\u00e9sent qui ne vivent pas de harc\u00e8lement\u00a0\u00bb, souligne aupr\u00e8s de l&rsquo;AFP Justine Atlan, directrice g\u00e9n\u00e9rale d&rsquo;e-Enfance.<\/p>\n<p>Dans le d\u00e9tail, 15% des enfants en \u00e9cole primaire ont d\u00e9j\u00e0 \u00e9t\u00e9 confront\u00e9s au cyber-harc\u00e8lement, indique cette \u00e9tude financ\u00e9e par la Caisse d&rsquo;Epargne. C&rsquo;est \u00e9galement le cas de 25% des mineurs au coll\u00e8ge et de 27% de ceux au lyc\u00e9e.<\/p>\n<p>Pour faire face \u00e0 ce ph\u00e9nom\u00e8ne d&rsquo;ampleur, le gouvernement a pr\u00e9sent\u00e9 fin septembre une s\u00e9rie de mesures, allant du signalement syst\u00e9matique des cas de harc\u00e8lement \u00e0 la justice \u00e0 la volont\u00e9 d&rsquo;exclure les \u00e9l\u00e8ves harceleurs des r\u00e9seaux sociaux.<\/p>\n<p>Ce d\u00e9veloppement du cyber-harc\u00e8lement s&rsquo;explique notamment par la \u00ab\u00a0fr\u00e9quentation intense\u00a0\u00bb des r\u00e9seaux sociaux par les enfants, d\u00e8s l&rsquo;\u00e9cole primaire. Ainsi, 86% des 8 \u00e0 18 ans sont inscrits sur ce type de site, dont 67% des \u00e9coliers, 93% des coll\u00e9giens et 96% des lyc\u00e9ens.<\/p>\n<blockquote><p>Le sondage montre que la moiti\u00e9 des victimes ont rencontr\u00e9 des difficult\u00e9s dans leur scolarit\u00e9 et ont \u00e9t\u00e9 perturb\u00e9es par \u00ab\u00a0des insomnies, des troubles de l&rsquo;app\u00e9tit, du d\u00e9sespoir\u00a0\u00bb.<\/p><\/blockquote>\n<p>\u00ab\u00a0Le cyber a fait sortir le harc\u00e8lement des murs de l&rsquo;\u00e9cole, les victimes n&rsquo;ont plus de moment d&rsquo;apaisement le soir ou le week-end car la violence continue en ligne, ce qui est extr\u00eamement traumatisant\u00a0\u00bb, pointe Justine Atlan.<\/p>\n<p>Parmi les sond\u00e9s, 6% des enfants reconnaissent avoir \u00e9t\u00e9 auteur de cyber-harc\u00e8lement, parfois de fa\u00e7on involontaire.<\/p>\n<p>Ceux qui ont eu un tel comportement l&rsquo;ont majoritairement fait pour \u00ab\u00a0rigoler\u00a0\u00bb (47%). \u00ab\u00a0Cela montre que l&rsquo;on n&rsquo;a pas tous le m\u00eame niveau d&#8217;empathie naturellement, on voit le travail \u00e0 faire pour \u00e9veiller les consciences\u00a0\u00bb, commente Justine Atlan.<\/p>\n<h3>Le gouvernement pr\u00e9voit \u00e0 cet effet de g\u00e9n\u00e9raliser \u00e0 la rentr\u00e9e 2024 les cours d&#8217;empathie, une m\u00e9thode de lutte contre le harc\u00e8lement mise en place depuis une vingtaine d&rsquo;ann\u00e9es dans les pays scandinaves.<\/h3>\n<p>D&rsquo;autres mineurs ont particip\u00e9 \u00e0 du cyber-harc\u00e8lement pour \u00ab\u00a0faire comme les autres\u00a0\u00bb (29%), \u00ab\u00a0se faire accepter\u00a0\u00bb (24%) ou \u00ab\u00a0se venger\u00a0\u00bb (10%).<\/p>\n<p>Cette \u00e9tude a \u00e9t\u00e9 r\u00e9alis\u00e9e par l&rsquo;institut Audirep en juin par internet, aupr\u00e8s d&rsquo;un \u00e9chantillon de 1.200 bin\u00f4mes, compos\u00e9s d&rsquo;un parent et de son enfant mineur scolaris\u00e9. (AFP)<\/p>\n","protected":false},"excerpt":{"rendered":"<p>Un quart des familles ont d\u00e9j\u00e0 \u00e9t\u00e9 confront\u00e9es \u00e0 la question du cyber-harc\u00e8lement d&rsquo;un mineur, parfois d\u00e8s que leur enfant fr\u00e9quente l&rsquo;\u00e9cole primaire, selon un sondage publi\u00e9 par l&rsquo;association e-Enfance qui r\u00e9pond au 3018, num\u00e9ro national pour les victimes de violences num\u00e9riques. \u00ab\u00a0C&rsquo;est une proportion \u00e9norme, qui signifie qu&rsquo;il n&rsquo;y a plus de classes ou [&hellip;]<\/p>\n","protected":false},"author":1,"featured_media":11943,"comment_status":"open","ping_status":"closed","sticky":false,"template":"","format":"standard","meta":{"footnotes":""},"categories":[30],"tags":[2860,2861,2862],"class_list":["post-11942","post","type-post","status-publish","format-standard","has-post-thumbnail","hentry","category-actualite","tag-cyber-harcelement","tag-mineurs-cyber-harceles","tag-violences-numeriques"],"aioseo_notices":[],"_links":{"self":[{"href":"https:\/\/www.culturalusa.com\/news\/wp-json\/wp\/v2\/posts\/11942","targetHints":{"allow":["GET"]}}],"collection":[{"href":"https:\/\/www.culturalusa.com\/news\/wp-json\/wp\/v2\/posts"}],"about":[{"href":"https:\/\/www.culturalusa.com\/news\/wp-json\/wp\/v2\/types\/post"}],"author":[{"embeddable":true,"href":"https:\/\/www.culturalusa.com\/news\/wp-json\/wp\/v2\/users\/1"}],"replies":[{"embeddable":true,"href":"https:\/\/www.culturalusa.com\/news\/wp-json\/wp\/v2\/comments?post=11942"}],"version-history":[{"count":1,"href":"https:\/\/www.culturalusa.com\/news\/wp-json\/wp\/v2\/posts\/11942\/revisions"}],"predecessor-version":[{"id":11944,"href":"https:\/\/www.culturalusa.com\/news\/wp-json\/wp\/v2\/posts\/11942\/revisions\/11944"}],"wp:featuredmedia":[{"embeddable":true,"href":"https:\/\/www.culturalusa.com\/news\/wp-json\/wp\/v2\/media\/11943"}],"wp:attachment":[{"href":"https:\/\/www.culturalusa.com\/news\/wp-json\/wp\/v2\/media?parent=11942"}],"wp:term":[{"taxonomy":"category","embeddable":true,"href":"https:\/\/www.culturalusa.com\/news\/wp-json\/wp\/v2\/categories?post=11942"},{"taxonomy":"post_tag","embeddable":true,"href":"https:\/\/www.culturalusa.com\/news\/wp-json\/wp\/v2\/tags?post=11942"}],"curies":[{"name":"wp","href":"https:\/\/api.w.org\/{rel}","templated":true}]}}