{"id":11945,"date":"2023-10-18T18:27:28","date_gmt":"2023-10-18T16:27:28","guid":{"rendered":"https:\/\/www.culturalusa.com\/news\/?p=11945"},"modified":"2023-10-18T18:27:28","modified_gmt":"2023-10-18T16:27:28","slug":"immigration-un-etranger-serait-expulsable-pour-non-respect-des-valeurs-de-la-republique","status":"publish","type":"post","link":"https:\/\/www.culturalusa.com\/news\/politique\/immigration-un-etranger-serait-expulsable-pour-non-respect-des-valeurs-de-la-republique\/","title":{"rendered":"Immigration : un \u00e9tranger serait expulsable pour non-respect des valeurs de la R\u00e9publique"},"content":{"rendered":"<h2>Le port ostensible d&rsquo;un signe religieux \u00e0 l&rsquo;\u00e9cole ou le refus d&rsquo;\u00eatre re\u00e7u par un agent de sexe oppos\u00e9 dans un service public pourront \u00eatre des motifs pour retirer un titre de s\u00e9jour si le projet de loi immigration est adopt\u00e9, a fait valoir le porte-parole du gouvernement, Olivier V\u00e9ran.<\/h2>\n<p>\u00ab Actuellement, il n&rsquo;est pas possible de retirer un titre de s\u00e9jour pour des comportements non constitutifs d&rsquo;une infraction p\u00e9nale mais d\u00e9montrant des comportements non conformes \u00e0 nos valeurs \u00bb, a soulign\u00e9 M. V\u00e9ran lors de son point de presse \u00e0 l&rsquo;issue du conseil des ministres.<\/p>\n<p>Le porte-parole a cit\u00e9 comme exemples \u00ab le port ostensible en milieu scolaire de signes et de tenues religieux, qui repr\u00e9sentent 50 % des signalements recens\u00e9s par le minist\u00e8re de l&rsquo;\u00c9ducation nationale \u00bb, ou \u00ab le refus d&rsquo;\u00eatre re\u00e7u ou entendu aux guichets des services publics par un agent de sexe oppos\u00e9 pour des motifs religieux \u00bb.<\/p>\n<p>Dans son projet de loi qui sera d\u00e9battu en novembre au S\u00e9nat, \u00e0 l&rsquo;article 13, le ministre de l&rsquo;Int\u00e9rieur propose de retirer un titre de s\u00e9jour en cas de non-respect des principes de la R\u00e9publique, a soulign\u00e9 Olivier V\u00e9ran.<\/p>\n<h3>Tout document de s\u00e9jour \u00ab peut \u00eatre retir\u00e9 \u00bb<\/h3>\n<p>Cet article pr\u00e9voit, dans son premier alin\u00e9a, que \u00ab l&rsquo;\u00e9tranger qui sollicite un document de s\u00e9jour s&rsquo;engage \u00e0 respecter la libert\u00e9 personnelle, la libert\u00e9 d&rsquo;expression et de conscience, l&rsquo;\u00e9galit\u00e9 entre les femmes et les hommes, la dignit\u00e9 de la personne, la devise et les symboles de la R\u00e9publique au sens de l&rsquo;article 2 de la Constitution et \u00e0 ne pas se pr\u00e9valoir de ses croyances ou convictions pour s&rsquo;affranchir des r\u00e8gles communes r\u00e9gissant les relations entre les services publics et les particuliers \u00bb.<\/p>\n<p>Si l&rsquo;\u00e9tranger ne respecte pas cet engagement, tout document de s\u00e9jour \u00ab peut \u00eatre retir\u00e9 \u00bb, est-il \u00e9crit. \u00ab Il s&rsquo;agit de sortir du tout p\u00e9nal pour pouvoir retirer un titre en allant sur les valeurs de la R\u00e9publique \u00bb, a expliqu\u00e9 Olivier V\u00e9ran.<\/p>\n<p>\u00ab Le but est de faire en sorte que, quand une personne \u00e9trang\u00e8re dans notre pays ne respecte pas les valeurs de notre R\u00e9publique, par son comportement, par ses paroles [\u2026], la R\u00e9publique ne soit pas contrainte de la conserver sur son territoire \u00bb, a-t-il insist\u00e9. (AFP)<\/p>\n<p>&nbsp;<\/p>\n","protected":false},"excerpt":{"rendered":"<p>Le port ostensible d&rsquo;un signe religieux \u00e0 l&rsquo;\u00e9cole ou le refus d&rsquo;\u00eatre re\u00e7u par un agent de sexe oppos\u00e9 dans un service public pourront \u00eatre des motifs pour retirer un titre de s\u00e9jour si le projet de loi immigration est adopt\u00e9, a fait valoir le porte-parole du gouvernement, Olivier V\u00e9ran. \u00ab Actuellement, il n&rsquo;est pas [&hellip;]<\/p>\n","protected":false},"author":1,"featured_media":11946,"comment_status":"open","ping_status":"closed","sticky":false,"template":"","format":"standard","meta":{"footnotes":""},"categories":[1494],"tags":[250,2863],"class_list":["post-11945","post","type-post","status-publish","format-standard","has-post-thumbnail","hentry","category-politique","tag-immigration","tag-loi-immigration"],"aioseo_notices":[],"_links":{"self":[{"href":"https:\/\/www.culturalusa.com\/news\/wp-json\/wp\/v2\/posts\/11945","targetHints":{"allow":["GET"]}}],"collection":[{"href":"https:\/\/www.culturalusa.com\/news\/wp-json\/wp\/v2\/posts"}],"about":[{"href":"https:\/\/www.culturalusa.com\/news\/wp-json\/wp\/v2\/types\/post"}],"author":[{"embeddable":true,"href":"https:\/\/www.culturalusa.com\/news\/wp-json\/wp\/v2\/users\/1"}],"replies":[{"embeddable":true,"href":"https:\/\/www.culturalusa.com\/news\/wp-json\/wp\/v2\/comments?post=11945"}],"version-history":[{"count":1,"href":"https:\/\/www.culturalusa.com\/news\/wp-json\/wp\/v2\/posts\/11945\/revisions"}],"predecessor-version":[{"id":11947,"href":"https:\/\/www.culturalusa.com\/news\/wp-json\/wp\/v2\/posts\/11945\/revisions\/11947"}],"wp:featuredmedia":[{"embeddable":true,"href":"https:\/\/www.culturalusa.com\/news\/wp-json\/wp\/v2\/media\/11946"}],"wp:attachment":[{"href":"https:\/\/www.culturalusa.com\/news\/wp-json\/wp\/v2\/media?parent=11945"}],"wp:term":[{"taxonomy":"category","embeddable":true,"href":"https:\/\/www.culturalusa.com\/news\/wp-json\/wp\/v2\/categories?post=11945"},{"taxonomy":"post_tag","embeddable":true,"href":"https:\/\/www.culturalusa.com\/news\/wp-json\/wp\/v2\/tags?post=11945"}],"curies":[{"name":"wp","href":"https:\/\/api.w.org\/{rel}","templated":true}]}}