{"id":11978,"date":"2023-10-30T18:05:47","date_gmt":"2023-10-30T17:05:47","guid":{"rendered":"https:\/\/www.culturalusa.com\/news\/?p=11978"},"modified":"2023-10-30T18:05:47","modified_gmt":"2023-10-30T17:05:47","slug":"facebook-et-instagram-avec-version-payante-vers-la-fin-de-linternet-gratuit","status":"publish","type":"post","link":"https:\/\/www.culturalusa.com\/news\/actualite\/facebook-et-instagram-avec-version-payante-vers-la-fin-de-linternet-gratuit\/","title":{"rendered":"Facebook et Instagram avec version payante, vers la fin de l&rsquo;Internet gratuit ?"},"content":{"rendered":"<h2>Livrer ses donn\u00e9es ou s&rsquo;abonner : apr\u00e8s X (ex-Twitter), Facebook et Instagram lancent \u00e0 leur tour des abonnements payants pour des versions sans publicit\u00e9, uniquement pour les Europ\u00e9ens qui refuseront les publicit\u00e9s cibl\u00e9es. Un nouveau pas vers un Internet payant.<\/h2>\n<p>Leurs utilisateurs dans l&rsquo;UE, la Suisse, et le reste de l&rsquo;Espace \u00e9conomique europ\u00e9en (Islande, Norv\u00e8ge, Liechtenstein) \u00ab\u00a0auront le choix de continuer \u00e0 utiliser gratuitement\u00a0\u00bb les deux r\u00e9seaux sociaux en consentant \u00e0 livrer leurs donn\u00e9es personnelles \u00ab\u00a0ou de s&rsquo;abonner pour ne plus voir de publicit\u00e9s\u00a0\u00bb, a annonc\u00e9 le groupe Meta, leur propri\u00e9taire.<\/p>\n<p>Courant novembre, pour l&rsquo;ensemble de ses comptes Instagram ou Facebook, chaque abonn\u00e9 devra d\u00e9bourser 9,99 euros par mois s&rsquo;il r\u00e8gle via ordinateur, ou 12,99 euros s&rsquo;il passe par les applications sur smartphones, a pr\u00e9cis\u00e9 le g\u00e9ant am\u00e9ricain.<\/p>\n<blockquote><p>Facebook et Instagram comptent respectivement 144 et 133 millions d&rsquo;utilisateurs r\u00e9guliers en Europe hors Royaume-Uni, selon Insider Intelligence.<\/p><\/blockquote>\n<p>Proposer des abonnements payants repr\u00e9sente un changement radical d&rsquo;approche pour le groupe de Mark Zuckerberg, qui avait promis que Facebook serait \u00ab\u00a0toujours\u00a0\u00bb gratuit.<\/p>\n<p>D\u00e9j\u00e0 depuis d\u00e9but 2023 X, confront\u00e9 \u00e0 une fuite de ses annonceurs, a lanc\u00e9 des formules payantes, d&rsquo;abord pour obtenir des badges de certification, puis pour masquer les publicit\u00e9s. Elon Musk a m\u00eame sugg\u00e9r\u00e9 en septembre que X pourrait devenir int\u00e9gralement payant, ce qu&rsquo;il teste depuis deux semaines aux Philippines et en Nouvelle-Z\u00e9lande, pour moins d&rsquo;un euro par an.<\/p>\n<p>Suivant ses traces, en f\u00e9vrier 2023 Meta a amorc\u00e9 un changement de strat\u00e9gie en proposant un badge de certification payant. Tiktok teste \u00e9galement depuis d\u00e9but octobre un abonnement payant sans publicit\u00e9. Et cela fait longtemps &#8211; depuis 2018 &#8211; que YouTube a fait le choix de proposer des abonnements payants sans publicit\u00e9.<\/p>\n<p>Pour le Fran\u00e7ais Jean Cattan, secr\u00e9taire g\u00e9n\u00e9ral du Conseil National du num\u00e9rique, \u00ab\u00a0on assiste \u00e0 la conversion du mod\u00e8le de la plupart des r\u00e9seaux sociaux, avec un passage du gratuit vers le payant. Mais il faut une r\u00e9gulation qui veille \u00e0 l&rsquo;absence de monopole\u00a0\u00bb, s&rsquo;inqui\u00e8te-t-il, au vu du poids combin\u00e9 de WhatsApp, Facebook, Instagram et Threads, tous d\u00e9tenus par Meta.<\/p>\n<p>Autre sujet de pr\u00e9occupation, la mise en avant des messages des abonn\u00e9s. \u00ab\u00a0S&rsquo;il faut payer sur tous les r\u00e9seaux demain, les riches pourront davantage s&rsquo;exprimer\u00a0\u00bb, avertit-il. \u00ab\u00a0On irait \u00e0 l&rsquo;encontre de la neutralit\u00e9 du net et d&rsquo;un traitement \u00e9gal des utilisateurs, d\u00e9fendus en droit europ\u00e9en au nom de la libert\u00e9 d&rsquo;expression\u00a0\u00bb.<\/p>\n<h3>\u00a0Pression de l&rsquo;UE<\/h3>\n<p>Meta et Google ont b\u00e2ti leur empire sur des services gratuits financ\u00e9s par des publicit\u00e9s cibl\u00e9es, gr\u00e2ce aux donn\u00e9es personnelles de leurs milliards d&rsquo;utilisateurs. \u00ab\u00a0Si c&rsquo;est gratuit, vous \u00eates le produit\u00a0\u00bb, lan\u00e7ait en 1973 l&rsquo;artiste Richard Serra.<\/p>\n<p>Mais depuis quelques ann\u00e9es, l&rsquo;UE lutte contre le pistage des internautes sans leur consentement, d&rsquo;abord avec le r\u00e8glement europ\u00e9en sur la protection des donn\u00e9es (RGPD) de 2016, puis avec le r\u00e8glement sur les march\u00e9s num\u00e9riques (DMA), entr\u00e9 en vigueur cet \u00e9t\u00e9. Les plateformes num\u00e9riques concern\u00e9es ont jusqu&rsquo;au 6 mars 2024 pour s&rsquo;y conformer.<\/p>\n<p>Meta est d\u00e9j\u00e0 sous pression: en mai dernier, Facebook a \u00e9cop\u00e9 d&rsquo;une amende record de 1,2 milliard d&rsquo;euros du r\u00e9gulateur irlandais, au nom de l&rsquo;UE, pour avoir enfreint le RGPD. D\u00e9but septembre, la justice norv\u00e9gienne a d\u00e9bout\u00e9 Meta qui demandait la suspension d&rsquo;une interdiction de la publicit\u00e9 comportementale sur Facebook et Instagram, ce qui lui vaut une amende quotidienne dans le pays. Avec le risque que cette amende soit \u00e9tendue ailleurs en Europe.<\/p>\n<p>\u00ab\u00a0La poursuite par Meta d&rsquo;abonnements sans publicit\u00e9 en Europe devance certains aspects du futur r\u00e8glement europ\u00e9en sur les services num\u00e9riques\u00a0\u00bb, a soulign\u00e9 Jeremy Goldman, analyste chez Insider Intelligence. \u00ab\u00a0Sans la possibilit\u00e9 de personnaliser les publicit\u00e9s dans le cadre du nouveau r\u00e8glement, Meta pense que ses recettes publicitaires pourraient chuter, ce qui l&rsquo;incite \u00e0 mon\u00e9tiser les utilisateurs par des abonnements\u00a0\u00bb, explique l&rsquo;analyste.<\/p>\n<p>\u00ab\u00a0La possibilit\u00e9 pour les gens d&rsquo;acheter un abonnement sans publicit\u00e9 \u00e9quilibre les exigences des r\u00e9gulateurs europ\u00e9ens tout en donnant le choix aux utilisateurs\u00a0\u00bb, a fait valoir Meta. (AFP)<\/p>\n","protected":false},"excerpt":{"rendered":"<p>Livrer ses donn\u00e9es ou s&rsquo;abonner : apr\u00e8s X (ex-Twitter), Facebook et Instagram lancent \u00e0 leur tour des abonnements payants pour des versions sans publicit\u00e9, uniquement pour les Europ\u00e9ens qui refuseront les publicit\u00e9s cibl\u00e9es. Un nouveau pas vers un Internet payant. Leurs utilisateurs dans l&rsquo;UE, la Suisse, et le reste de l&rsquo;Espace \u00e9conomique europ\u00e9en (Islande, Norv\u00e8ge, [&hellip;]<\/p>\n","protected":false},"author":1,"featured_media":11979,"comment_status":"open","ping_status":"closed","sticky":false,"template":"","format":"standard","meta":{"footnotes":""},"categories":[30],"tags":[2884,2886,2885],"class_list":["post-11978","post","type-post","status-publish","format-standard","has-post-thumbnail","hentry","category-actualite","tag-facebook-et-instagram","tag-facebook-et-instagram-avec-version-payante","tag-vers-la-fin-de-linternet-gratuit"],"aioseo_notices":[],"_links":{"self":[{"href":"https:\/\/www.culturalusa.com\/news\/wp-json\/wp\/v2\/posts\/11978","targetHints":{"allow":["GET"]}}],"collection":[{"href":"https:\/\/www.culturalusa.com\/news\/wp-json\/wp\/v2\/posts"}],"about":[{"href":"https:\/\/www.culturalusa.com\/news\/wp-json\/wp\/v2\/types\/post"}],"author":[{"embeddable":true,"href":"https:\/\/www.culturalusa.com\/news\/wp-json\/wp\/v2\/users\/1"}],"replies":[{"embeddable":true,"href":"https:\/\/www.culturalusa.com\/news\/wp-json\/wp\/v2\/comments?post=11978"}],"version-history":[{"count":1,"href":"https:\/\/www.culturalusa.com\/news\/wp-json\/wp\/v2\/posts\/11978\/revisions"}],"predecessor-version":[{"id":11980,"href":"https:\/\/www.culturalusa.com\/news\/wp-json\/wp\/v2\/posts\/11978\/revisions\/11980"}],"wp:featuredmedia":[{"embeddable":true,"href":"https:\/\/www.culturalusa.com\/news\/wp-json\/wp\/v2\/media\/11979"}],"wp:attachment":[{"href":"https:\/\/www.culturalusa.com\/news\/wp-json\/wp\/v2\/media?parent=11978"}],"wp:term":[{"taxonomy":"category","embeddable":true,"href":"https:\/\/www.culturalusa.com\/news\/wp-json\/wp\/v2\/categories?post=11978"},{"taxonomy":"post_tag","embeddable":true,"href":"https:\/\/www.culturalusa.com\/news\/wp-json\/wp\/v2\/tags?post=11978"}],"curies":[{"name":"wp","href":"https:\/\/api.w.org\/{rel}","templated":true}]}}