{"id":11991,"date":"2023-11-06T16:01:23","date_gmt":"2023-11-06T15:01:23","guid":{"rendered":"https:\/\/www.culturalusa.com\/news\/?p=11991"},"modified":"2023-11-06T16:01:23","modified_gmt":"2023-11-06T15:01:23","slug":"le-g7-veut-unifier-ses-positions-sur-le-moyen-orient-et-renouveler-son-soutien-a-lukraine","status":"publish","type":"post","link":"https:\/\/www.culturalusa.com\/news\/actualite\/le-g7-veut-unifier-ses-positions-sur-le-moyen-orient-et-renouveler-son-soutien-a-lukraine\/","title":{"rendered":"Le G7 veut unifier ses positions sur le Moyen-Orient et renouveler son soutien \u00e0 l&rsquo;Ukraine"},"content":{"rendered":"<h2>Les ministres des Affaires \u00e9trang\u00e8res du G7 se r\u00e9uniront \u00e0 Tokyo pour tenter d&rsquo;envoyer un message commun sur le conflit entre Isra\u00ebl et la Palestine et r\u00e9affirmer la poursuite de l&rsquo;aide \u00e0 l&rsquo;Ukraine.<\/h2>\n<p>La rencontre entre les ministres des Affaires \u00e9trang\u00e8res du Groupe des Sept pays les plus industrialis\u00e9s du monde (Allemagne, Canada, Etats-Unis, France, Italie, Japon, Royaume-Uni) et le chef de la diplomatie europ\u00e9enne, Josep Borrell, devrait aborder les sujets les plus importants. d\u00e9veloppements r\u00e9cents du conflit entre Isra\u00ebl et le groupe islamiste Hamas.<\/p>\n<p>L&rsquo;objectif principal de l&rsquo;actuelle pr\u00e9sidence japonaise du G7 est que cette r\u00e9union d\u00e9bouche sur un \u00ab\u00a0message unifi\u00e9 qui contribuera \u00e0 apaiser la situation au Moyen-Orient\u00a0\u00bb, a d\u00e9clar\u00e9 le porte-parole de l&rsquo;ex\u00e9cutif japonais, Hirokazu Matsuno, lors d&rsquo;une conf\u00e9rence de presse tenue aujourd&rsquo;hui. \u00e0 Tokyo.<\/p>\n<blockquote><p>Le Japon est favorable \u00e0 l&rsquo;application d&rsquo;une \u00ab\u00a0pause humanitaire\u00a0\u00bb pour permettre l&rsquo;entr\u00e9e de l&rsquo;aide dans la bande de Gaza et faciliter les op\u00e9rations de sauvetage des otages, une position que la ministre japonaise des Affaires \u00e9trang\u00e8res Yoko Kamikawa a transmise au gouvernement isra\u00e9lien lors d&rsquo;une visite \u00e0 Tel Aviv le week-end dernier.<\/p><\/blockquote>\n<p>La position japonaise est similaire \u00e0 celle des \u00c9tats-Unis, dont le secr\u00e9taire d\u2019\u00c9tat, Antony Blinken, a \u00e9galement d\u00e9fendu, lors de sa r\u00e9cente visite en Isra\u00ebl, une pause humanitaire dans les offensives isra\u00e9liennes, sans toutefois parvenir \u00e0 convaincre le gouvernement de Benjamin Netanyahu.<\/p>\n<p>Comme les \u00c9tats-Unis, le Japon, pays qui entretient des relations traditionnellement amicales avec Isra\u00ebl et les pays arabes du Moyen-Orient \u2013 \u200b\u200bil est fortement d\u00e9pendant de ses importations de p\u00e9trole \u2013 n\u2019a pas non plus soutenu les appels \u00e0 un cessez-le-feu dans le conflit.<\/p>\n<p>Cependant, Tokyo a r\u00e9cemment hauss\u00e9 le ton de ses protestations contre le nombre croissant de victimes civiles dans les bombardements de l&rsquo;arm\u00e9e isra\u00e9lienne sur Gaza, en plus de r\u00e9affirmer son soutien \u00e0 la \u00ab solution \u00e0 deux \u00c9tats \u00bb pour mettre fin au conflit.<\/p>\n<p>On s&rsquo;attend \u00e0 ce que la r\u00e9union du G7 \u00e0 Tokyo aboutisse \u00e0 une d\u00e9claration commune qui pourrait contribuer \u00e0 apaiser la situation et, en m\u00eame temps, \u00e0 ajuster les diff\u00e9rentes sensibilit\u00e9s entre les pays du groupe, ont indiqu\u00e9 des sources diplomatiques cit\u00e9es par l&rsquo;agence de presse espagnole Efe.<\/p>\n<p>La guerre en Ukraine sera un autre des principaux points \u00e0 l&rsquo;ordre du jour des ministres des Affaires \u00e9trang\u00e8res du G7, qui appelleront \u00e0 \u00ab\u00a0ne pas oublier\u00a0\u00bb le conflit, pass\u00e9 au second plan en raison de l&rsquo;escalade des hostilit\u00e9s au Moyen-Orient.<\/p>\n<p>Les pays du G7 se sont d\u00e9j\u00e0 engag\u00e9s \u00e0 fournir une assistance \u00e0 l&rsquo;Ukraine \u00ab aussi longtemps que n\u00e9cessaire \u00bb et \u00ab par tous les moyens possibles \u00bb, lors du sommet des dirigeants tenu en mai dernier dans la ville japonaise d&rsquo;Hiroshima.<\/p>\n<p>Aujourd\u2019hui, ils veulent revalider le message face \u00e0 la stagnation du conflit et aux d\u00e9bats internes qui ont lieu dans certains pays sur la poursuite de l\u2019aide \u00e0 Kiev.<\/p>\n<p>En outre, les ministres des Affaires \u00e9trang\u00e8res discuteront de l&rsquo;instabilit\u00e9 croissante dans la r\u00e9gion Asie-Pacifique en raison de la mont\u00e9e en puissance militaire de la Chine, des tensions autour du d\u00e9veloppement d&rsquo;armes \u00e0 Taiwan et de la Cor\u00e9e du Nord, ainsi que du renforcement des liens avec Moscou et l&rsquo;Iran.<\/p>\n<p>La d\u00e9claration commune devrait r\u00e9affirmer l&rsquo;importance du maintien de la paix et de la stabilit\u00e9 dans le d\u00e9troit de Taiwan, ainsi que du respect du droit international dans les mers de Chine orientale et m\u00e9ridionale, o\u00f9 se sont produits plusieurs incidents entre des navires chinois et des navires d&rsquo;autres pays asiatiques.<\/p>\n<p>La pr\u00e9sidence japonaise envisage \u00e9galement d&rsquo;inviter les ministres des Affaires \u00e9trang\u00e8res du Kazakhstan, de l&rsquo;Ouzb\u00e9kistan, du Turkm\u00e9nistan, du Tadjikistan et du Kirghizistan \u00e0 une s\u00e9ance de la r\u00e9union, par vid\u00e9oconf\u00e9rence, rapporte aujourd&rsquo;hui la presse locale, expliquant que l&rsquo;intention est d&rsquo;essayer de contenir l&rsquo;influence croissante du Japon. P\u00e9kin en Asie centrale.<\/p>\n<p>Dans ce qui sera la deuxi\u00e8me r\u00e9union en personne du G7 cette ann\u00e9e sous la pr\u00e9sidence japonaise, les ministres des Affaires \u00e9trang\u00e8res tiendront un d\u00eener de travail mardi \u00e0 Tokyo et, mercredi, plusieurs s\u00e9ances de d\u00e9bat. (Ag.Lusa)<\/p>\n","protected":false},"excerpt":{"rendered":"<p>Les ministres des Affaires \u00e9trang\u00e8res du G7 se r\u00e9uniront \u00e0 Tokyo pour tenter d&rsquo;envoyer un message commun sur le conflit entre Isra\u00ebl et la Palestine et r\u00e9affirmer la poursuite de l&rsquo;aide \u00e0 l&rsquo;Ukraine. La rencontre entre les ministres des Affaires \u00e9trang\u00e8res du Groupe des Sept pays les plus industrialis\u00e9s du monde (Allemagne, Canada, Etats-Unis, France, [&hellip;]<\/p>\n","protected":false},"author":1,"featured_media":11992,"comment_status":"open","ping_status":"closed","sticky":false,"template":"","format":"standard","meta":{"footnotes":""},"categories":[30],"tags":[731,473,2894,2893,333],"class_list":["post-11991","post","type-post","status-publish","format-standard","has-post-thumbnail","hentry","category-actualite","tag-g7","tag-moyen-orient","tag-poursuite-de-laide-a-lukraine","tag-tokyo","tag-ukraine"],"aioseo_notices":[],"_links":{"self":[{"href":"https:\/\/www.culturalusa.com\/news\/wp-json\/wp\/v2\/posts\/11991","targetHints":{"allow":["GET"]}}],"collection":[{"href":"https:\/\/www.culturalusa.com\/news\/wp-json\/wp\/v2\/posts"}],"about":[{"href":"https:\/\/www.culturalusa.com\/news\/wp-json\/wp\/v2\/types\/post"}],"author":[{"embeddable":true,"href":"https:\/\/www.culturalusa.com\/news\/wp-json\/wp\/v2\/users\/1"}],"replies":[{"embeddable":true,"href":"https:\/\/www.culturalusa.com\/news\/wp-json\/wp\/v2\/comments?post=11991"}],"version-history":[{"count":1,"href":"https:\/\/www.culturalusa.com\/news\/wp-json\/wp\/v2\/posts\/11991\/revisions"}],"predecessor-version":[{"id":11993,"href":"https:\/\/www.culturalusa.com\/news\/wp-json\/wp\/v2\/posts\/11991\/revisions\/11993"}],"wp:featuredmedia":[{"embeddable":true,"href":"https:\/\/www.culturalusa.com\/news\/wp-json\/wp\/v2\/media\/11992"}],"wp:attachment":[{"href":"https:\/\/www.culturalusa.com\/news\/wp-json\/wp\/v2\/media?parent=11991"}],"wp:term":[{"taxonomy":"category","embeddable":true,"href":"https:\/\/www.culturalusa.com\/news\/wp-json\/wp\/v2\/categories?post=11991"},{"taxonomy":"post_tag","embeddable":true,"href":"https:\/\/www.culturalusa.com\/news\/wp-json\/wp\/v2\/tags?post=11991"}],"curies":[{"name":"wp","href":"https:\/\/api.w.org\/{rel}","templated":true}]}}