{"id":11994,"date":"2023-11-07T15:43:44","date_gmt":"2023-11-07T14:43:44","guid":{"rendered":"https:\/\/www.culturalusa.com\/news\/?p=11994"},"modified":"2023-11-07T15:56:28","modified_gmt":"2023-11-07T14:56:28","slug":"portugal-perquisitions-a-sao-bento-le-chef-de-cabinet-de-antonio-costa-parmi-les-personnes-arretees","status":"publish","type":"post","link":"https:\/\/www.culturalusa.com\/news\/portugal\/portugal-perquisitions-a-sao-bento-le-chef-de-cabinet-de-antonio-costa-parmi-les-personnes-arretees\/","title":{"rendered":"Portugal : perquisitions \u00e0 S\u00e3o Bento. Le chef de cabinet de Antonio Costa parmi les personnes arr\u00eat\u00e9es"},"content":{"rendered":"<h2>Le chef de cabinet du Premier ministre, V\u00edtor Esc\u00e1ria, le maire de Sines, Nuno Mascarenhas, deux administrateurs de l&rsquo;entreprise Start Campus et un consultant tr\u00e8s proche d&rsquo;Ant\u00f3nio Costa, ont \u00e9t\u00e9 arr\u00eat\u00e9s dans le cadre de l&rsquo;enqu\u00eate sur le secteur du lithium et de l&rsquo;hydrog\u00e8ne vert.<\/h2>\n<blockquote><p>Ce mardi, le PSP a effectu\u00e9 des perquisitions \u00e0 la r\u00e9sidence officielle du Premier ministre, Ant\u00f3nio Costa, et aux minist\u00e8res de l&rsquo;Environnement et de l&rsquo;Infrastructure, a indiqu\u00e9 P\u00fablico, ajoutant que V\u00edtor Escaria, directeur de cabinet d&rsquo;Ant\u00f3nio Costa, Diogo Lacerda Machado, consultant proche du Costa, le maire de Sines, Nuno Mascarenhas (PS), et deux administrateurs de l&rsquo;entreprise Start Campus, dans le cadre de recherches sur le secteur du lithium et de l&rsquo;hydrog\u00e8ne vert.<\/p><\/blockquote>\n<p>L&rsquo;information a \u00e9t\u00e9 officiellement confirm\u00e9e par le Bureau du Procureur g\u00e9n\u00e9ral (PGR) dans une note publi\u00e9e en fin de matin\u00e9e, dans laquelle il justifie les arrestations.<\/p>\n<p>Le PGR estime qu&rsquo;il existe \u00ab des dangers d&rsquo;\u00e9vasion, de poursuite de l&rsquo;activit\u00e9 criminelle, de perturbation de l&rsquo;enqu\u00eate et de perturbation de l&rsquo;ordre et de la tranquillit\u00e9 publics \u00bb.<\/p>\n<p>\u00ab\u00a0Les d\u00e9tenus seront pr\u00e9sents au premier interrogatoire judiciaire pour l&rsquo;application de mesures coercitives\u00a0\u00bb, pr\u00e9cise le communiqu\u00e9, ajoutant : \u00ab\u00a0Peut \u00eatre notamment en cause des faits susceptibles de constituer des d\u00e9lits de malversation, de corruption active et passive d&rsquo;une fonction politique\u00a0\u00bb. titulaire et trafic d\u2019influence \u00bb.<\/p>\n<p>Sous la direction de la Direction Centrale d&rsquo;Enqu\u00eate et d&rsquo;Action Criminelle (DCIAP), 17 perquisitions \u00e0 domicile, cinq perquisitions chez un avocat et \u00e0 domicile et 20 perquisitions non domestiques ont \u00e9t\u00e9 effectu\u00e9es, notamment dans les locaux utilis\u00e9s par le chef de cabinet du Premier Ministre. ; au minist\u00e8re de l\u2019Environnement et de l\u2019Action climatique ; au minist\u00e8re de l&rsquo;Infrastructure et au Secr\u00e9tariat d&rsquo;\u00c9tat \u00e0 l&rsquo;\u00e9nergie et au climat ; \u00e0 la Mairie de Sines et au si\u00e8ge d&rsquo;autres entit\u00e9s publiques et entreprises.<\/p>\n<p>Costa a enqu\u00eat\u00e9 dans le cadre d&rsquo;une enqu\u00eate ind\u00e9pendante aupr\u00e8s de la Cour supr\u00eame. Galamba constitu\u00e9 d\u00e9fendeur<\/p>\n<h3>Le PGR a \u00e9galement indiqu\u00e9 que le Premier ministre, Ant\u00f3nio Costa, fait l&rsquo;objet d&rsquo;une enqu\u00eate ind\u00e9pendante du minist\u00e8re public dans le cadre d&rsquo;une enqu\u00eate ouverte aupr\u00e8s de la Cour supr\u00eame de justice.<\/h3>\n<p>\u00ab\u00a0Au cours de l&rsquo;enqu\u00eate, il est en outre apparu que les suspects invoquaient le nom et l&rsquo;autorit\u00e9 du Premier ministre et son intervention pour d\u00e9bloquer les proc\u00e9dures dans le contexte susmentionn\u00e9. Ces r\u00e9f\u00e9rences seront analys\u00e9es de mani\u00e8re ind\u00e9pendante dans le cadre d&rsquo;une enqu\u00eate ouverte \u00e0 la Cour Supr\u00eame de Justice, car elle est la juridiction comp\u00e9tente\u00a0\u00bb, lit-on dans la note publi\u00e9e par le PGR.<\/p>\n<p>Le ministre de l&rsquo;Infrastructure, Jo\u00e3o Galamba, a cependant \u00e9t\u00e9 d\u00e9sign\u00e9 comme accus\u00e9, comme indiqu\u00e9 dans la d\u00e9claration du PGR. \u00ab\u00a0Le minist\u00e8re public a \u00e9galement proc\u00e9d\u00e9 \u00e0 la d\u00e9signation comme accus\u00e9s d&rsquo;autres suspects des actes enqu\u00eat\u00e9s dans l&rsquo;affaire, \u00e0 savoir le ministre de l&rsquo;Infrastructure et le pr\u00e9sident du conseil d&rsquo;administration de l&rsquo;Agence portugaise de l&rsquo;environnement\u00a0\u00bb, peut-on lire dans le document.<\/p>\n<h3>L&rsquo;enjeu est le processus d&rsquo;enqu\u00eate sur l&rsquo;activit\u00e9 lithium-hydrog\u00e8ne de Montalegre, ainsi que \u00ab\u00a0une enqu\u00eate criminelle li\u00e9e \u00e0 un m\u00e9gaprojet dans la zone de l&rsquo;hydrog\u00e8ne vert \u00e0 Sines, et dont l&rsquo;investissement devait d\u00e9passer 1,5 milliard d&rsquo;euros\u00a0\u00bb, \u00e9crit le journal P\u00fablico. Une quarantaine de recherches seront effectu\u00e9es.<\/h3>\n<p>Le PGR estime qu&rsquo;il existe \u00ab des dangers d&rsquo;\u00e9vasion, de poursuite de l&rsquo;activit\u00e9 criminelle, de perturbation de l&rsquo;enqu\u00eate et de perturbation de l&rsquo;ordre et de la tranquillit\u00e9 publics \u00bb.<\/p>\n<p>Une source du PSP a indiqu\u00e9 \u00e0 Lusa qu&rsquo;environ 140 policiers ont \u00e9t\u00e9 mobilis\u00e9s pour l&rsquo;op\u00e9ration de perquisition et que l&rsquo;enqu\u00eate est men\u00e9e par la Direction Centrale d&rsquo;Investigation et d&rsquo;Action Criminelle (DCIAP).<\/p>\n<p>Ant\u00f3nio Costa \u00e9tait d\u00e9j\u00e0 \u00e0 Bel\u00e9m pour s&rsquo;entretenir avec le pr\u00e9sident de la R\u00e9publique, Marcelo Rebelo de Sousa. La r\u00e9union, \u00e0 la demande du chef du gouvernement, a dur\u00e9 environ une demi-heure.<\/p>\n<p>Le bureau de communication du premier ministre a toutefois confirm\u00e9 l&rsquo;existence de perquisitions dans le bureau de V\u00edtor Escaria, chef de cabinet du premier ministre, ajoutant qu&rsquo;il n&rsquo;y avait aucun commentaire de S\u00e3o Bento sur l&rsquo;action du juge. \u00ab\u00a0Nous confirmons qu&rsquo;il y a des perquisitions dans le bureau du chef de cabinet [V\u00edtor Escaria]. Nous ne commentons pas l&rsquo;action judiciaire\u00a0\u00bb, a d\u00e9clar\u00e9 \u00e0 Lusa une source du bureau d&rsquo;Ant\u00f3nio Costa.<\/p>\n<p>Le minist\u00e8re de l\u2019Environnement et de l\u2019Action climatique a \u00e9galement confirm\u00e9 que des perquisitions du PSP avaient \u00e9t\u00e9 effectu\u00e9es dans ses installations. Une source officielle du minist\u00e8re de Duarte Cordeiro a toutefois indiqu\u00e9 qu&rsquo;il ne connaissait pas encore le motif de ces perquisitions.<\/p>\n<p>DN a constat\u00e9 que les autorit\u00e9s sont arriv\u00e9es \u00e0 la Mairie de Sines \u00e0 5 heures du matin, apr\u00e8s avoir ferm\u00e9 les installations de la municipalit\u00e9. Les salari\u00e9s ne peuvent pas entrer dans le b\u00e2timent de la mairie. \u00ab\u00a0Des enqu\u00eates sont men\u00e9es par les autorit\u00e9s \u00e0 l&rsquo;int\u00e9rieur du b\u00e2timent municipal et tous les employ\u00e9s sont \u00e0 l&rsquo;ext\u00e9rieur\u00a0\u00bb, a d\u00e9clar\u00e9 \u00e0 Lusa une source de la municipalit\u00e9. Sur place, \u00ab\u00a0on attend l&rsquo;arriv\u00e9e du Minist\u00e8re Public\u00a0\u00bb pour participer \u00e0 ces m\u00eames proc\u00e9dures, selon la m\u00eame source contact\u00e9e par Lusa.<\/p>\n<p>En novembre 2020, le magazine S\u00e1bado a rapport\u00e9 que la Direction centrale d&rsquo;enqu\u00eate et d&rsquo;action p\u00e9nale (DCIAP) avait ouvert une enqu\u00eate sur des soup\u00e7ons de trafic d&rsquo;influence et de corruption dans le cadre du projet d&rsquo;hydrog\u00e8ne. Jo\u00e3o Galamba, \u00e0 l&rsquo;\u00e9poque secr\u00e9taire d&rsquo;\u00c9tat adjoint et \u00e0 l&rsquo;\u00c9nergie, faisait partie des personnes interrog\u00e9es.<\/p>\n<p>Des \u00ab\u00a0indices de d\u00e9lits de corruption et de trafic d&rsquo;influence\u00a0\u00bb dans des entreprises li\u00e9es au projet d&rsquo;hydrog\u00e8ne vert \u00e9taient dans le collimateur des autorit\u00e9s. Selon le magazine, l&rsquo;enqu\u00eate a \u00e9t\u00e9 d\u00e9clench\u00e9e par une plainte adress\u00e9e au minist\u00e8re public en 2019, mettant en garde contre des soup\u00e7ons de favoritisme de la part de groupes d&rsquo;entreprises dans le plan national hydrog\u00e8ne.<\/p>\n<p>S\u00e1bado avait d\u00e9clar\u00e9 \u00e0 l&rsquo;\u00e9poque que l&rsquo;enqu\u00eate visait les relations \u00ab entre des membres du gouvernement et des \u00e9l\u00e9ments de grandes entreprises priv\u00e9es du consortium compos\u00e9 d&rsquo;EDP, Galp, REN, Martifer et Vestas \u00bb.<\/p>\n<p>Une source du parquet g\u00e9n\u00e9ral a confirm\u00e9 \u00e0 DN, en novembre 2020, \u00ab\u00a0seulement l&rsquo;existence d&rsquo;une enqu\u00eate en cours dans le cadre de la DCIAP\u00a0\u00bb et qu&rsquo;elle \u00e9tait \u00ab\u00a0en cours d&rsquo;instruction\u00a0\u00bb, avec, \u00e0 l&rsquo;\u00e9poque, aucun pr\u00e9venu constitu\u00e9, \u00e9tant en \u00a0\u00bb secret judiciaire\u00a0\u00bb.<\/p>\n<h3>Ant\u00f3nio Costa d\u00e9missionne \u00ab\u00a0\u00e9videmment\u00a0\u00bb ?<\/h3>\n<p>Ant\u00f3nio Costa a demand\u00e9 aujourd&rsquo;hui au Pr\u00e9sident de la R\u00e9publique de d\u00e9missionner de son poste de Premier ministre, a-t-il annonc\u00e9 dans une communication au pays.<\/p>\n<p>\u00ab\u00a0La dignit\u00e9 des fonctions du Premier ministre n&rsquo;est compatible avec aucun soup\u00e7on sur son int\u00e9grit\u00e9\u00a0\u00bb, a-t-il d\u00e9clar\u00e9. (<strong>Diario de Noticias &amp; Ag.Lusa)<\/strong><\/p>\n","protected":false},"excerpt":{"rendered":"<p>Le chef de cabinet du Premier ministre, V\u00edtor Esc\u00e1ria, le maire de Sines, Nuno Mascarenhas, deux administrateurs de l&rsquo;entreprise Start Campus et un consultant tr\u00e8s proche d&rsquo;Ant\u00f3nio Costa, ont \u00e9t\u00e9 arr\u00eat\u00e9s dans le cadre de l&rsquo;enqu\u00eate sur le secteur du lithium et de l&rsquo;hydrog\u00e8ne vert. Ce mardi, le PSP a effectu\u00e9 des perquisitions \u00e0 la [&hellip;]<\/p>\n","protected":false},"author":1,"featured_media":7223,"comment_status":"open","ping_status":"closed","sticky":false,"template":"","format":"standard","meta":{"footnotes":""},"categories":[3],"tags":[370,299,2812,2895],"class_list":["post-11994","post","type-post","status-publish","format-standard","has-post-thumbnail","hentry","category-portugal","tag-antonio-costa","tag-corruption","tag-corruption-au-portugal","tag-portugal-perquisitions-a-sao-bento"],"aioseo_notices":[],"_links":{"self":[{"href":"https:\/\/www.culturalusa.com\/news\/wp-json\/wp\/v2\/posts\/11994","targetHints":{"allow":["GET"]}}],"collection":[{"href":"https:\/\/www.culturalusa.com\/news\/wp-json\/wp\/v2\/posts"}],"about":[{"href":"https:\/\/www.culturalusa.com\/news\/wp-json\/wp\/v2\/types\/post"}],"author":[{"embeddable":true,"href":"https:\/\/www.culturalusa.com\/news\/wp-json\/wp\/v2\/users\/1"}],"replies":[{"embeddable":true,"href":"https:\/\/www.culturalusa.com\/news\/wp-json\/wp\/v2\/comments?post=11994"}],"version-history":[{"count":4,"href":"https:\/\/www.culturalusa.com\/news\/wp-json\/wp\/v2\/posts\/11994\/revisions"}],"predecessor-version":[{"id":11998,"href":"https:\/\/www.culturalusa.com\/news\/wp-json\/wp\/v2\/posts\/11994\/revisions\/11998"}],"wp:featuredmedia":[{"embeddable":true,"href":"https:\/\/www.culturalusa.com\/news\/wp-json\/wp\/v2\/media\/7223"}],"wp:attachment":[{"href":"https:\/\/www.culturalusa.com\/news\/wp-json\/wp\/v2\/media?parent=11994"}],"wp:term":[{"taxonomy":"category","embeddable":true,"href":"https:\/\/www.culturalusa.com\/news\/wp-json\/wp\/v2\/categories?post=11994"},{"taxonomy":"post_tag","embeddable":true,"href":"https:\/\/www.culturalusa.com\/news\/wp-json\/wp\/v2\/tags?post=11994"}],"curies":[{"name":"wp","href":"https:\/\/api.w.org\/{rel}","templated":true}]}}