{"id":12000,"date":"2023-11-12T16:40:52","date_gmt":"2023-11-12T15:40:52","guid":{"rendered":"https:\/\/www.culturalusa.com\/news\/?p=12000"},"modified":"2023-11-12T16:40:52","modified_gmt":"2023-11-12T15:40:52","slug":"plusieurs-milliers-de-francais-rassembles-aux-marches-contre-lantisemitisme","status":"publish","type":"post","link":"https:\/\/www.culturalusa.com\/news\/politique\/plusieurs-milliers-de-francais-rassembles-aux-marches-contre-lantisemitisme\/","title":{"rendered":"Plusieurs milliers de Fran\u00e7ais rassembl\u00e9s aux marches contre l&rsquo;antis\u00e9mitisme"},"content":{"rendered":"<div id=\"\" class=\"text-color text-font block-html mb-4\">\n<h2>Des milliers des personnes \u00e9taient rassembl\u00e9es contre l&rsquo;antis\u00e9mitisme dimanche dans plusieurs grandes villes, avant la \u00ab\u00a0marche civique\u00a0\u00bb organis\u00e9e dans l&rsquo;apr\u00e8s-midi \u00e0 Paris, en pr\u00e9sence d&rsquo;une bonne partie de la classe politique fran\u00e7aise, mais sans le chef de l&rsquo;Etat ni l&rsquo;opposition de gauche radicale.<\/h2>\n<p>Les premiers rassemblements dans la matin\u00e9e ont r\u00e9uni 3.000 personnes \u00e0 Lyon, autant \u00e0 Nice, \u00e9galement quelques milliers \u00e0 Strasbourg, autour d&rsquo;un m\u00eame mot d&rsquo;ordre: \u00ab\u00a0pour la R\u00e9publique, contre l&rsquo;antis\u00e9mitisme\u00a0\u00bb.<\/p>\n<p>Un message qui figurera aussi sur la banderole en t\u00eate du cort\u00e8ge parisien, qui s&rsquo;\u00e9lancera \u00e0 15H00 de l&rsquo;esplanade des Invalides, pr\u00e8s de l&rsquo;Assembl\u00e9e nationale, en direction du jardin du Luxembourg, non loin du S\u00e9nat.<\/p>\n<p>Une heure avant le d\u00e9part, de nombreux drapeaux tricolores \u00e9taient d\u00e9j\u00e0 visibles dans la foule, avec tr\u00e8s peu de pancartes.<\/p>\n<p>Parcours symbolique d\u00e9cid\u00e9 par les deux t\u00eates du Parlement, Ya\u00ebl Braun-Pivet et G\u00e9rard Larcher, \u00e0 l&rsquo;initiative de cette marche, qui se veut une r\u00e9ponse \u00e0 l&rsquo;explosion du nombre d&rsquo;actes hostiles aux juifs depuis les massacres du Hamas en Isra\u00ebl le 7 octobre et la riposte militaire massive qui a suivi.<\/p>\n<p>Une cause pour laquelle \u00ab\u00a0tout le monde devrait se sentir concern\u00e9\u00a0\u00bb, a jug\u00e9 sur Radio J le grand rabbin de France Ha\u00efm Korsia, regrettant que le sujet ait tourn\u00e9 au pugilat politique, \u00ab\u00a0une honte\u00a0\u00bb selon lui.<\/p>\n<p>\u00ab\u00a0Les postures n&rsquo;ont pas leur place\u00a0\u00bb dans cette manifestation, a mis en garde Elisabeth Borne dans un tweet dimanche matin, ciblant \u00e0 la fois la gauche radicale de La France insoumise dont \u00ab\u00a0l&rsquo;absence parle d&rsquo;elle-m\u00eame\u00a0\u00bb, et l&rsquo;extr\u00eame droite du Rassemblement national dont \u00ab\u00a0la pr\u00e9sence ne trompe personne\u00a0\u00bb.<\/p>\n<p>La Premi\u00e8re ministre, dont le p\u00e8re de confession juive a \u00e9t\u00e9 d\u00e9port\u00e9, d\u00e9filera au premier rang du cort\u00e8ge parisien, dans un carr\u00e9 de t\u00eate r\u00e9unissant des personnalit\u00e9s \u00ab\u00a0incarnant\u00a0\u00bb la R\u00e9publique, comme les ex-pr\u00e9sidents Fran\u00e7ois Hollande et Nicolas Sarkozy et d&rsquo;anciens chefs de gouvernement, mais \u00ab\u00a0pas de chefs de parti\u00a0\u00bb.<\/p>\n<p>Environ 25 ministres devraient \u00e9galement manifester dimanche \u00e0 Paris et une dizaine en province, selon Matignon. Des c\u00e9l\u00e9brit\u00e9s comme la r\u00e9alisatrice Dani\u00e8le Thompson, le m\u00e9decin Michel Cymes ou le footballeur Lilian Thuram ont aussi annonc\u00e9 leur participation dans La Tribune Dimanche.<\/p>\n<h3>\u00a0Macron absent<\/h3>\n<p>Emmanuel Macron, lui, n&rsquo;y sera pas. Le pr\u00e9sident de la R\u00e9publique s&rsquo;est adress\u00e9 aux Fran\u00e7ais samedi soir, par le biais d&rsquo;une lettre publi\u00e9e par le journal Le Parisien. Il y a d\u00e9plor\u00e9 \u00ab\u00a0l&rsquo;insupportable r\u00e9surgence d&rsquo;un antis\u00e9mitisme d\u00e9brid\u00e9\u00a0\u00bb.<\/p>\n<p>\u00ab\u00a0Une France o\u00f9 nos concitoyens juifs ont peur n&rsquo;est pas la France\u00a0\u00bb, a-t-il \u00e9crit, en lan\u00e7ant un appel \u00e0 l&rsquo;unit\u00e9 de la France \u00ab\u00a0derri\u00e8re ses valeurs, son universalisme\u00a0\u00bb.<\/p>\n<p>Mais cette marche parisienne et les manifestations organis\u00e9es en province sont loin de refl\u00e9ter une union nationale. Leur pr\u00e9paration a donn\u00e9 lieu \u00e0 une f\u00e9roce bataille politique sur la pr\u00e9sence dans le d\u00e9fil\u00e9 du Rassemblement national (RN) et de l&rsquo;autre parti d&rsquo;extr\u00eame droite Reconqu\u00eate!.<\/p>\n<p>La participation du RN de Marine Le Pen, \u00ab\u00a0un parti politique cr\u00e9\u00e9 par les h\u00e9ritiers de Vichy\u00a0\u00bb, ce n&rsquo;est \u00ab\u00a0pas de l&rsquo;unit\u00e9 mais de l&rsquo;ind\u00e9cence\u00a0\u00bb, a ainsi jug\u00e9 le porte-parole du gouvernement, Olivier V\u00e9ran, dans Le Parisien.<\/p>\n<p>\u00ab\u00a0Est-ce si difficile de faire une pause devant le sujet qui doit nous r\u00e9unir?\u00a0\u00bb, a r\u00e9pliqu\u00e9 Marine Le Pen, dans un entretien au Journal du dimanche o\u00f9 elle affirme qu&rsquo;il \u00ab\u00a0ne peut exister en mati\u00e8re d&rsquo;antis\u00e9mitisme aucune ambigu\u00eft\u00e9\u00a0\u00bb. Expression jug\u00e9e sinc\u00e8re par l&rsquo;ex-pr\u00e9sident Nicolas Sarkozy, qui \u00ab\u00a0pr\u00eate a priori un engagement de bonne foi\u00a0\u00bb \u00e0 la cheffe de file des d\u00e9put\u00e9s RN.<\/p>\n<h3>\u00a0\u00ab\u00a0Fauteurs de haine\u00a0\u00bb<\/h3>\n<p>A l&rsquo;inverse, la France insoumise de Jean-Luc M\u00e9lenchon, accus\u00e9 d&rsquo;ambivalences sur l&rsquo;antis\u00e9mitisme, boycotte la manifestation du fait de la pr\u00e9sence du RN, m\u00eame si des Insoumis devraient se ranger derri\u00e8re d&rsquo;autres initiatives dimanche, \u00e0 Paris ou en province.<\/p>\n<p>Dans la capitale, le d\u00e9p\u00f4t de gerbe organis\u00e9 par le parti de gauche radicale pr\u00e8s de l&#8217;emplacement de l&rsquo;ancien Vel d&rsquo;Hiv a \u00e9t\u00e9 perturb\u00e9 par un groupe de contre-manifestants arborant des pancartes \u00ab\u00a0Touche pas \u00e0 la m\u00e9moire\u00a0\u00bb, aux cris de \u00ab\u00a0collabos\u00a0\u00bb. L&rsquo;oeuvre d'\u00a0\u00bbune dizaine d&rsquo;excit\u00e9s\u00a0\u00bb, a r\u00e9agi la cheffe des d\u00e9put\u00e9s LFI, Mathilde Panot.<\/p>\n<p>Dans ce climat tendu, un important dispositif de s\u00e9curit\u00e9 sera d\u00e9ploy\u00e9 avec \u00ab\u00a0plus de 3.000 policiers et gendarmes\u00a0\u00bb ainsi que \u00ab\u00a0des unit\u00e9s d&rsquo;\u00e9lite mobilis\u00e9es\u00a0\u00bb, selon le ministre de l&rsquo;Int\u00e9rieur G\u00e9rald Darmanin.<\/p>\n<p>Les partis de gauche Europe Ecologie-Les Verts, PS et PCF ainsi que des associations de d\u00e9fense des droits humains et des organisations de jeunesse d\u00e9fileront derri\u00e8re une banderole commune \u00ab\u00a0contre l&rsquo;antis\u00e9mitisme et tous les fauteurs de haine et de racisme\u00a0\u00bb dans une d\u00e9marche de \u00ab\u00a0cordon r\u00e9publicain\u00a0\u00bb face \u00e0 l&rsquo;extr\u00eame droite.<\/p>\n<p>La manifestation devrait \u00eatre silencieuse. Aucune prise de parole n&rsquo;est pr\u00e9vue dans le cort\u00e8ge.<\/p>\n<p>De nombreux repr\u00e9sentants des cultes seront aussi pr\u00e9sents, mais peu de responsables musulmans. Plusieurs organisations ont en effet d\u00e9plor\u00e9 que l&rsquo;appel \u00e0 manifester ne comporte \u00ab\u00a0pas un mot sur l&rsquo;islamophobie\u00a0\u00bb et point\u00e9 \u00ab\u00a0les amalgames\u00a0\u00bb entre islam et antis\u00e9mitisme.<\/p>\n<\/div>\n","protected":false},"excerpt":{"rendered":"<p>Des milliers des personnes \u00e9taient rassembl\u00e9es contre l&rsquo;antis\u00e9mitisme dimanche dans plusieurs grandes villes, avant la \u00ab\u00a0marche civique\u00a0\u00bb organis\u00e9e dans l&rsquo;apr\u00e8s-midi \u00e0 Paris, en pr\u00e9sence d&rsquo;une bonne partie de la classe politique fran\u00e7aise, mais sans le chef de l&rsquo;Etat ni l&rsquo;opposition de gauche radicale. Les premiers rassemblements dans la matin\u00e9e ont r\u00e9uni 3.000 personnes \u00e0 Lyon, [&hellip;]<\/p>\n","protected":false},"author":1,"featured_media":12002,"comment_status":"open","ping_status":"closed","sticky":false,"template":"","format":"standard","meta":{"footnotes":""},"categories":[1494],"tags":[2897,2896],"class_list":["post-12000","post","type-post","status-publish","format-standard","has-post-thumbnail","hentry","category-politique","tag-marche-civique","tag-marches-contre-lantisemitisme"],"aioseo_notices":[],"_links":{"self":[{"href":"https:\/\/www.culturalusa.com\/news\/wp-json\/wp\/v2\/posts\/12000","targetHints":{"allow":["GET"]}}],"collection":[{"href":"https:\/\/www.culturalusa.com\/news\/wp-json\/wp\/v2\/posts"}],"about":[{"href":"https:\/\/www.culturalusa.com\/news\/wp-json\/wp\/v2\/types\/post"}],"author":[{"embeddable":true,"href":"https:\/\/www.culturalusa.com\/news\/wp-json\/wp\/v2\/users\/1"}],"replies":[{"embeddable":true,"href":"https:\/\/www.culturalusa.com\/news\/wp-json\/wp\/v2\/comments?post=12000"}],"version-history":[{"count":2,"href":"https:\/\/www.culturalusa.com\/news\/wp-json\/wp\/v2\/posts\/12000\/revisions"}],"predecessor-version":[{"id":12003,"href":"https:\/\/www.culturalusa.com\/news\/wp-json\/wp\/v2\/posts\/12000\/revisions\/12003"}],"wp:featuredmedia":[{"embeddable":true,"href":"https:\/\/www.culturalusa.com\/news\/wp-json\/wp\/v2\/media\/12002"}],"wp:attachment":[{"href":"https:\/\/www.culturalusa.com\/news\/wp-json\/wp\/v2\/media?parent=12000"}],"wp:term":[{"taxonomy":"category","embeddable":true,"href":"https:\/\/www.culturalusa.com\/news\/wp-json\/wp\/v2\/categories?post=12000"},{"taxonomy":"post_tag","embeddable":true,"href":"https:\/\/www.culturalusa.com\/news\/wp-json\/wp\/v2\/tags?post=12000"}],"curies":[{"name":"wp","href":"https:\/\/api.w.org\/{rel}","templated":true}]}}