{"id":12004,"date":"2023-11-13T19:05:47","date_gmt":"2023-11-13T18:05:47","guid":{"rendered":"https:\/\/www.culturalusa.com\/news\/?p=12004"},"modified":"2023-11-13T19:09:08","modified_gmt":"2023-11-13T18:09:08","slug":"royaume-uni-est-en-difficultes-rishi-sunak-rappelle-david-cameron-au-gouvernement","status":"publish","type":"post","link":"https:\/\/www.culturalusa.com\/news\/monde\/royaume-uni-est-en-difficultes-rishi-sunak-rappelle-david-cameron-au-gouvernement\/","title":{"rendered":"Royaume-Uni est en difficult\u00e9s, Rishi Sunak rappelle David Cameron au gouvernement"},"content":{"rendered":"<h2>A la peine dans les sondages \u00e0 quelques mois des \u00e9lections, le Premier ministre britannique Rishi Sunak a cr\u00e9\u00e9 la surprise en rappelant au gouvernement son pr\u00e9d\u00e9cesseur David Cameron, l&rsquo;homme du r\u00e9f\u00e9rendum du Brexit, comme chef de la diplomatie.<\/h2>\n<p>Attendu depuis des mois, un changement du gouvernement conservateur semblait in\u00e9luctable pour renvoyer la tr\u00e8s \u00e0 droite ministre de l&rsquo;Int\u00e9rieur Suella Braverman, dont les critiques formul\u00e9es \u00e0 l&rsquo;encontre de la police la semaine derni\u00e8re ont constitu\u00e9 la provocation de trop.<\/p>\n<p>Mais personne n&rsquo;avait vu venir le retour au premier plan, \u00e0 57 ans, de David Cameron, qui avait convoqu\u00e9 le r\u00e9f\u00e9rendum du Brexit et milit\u00e9 pour le maintien dans l&rsquo;Union europ\u00e9enne, son \u00e9chec plongeant son parti et le Royaume-Uni dans plusieurs ann\u00e9es de d\u00e9chirements.<\/p>\n<p>Celui qui a \u00e9t\u00e9 Premier ministre de 2010 \u00e0 2016 a dit vouloir mettre son exp\u00e9rience au service des \u00ab\u00a0d\u00e9fis vitaux\u00a0\u00bb du moment, citant \u00ab\u00a0la guerre en Ukraine et la crise au Moyen-Orient\u00a0\u00bb.<\/p>\n<p>\u00ab\u00a0J&rsquo;ai \u00e9t\u00e9 en d\u00e9saccord avec certaines d\u00e9cisions particuli\u00e8res mais la politique est un travail d&rsquo;\u00e9quipe (&#8230;) et je pense que Rishi Sunak est un bon Premier ministre qui fait un travail difficile dans une p\u00e9riode difficile\u00a0\u00bb, a-t-il justifi\u00e9 sur les t\u00e9l\u00e9visions.<\/p>\n<h3>\u00a0Recentrage ?<\/h3>\n<p>Arriv\u00e9 \u00e0 Downing Street depuis un peu plus d&rsquo;un an, apr\u00e8s les scandales de l&rsquo;\u00e8re Boris Johnson puis l&rsquo;\u00e9ph\u00e9m\u00e8re Liz Truss, Rishi Sunak, un ex-banquier d&rsquo;affaires de 43 ans, avait besoin de marquer les esprits pour tenter de se relancer.<\/p>\n<p>A l&rsquo;approche des l\u00e9gislatives pr\u00e9vues au plus tard en janvier 2025, son parti, au pouvoir depuis pr\u00e8s de 14 ans, est tr\u00e8s largement distanc\u00e9 dans les sondages par les travaillistes, dans un contexte \u00e9conomique morose.<\/p>\n<p>Le renvoi de Suella Braverman, figure de l&rsquo;aile droite de la majorit\u00e9 aux ambitions politiques affich\u00e9es, risque cependant de renforcer les divisions internes au sein de la majorit\u00e9. Et ce d&rsquo;autant plus que le retour de David Cameron semble marquer un rencentrage, tranchant avec certaines prises de position r\u00e9centes de Rishi Sunak en direction des ultraconservateurs et sa tentative d&rsquo;incarner le changement.<\/p>\n<p>David Cameron \u00ab\u00a0a de l&rsquo;exp\u00e9rience (&#8230;) mais je ne pense pas que ce soit le meilleur choix pour l&rsquo;opinion publique\u00a0\u00bb, estime Alice Kristiansen, 24 ans, interrog\u00e9e par l&rsquo;AFP dans les rues de Londres. \u00ab\u00a0Il repr\u00e9sente trop le pass\u00e9 et il n&rsquo;a pas laiss\u00e9 une bonne situation pour les Tories\u00a0\u00bb.<\/p>\n<p>\u00ab\u00a0C&rsquo;est une personnalit\u00e9 s\u00fbre pour un travail temporaire\u00a0\u00bb, tranche Matt Evans, 50 ans. \u00ab\u00a0Je ne pense pas que quiconque estime r\u00e9aliste que (les conservateurs) restent au pouvoir apr\u00e8s les prochaines \u00e9lections.\u00a0\u00bb<\/p>\n<p>Avec David Cameron, Rishi Sunak \u00ab\u00a0veut quelqu&rsquo;un avec une certaine influence sur la sc\u00e8ne internationale\u00a0\u00bb, rel\u00e8ve Tim Bale, politologue \u00e0 la Queen Mary University de Londres. Cet expert, interrog\u00e9 par l&rsquo;AFP, y voit une tentative de \u00ab\u00a0distraction\u00a0\u00bb de la crise entourant Mme Braverman et de s\u00e9duire l&rsquo;\u00e9lectorat centriste mais se dit \u00ab\u00a0tr\u00e8s sceptique\u00a0\u00bb quant au succ\u00e8s de la manoeuvre: \u00ab\u00a0Cela semble d\u00e9sesp\u00e9r\u00e9.\u00a0\u00bb<\/p>\n<h3>\u00a0Politique controvers\u00e9e<\/h3>\n<p>Les \u00e9v\u00e9nements se sont pr\u00e9cipit\u00e9s la semaine derni\u00e8re lorsque Suella Braverman, connue pour ses d\u00e9clarations outranci\u00e8res, a critiqu\u00e9 la police de Londres dans une tribune au Times, lui reprochant d&rsquo;autoriser la marche pro-palestinienne qui s&rsquo;est tenue samedi et l&rsquo;accusant de partialit\u00e9.<\/p>\n<p>L&rsquo;article n&rsquo;avait pas re\u00e7u le feu vert de Downing Street, contrairement aux r\u00e8gles habituelles.<\/p>\n<p>Ces d\u00e9clarations controvers\u00e9es s&rsquo;ajoutaient \u00e0 une s\u00e9rie de pol\u00e9miques ces derniers mois: elle a qualifi\u00e9 les arriv\u00e9es de r\u00e9fugi\u00e9s d'\u00a0\u00bbinvasion\u00a0\u00bb et avait plus r\u00e9cemment estim\u00e9 que certains sans-abri dormaient dans des tentes conform\u00e9ment \u00e0 un \u00ab\u00a0mode de vie choisi\u00a0\u00bb.<\/p>\n<p>Son d\u00e9part a lanc\u00e9 un grand jeu de chaises musicales suppl\u00e9mentaire, apr\u00e8s des ann\u00e9es d&rsquo;instabilit\u00e9 constante au pouvoir. Ont chang\u00e9 les ministres de l&rsquo;Environnement ou encore de la Sant\u00e9.<\/p>\n<p>Au Home Office, Suella Braverman est remplac\u00e9e par l&rsquo;ex-chef de la diplomatie James Cleverly, qui lui-m\u00eame a c\u00e9d\u00e9 sa place \u00e0 David Cameron.<\/p>\n<p>Il s&rsquo;agit d&rsquo;un poste crucial alors que le gouvernement de Rishi Sunak a \u00e9rig\u00e9 en priorit\u00e9 la lutte contre les arriv\u00e9es de migrants par la Manche sur des embarcations de fortune.<\/p>\n<p>James Cleverly devra assumer une politique tr\u00e8s restrictive sur le droit d&rsquo;asile ainsi que le projet britannique critiqu\u00e9 par l&rsquo;ONU de renvoyer les migrants ill\u00e9gaux, peu importe d&rsquo;o\u00f9 ils viennent, vers le Rwanda. Cette mesure va conna\u00eetre un test cl\u00e9 mercredi lorsque la Cour supr\u00eame se prononcera sur sa validit\u00e9. (AFP)<\/p>\n","protected":false},"excerpt":{"rendered":"<p>A la peine dans les sondages \u00e0 quelques mois des \u00e9lections, le Premier ministre britannique Rishi Sunak a cr\u00e9\u00e9 la surprise en rappelant au gouvernement son pr\u00e9d\u00e9cesseur David Cameron, l&rsquo;homme du r\u00e9f\u00e9rendum du Brexit, comme chef de la diplomatie. Attendu depuis des mois, un changement du gouvernement conservateur semblait in\u00e9luctable pour renvoyer la tr\u00e8s \u00e0 [&hellip;]<\/p>\n","protected":false},"author":1,"featured_media":12005,"comment_status":"open","ping_status":"closed","sticky":false,"template":"","format":"standard","meta":{"footnotes":""},"categories":[1372],"tags":[190,2492,453,2898],"class_list":["post-12004","post","type-post","status-publish","format-standard","has-post-thumbnail","hentry","category-monde","tag-david-cameron","tag-rishi-sunak","tag-royaume-uni","tag-royaume-uni-est-en-difficultes"],"aioseo_notices":[],"_links":{"self":[{"href":"https:\/\/www.culturalusa.com\/news\/wp-json\/wp\/v2\/posts\/12004","targetHints":{"allow":["GET"]}}],"collection":[{"href":"https:\/\/www.culturalusa.com\/news\/wp-json\/wp\/v2\/posts"}],"about":[{"href":"https:\/\/www.culturalusa.com\/news\/wp-json\/wp\/v2\/types\/post"}],"author":[{"embeddable":true,"href":"https:\/\/www.culturalusa.com\/news\/wp-json\/wp\/v2\/users\/1"}],"replies":[{"embeddable":true,"href":"https:\/\/www.culturalusa.com\/news\/wp-json\/wp\/v2\/comments?post=12004"}],"version-history":[{"count":1,"href":"https:\/\/www.culturalusa.com\/news\/wp-json\/wp\/v2\/posts\/12004\/revisions"}],"predecessor-version":[{"id":12006,"href":"https:\/\/www.culturalusa.com\/news\/wp-json\/wp\/v2\/posts\/12004\/revisions\/12006"}],"wp:featuredmedia":[{"embeddable":true,"href":"https:\/\/www.culturalusa.com\/news\/wp-json\/wp\/v2\/media\/12005"}],"wp:attachment":[{"href":"https:\/\/www.culturalusa.com\/news\/wp-json\/wp\/v2\/media?parent=12004"}],"wp:term":[{"taxonomy":"category","embeddable":true,"href":"https:\/\/www.culturalusa.com\/news\/wp-json\/wp\/v2\/categories?post=12004"},{"taxonomy":"post_tag","embeddable":true,"href":"https:\/\/www.culturalusa.com\/news\/wp-json\/wp\/v2\/tags?post=12004"}],"curies":[{"name":"wp","href":"https:\/\/api.w.org\/{rel}","templated":true}]}}