{"id":12021,"date":"2023-11-28T18:32:12","date_gmt":"2023-11-28T17:32:12","guid":{"rendered":"https:\/\/www.culturalusa.com\/news\/?p=12021"},"modified":"2023-11-28T18:32:12","modified_gmt":"2023-11-28T17:32:12","slug":"la-finlande-va-fermer-totalement-sa-frontiere-avec-la-russie","status":"publish","type":"post","link":"https:\/\/www.culturalusa.com\/news\/monde\/la-finlande-va-fermer-totalement-sa-frontiere-avec-la-russie\/","title":{"rendered":"La Finlande va fermer totalement sa fronti\u00e8re avec la Russie"},"content":{"rendered":"<h2>La Finlande va fermer son dernier poste-frontalier encore ouvert avec la Russie dans la nuit de mercredi \u00e0 jeudi, accusant Moscou d&rsquo;orchestrer une \u00ab\u00a0attaque hybride\u00a0\u00bb en envoyant des migrants sans-papiers \u00e0 la fronti\u00e8re.<\/h2>\n<p>Pr\u00e8s de 1.000 demandeurs d&rsquo;asile sans-papiers se sont pr\u00e9sent\u00e9s depuis d\u00e9but ao\u00fbt \u00e0 la fronti\u00e8re Est longue de 1.340 kilom\u00e8tres s\u00e9parant les deux pays, selon les autorit\u00e9s finlandaises.<\/p>\n<p>\u00ab\u00a0Le ph\u00e9nom\u00e8ne observ\u00e9 ces derni\u00e8res semaines \u00e0 la fronti\u00e8re doit cesser\u00a0\u00bb, a dit mardi le Premier ministre Petteri Orpo, notant que \u00ab\u00a0la migration instrumentalis\u00e9e en provenance de Russie s&rsquo;est poursuivie\u00a0\u00bb.<\/p>\n<p>Helsinki avait ferm\u00e9 mi-novembre quatre de ses huit points de passage avec la Russie, avant de restreindre le passage \u00e0 un unique poste-frontalier, le plus au nord du pays en zone Arctique, la semaine derni\u00e8re.<\/p>\n<blockquote><p>\u00ab\u00a0La Finlande est la cible d&rsquo;une op\u00e9ration hybride russe. C&rsquo;est une question de s\u00e9curit\u00e9 nationale\u00a0\u00bb, a soulign\u00e9 la ministre de l&rsquo;Int\u00e9rieur, Mari Rantanen.<\/p><\/blockquote>\n<p>Le poste-fronti\u00e8re de Raja-Jooseppi restera ferm\u00e9 jusqu&rsquo;au 13 d\u00e9cembre, a-t-elle indiqu\u00e9.<\/p>\n<p>Les demandeurs d&rsquo;asile devront demander une protection \u00ab\u00a0aux points de passage frontaliers ouverts pour le trafic a\u00e9rien et maritime\u00a0\u00bb, c&rsquo;est-\u00e0-dire les ports et a\u00e9roports, selon un communiqu\u00e9 du gouvernement.<\/p>\n<p>Cet afflux de migrants \u00ab\u00a0est une activit\u00e9 organis\u00e9e, pas une v\u00e9ritable urgence\u00a0\u00bb, selon le Premier ministre.<\/p>\n<p>\u00ab\u00a0La facilit\u00e9 avec laquelle les migrants ont atteint le passage frontalier \u00e9loign\u00e9 de Raja-Jooseppi est la preuve de cela\u00a0\u00bb, a-t-il ajout\u00e9.<\/p>\n<p>\u00ab\u00a0Ce n&rsquo;est pas seulement le nombre d&rsquo;arriv\u00e9es qui est en cause, mais le ph\u00e9nom\u00e8ne lui-m\u00eame\u00a0\u00bb, a d\u00e9clar\u00e9 M. Orpo.<\/p>\n<p>Les relations entre les deux voisins se sont consid\u00e9rablement d\u00e9t\u00e9rior\u00e9es depuis f\u00e9vrier 2022 et l&rsquo;offensive russe en Ukraine, une attaque qui a conduit la Finlande, inqui\u00e8te pour sa propre s\u00e9curit\u00e9, \u00e0 rejoindre l&rsquo;Otan en avril 2023.<\/p>\n<p>Moscou avait alors promis de prendre des \u00ab\u00a0contre-mesures\u00a0\u00bb apr\u00e8s cette adh\u00e9sion.<\/p>\n<h3>\u00ab\u00a0Ne venez-pas\u00a0\u00bb<\/h3>\n<p>D\u00e8s la semaine pass\u00e9e, le gouvernement finlandais avait envisag\u00e9 de fermer sa fronti\u00e8re mais la mesure avait alors \u00e9t\u00e9 jug\u00e9 disproportionn\u00e9e par l&rsquo;autorit\u00e9 charg\u00e9e du contr\u00f4le de la l\u00e9galit\u00e9 des mesures gouvernementales.<\/p>\n<p>La fronti\u00e8re peut \u00eatre ferm\u00e9e compl\u00e8tement dans des circonstances exceptionnelles mais cette fermeture doit \u00eatre proportionn\u00e9e et les demandeurs d&rsquo;asile doivent pouvoir d\u00e9poser leur demande.<\/p>\n<p>Cette fermeture est \u00ab\u00a0n\u00e9cessaire et proportionn\u00e9e\u00a0\u00bb, a assur\u00e9 le gouvernement dans son communiqu\u00e9.<\/p>\n<p>Interrog\u00e9 sur la prise en charge de migrants qui seraient laiss\u00e9s dans le froid devant les postes-fronti\u00e8res ferm\u00e9s, Orpo a r\u00e9pondu que \u00ab\u00a0sans le changement de politique des autorit\u00e9s russes, ce ph\u00e9nom\u00e8ne n&rsquo;existerait pas\u00a0\u00bb.<\/p>\n<p>\u00ab\u00a0Nous avons confiance dans le jugement des gardes-fronti\u00e8res et leur capacit\u00e9 \u00e0 r\u00e9pondre aux diff\u00e9rentes situations\u00a0\u00bb, a-t-il dit.<\/p>\n<p>La ministre de l&rsquo;Int\u00e9rieur a soulign\u00e9 que les migrants avaient \u00ab\u00a0la responsabilit\u00e9 de d\u00e9cider ou non de venir \u00e0 la fronti\u00e8re\u00a0\u00bb.<\/p>\n<p>\u00ab\u00a0Notre message est clair. Ne venez-pas. La fronti\u00e8re est ferm\u00e9e\u00a0\u00bb, a-t-elle dit.<\/p>\n<p>Les gardes-fronti\u00e8res ont soulign\u00e9 que la pression migratoire s&rsquo;\u00e9tait exerc\u00e9e jusque-l\u00e0 aux postes-fronti\u00e8res et non le long du reste de la fronti\u00e8re, dans les zones inhabit\u00e9es.<\/p>\n<p>Anticipant le recours de Moscou \u00e0 la pression migratoire, la Finlande a commenc\u00e9 \u00e0 construire une vaste cl\u00f4ture sur 200 km mais qui n&rsquo;est achev\u00e9e que sur trois kilom\u00e8tres.<\/p>\n<p>Orpo a dit souhaiter que la situation avec la Russie se normalise \u00ab\u00a0le plus vite possible\u00a0\u00bb.<\/p>\n<p>\u00ab\u00a0C&rsquo;est dans l&rsquo;int\u00e9r\u00eat de tous, dont la Russie\u00a0\u00bb, a-t-il ajout\u00e9.<\/p>\n","protected":false},"excerpt":{"rendered":"<p>La Finlande va fermer son dernier poste-frontalier encore ouvert avec la Russie dans la nuit de mercredi \u00e0 jeudi, accusant Moscou d&rsquo;orchestrer une \u00ab\u00a0attaque hybride\u00a0\u00bb en envoyant des migrants sans-papiers \u00e0 la fronti\u00e8re. Pr\u00e8s de 1.000 demandeurs d&rsquo;asile sans-papiers se sont pr\u00e9sent\u00e9s depuis d\u00e9but ao\u00fbt \u00e0 la fronti\u00e8re Est longue de 1.340 kilom\u00e8tres s\u00e9parant les [&hellip;]<\/p>\n","protected":false},"author":1,"featured_media":12022,"comment_status":"open","ping_status":"closed","sticky":false,"template":"","format":"standard","meta":{"footnotes":""},"categories":[1372],"tags":[132,2907],"class_list":["post-12021","post","type-post","status-publish","format-standard","has-post-thumbnail","hentry","category-monde","tag-finlande","tag-finlande-va-fermer-sa-frontiere-avec-la-russie"],"aioseo_notices":[],"_links":{"self":[{"href":"https:\/\/www.culturalusa.com\/news\/wp-json\/wp\/v2\/posts\/12021","targetHints":{"allow":["GET"]}}],"collection":[{"href":"https:\/\/www.culturalusa.com\/news\/wp-json\/wp\/v2\/posts"}],"about":[{"href":"https:\/\/www.culturalusa.com\/news\/wp-json\/wp\/v2\/types\/post"}],"author":[{"embeddable":true,"href":"https:\/\/www.culturalusa.com\/news\/wp-json\/wp\/v2\/users\/1"}],"replies":[{"embeddable":true,"href":"https:\/\/www.culturalusa.com\/news\/wp-json\/wp\/v2\/comments?post=12021"}],"version-history":[{"count":1,"href":"https:\/\/www.culturalusa.com\/news\/wp-json\/wp\/v2\/posts\/12021\/revisions"}],"predecessor-version":[{"id":12023,"href":"https:\/\/www.culturalusa.com\/news\/wp-json\/wp\/v2\/posts\/12021\/revisions\/12023"}],"wp:featuredmedia":[{"embeddable":true,"href":"https:\/\/www.culturalusa.com\/news\/wp-json\/wp\/v2\/media\/12022"}],"wp:attachment":[{"href":"https:\/\/www.culturalusa.com\/news\/wp-json\/wp\/v2\/media?parent=12021"}],"wp:term":[{"taxonomy":"category","embeddable":true,"href":"https:\/\/www.culturalusa.com\/news\/wp-json\/wp\/v2\/categories?post=12021"},{"taxonomy":"post_tag","embeddable":true,"href":"https:\/\/www.culturalusa.com\/news\/wp-json\/wp\/v2\/tags?post=12021"}],"curies":[{"name":"wp","href":"https:\/\/api.w.org\/{rel}","templated":true}]}}