{"id":12060,"date":"2023-12-15T14:13:33","date_gmt":"2023-12-15T13:13:33","guid":{"rendered":"https:\/\/www.culturalusa.com\/news\/?p=12060"},"modified":"2023-12-15T14:13:33","modified_gmt":"2023-12-15T13:13:33","slug":"agriculture-le-pacte-pour-faciliter-les-installations-et-les-transitions-ecologiques","status":"publish","type":"post","link":"https:\/\/www.culturalusa.com\/news\/technologie\/agriculture-le-pacte-pour-faciliter-les-installations-et-les-transitions-ecologiques\/","title":{"rendered":"Agriculture : le pacte pour faciliter les installations et les \u00ab\u00a0transitions \u00e9cologiques\u00a0\u00bb"},"content":{"rendered":"<h2>Le ministre de l&rsquo;Agriculture Marc Fesneau a pr\u00e9sent\u00e9 un pacte d&rsquo;orientation pour le renouvellement des g\u00e9n\u00e9rations en agriculture, destin\u00e9 \u00e0 faciliter le remplacement des nombreux exploitants partant bient\u00f4t \u00e0 la retraite et les transitions face au changement climatique.<\/h2>\n<p>R\u00e9sultat d&rsquo;une consultation lanc\u00e9e fin 2022, le Pacte pr\u00e9voit aussi bien des visites d&rsquo;\u00e9coliers dans les fermes que la cr\u00e9ation d&rsquo;un guichet unique pour les agriculteurs souhaitant s&rsquo;installer ou des mesures acc\u00e9l\u00e9rant la construction de b\u00e2timents d&rsquo;\u00e9levage.<\/p>\n<p>Il doit se d\u00e9cliner dans un \u00ab\u00a0projet de loi d&rsquo;orientation et d&rsquo;avenir\u00a0\u00bb pour l&rsquo;agriculture, cens\u00e9 \u00eatre examin\u00e9 au Parlement au premier trimestre, mais aussi dans des mesures r\u00e9glementaires et budg\u00e9taires.<\/p>\n<p>\u00ab\u00a0La souverainet\u00e9 (alimentaire), c&rsquo;est l&rsquo;objectif premier de ce Pacte\u00a0\u00bb, a r\u00e9sum\u00e9 le ministre depuis le lyc\u00e9e agricole d&rsquo;Yvetot en Seine-Maritime.<\/p>\n<p>\u00ab\u00a0Il nous faut aujourd&rsquo;hui relever deux d\u00e9fis urgents (&#8230;): le d\u00e9fi d\u00e9mographique et le d\u00e9fi climatique\u00a0\u00bb, a-t-il ajout\u00e9.<\/p>\n<p>Entre un tiers et la moiti\u00e9 des agriculteurs vont partir \u00e0 la retraite d&rsquo;ici 10 ans, fait valoir le minist\u00e8re.<\/p>\n<p>Dans le m\u00eame temps, ils doivent continuer \u00e0 produire en quantit\u00e9 et en qualit\u00e9 suffisantes sous les nouvelles contraintes climatiques tout en participant aux transitions \u00e9cologiques.<\/p>\n<h3>Le Pacte comprend quatre axes.<\/h3>\n<p>Le premier vise \u00e0 r\u00e9concilier l&rsquo;agriculture et la soci\u00e9t\u00e9 en facilitant par exemple la d\u00e9couverte des m\u00e9tiers du vivant via la d\u00e9couverte de fermes par des visites d&rsquo;\u00e9coliers ou des stages de coll\u00e9giens et lyc\u00e9ens.<\/p>\n<p>Le gouvernement veut aussi renforcer la confiance des consommateurs dans l&rsquo;alimentation en augmentant le nombre d&rsquo;inspections de s\u00e9curit\u00e9 sanitaire.<\/p>\n<p>Le deuxi\u00e8me axe veut \u00ab\u00a0faire \u00e9merger une nouvelle g\u00e9n\u00e9ration d&rsquo;agriculteurs \u00e0 l&rsquo;avant-garde des transitions \u00e9cologiques\u00a0\u00bb avec notamment l&rsquo;intervention dans l&rsquo;enseignement agricole d&rsquo;experts dans des domaines-cl\u00e9 comme l&rsquo;hydraulique ou la robotique et de nouveaux outils de formation continue.<\/p>\n<p>Le troisi\u00e8me axe \u00ab\u00a0a vocation \u00e0 reconcevoir les syst\u00e8mes de production \u00e0 l&rsquo;\u00e9chelle des exploitations\u00a0\u00bb avec l&rsquo;accompagnement des agriculteurs souhaitant s&rsquo;installer ou portant un projet de transition \u00e9cologique.<\/p>\n<p>Il passera principalement par la cr\u00e9ation de France Services Agriculture, une structure devant servir de guichet unique pour acc\u00e9der aux divers services de conseil et de formation.<\/p>\n<p>Cet axe inclut \u00e9galement le d\u00e9ploiement d\u00e8s 2024 d&rsquo;un fonds de garantie devant faciliter l&rsquo;octroi de deux milliards d&rsquo;euros de pr\u00eats, d\u00e9j\u00e0 annonc\u00e9.<\/p>\n<p>Les agriculteurs partant \u00e0 la retraire seront aussi incit\u00e9s, via des outils fiscaux, \u00e0 transmettre leur exploitation \u00e0 un repreneur plut\u00f4t qu&rsquo;\u00e0 un coll\u00e8gue souhaitant s&rsquo;agrandir.<\/p>\n<p>Le quatri\u00e8me axe du pacte vise \u00e0 reconcevoir les syst\u00e8mes de production mais cette fois-ci \u00e0 l&rsquo;\u00e9chelle des fili\u00e8res et des territoires.<\/p>\n<p>Le gouvernement souhaite par exemple faciliter des projets de b\u00e2timents d&rsquo;\u00e9levage ou de stockage de l&rsquo;eau en acc\u00e9l\u00e9rant le traitement des \u00e9ventuels contentieux, le minist\u00e8re envisageant une \u00ab\u00a0pr\u00e9somption d&rsquo;urgence\u00a0\u00bb et la suppression d&rsquo;un niveau de juridiction administrative.<\/p>\n<p>L&rsquo;axe pr\u00e9voit aussi un fonds &#8211; de 180 millions d&rsquo;euros en 2024 puis 200 millions en 2025 et 2026 -, pour accompagner la restructuration d&rsquo;une fili\u00e8re devant se transformer face au changement climatique.<\/p>\n","protected":false},"excerpt":{"rendered":"<p>Le ministre de l&rsquo;Agriculture Marc Fesneau a pr\u00e9sent\u00e9 un pacte d&rsquo;orientation pour le renouvellement des g\u00e9n\u00e9rations en agriculture, destin\u00e9 \u00e0 faciliter le remplacement des nombreux exploitants partant bient\u00f4t \u00e0 la retraite et les transitions face au changement climatique. R\u00e9sultat d&rsquo;une consultation lanc\u00e9e fin 2022, le Pacte pr\u00e9voit aussi bien des visites d&rsquo;\u00e9coliers dans les fermes [&hellip;]<\/p>\n","protected":false},"author":1,"featured_media":12061,"comment_status":"open","ping_status":"closed","sticky":false,"template":"","format":"standard","meta":{"footnotes":""},"categories":[6],"tags":[1769,394,2925],"class_list":["post-12060","post","type-post","status-publish","format-standard","has-post-thumbnail","hentry","category-technologie","tag-agriculture","tag-changement-climatique","tag-transitions-ecologiques"],"aioseo_notices":[],"_links":{"self":[{"href":"https:\/\/www.culturalusa.com\/news\/wp-json\/wp\/v2\/posts\/12060","targetHints":{"allow":["GET"]}}],"collection":[{"href":"https:\/\/www.culturalusa.com\/news\/wp-json\/wp\/v2\/posts"}],"about":[{"href":"https:\/\/www.culturalusa.com\/news\/wp-json\/wp\/v2\/types\/post"}],"author":[{"embeddable":true,"href":"https:\/\/www.culturalusa.com\/news\/wp-json\/wp\/v2\/users\/1"}],"replies":[{"embeddable":true,"href":"https:\/\/www.culturalusa.com\/news\/wp-json\/wp\/v2\/comments?post=12060"}],"version-history":[{"count":1,"href":"https:\/\/www.culturalusa.com\/news\/wp-json\/wp\/v2\/posts\/12060\/revisions"}],"predecessor-version":[{"id":12062,"href":"https:\/\/www.culturalusa.com\/news\/wp-json\/wp\/v2\/posts\/12060\/revisions\/12062"}],"wp:featuredmedia":[{"embeddable":true,"href":"https:\/\/www.culturalusa.com\/news\/wp-json\/wp\/v2\/media\/12061"}],"wp:attachment":[{"href":"https:\/\/www.culturalusa.com\/news\/wp-json\/wp\/v2\/media?parent=12060"}],"wp:term":[{"taxonomy":"category","embeddable":true,"href":"https:\/\/www.culturalusa.com\/news\/wp-json\/wp\/v2\/categories?post=12060"},{"taxonomy":"post_tag","embeddable":true,"href":"https:\/\/www.culturalusa.com\/news\/wp-json\/wp\/v2\/tags?post=12060"}],"curies":[{"name":"wp","href":"https:\/\/api.w.org\/{rel}","templated":true}]}}