{"id":12073,"date":"2023-12-21T17:34:36","date_gmt":"2023-12-21T16:34:36","guid":{"rendered":"https:\/\/www.culturalusa.com\/news\/?p=12073"},"modified":"2023-12-21T17:36:42","modified_gmt":"2023-12-21T16:36:42","slug":"pesticides-le-rapport-parlementaire-veut-faire-la-lumiere-sur-les-marges-des-fabricants","status":"publish","type":"post","link":"https:\/\/www.culturalusa.com\/news\/economie\/pesticides-le-rapport-parlementaire-veut-faire-la-lumiere-sur-les-marges-des-fabricants\/","title":{"rendered":"Pesticides : le rapport parlementaire veut faire la lumi\u00e8re sur les marges des fabricants"},"content":{"rendered":"<h2>Il serait \u00ab\u00a0utile\u00a0\u00bb de faire la lumi\u00e8re sur les marges des entreprises qui vendent des pesticides aux agriculteurs, estime une commission d&rsquo;enqu\u00eate parlementaire, sugg\u00e9rant qu&rsquo;elles r\u00e9alisent des \u00ab\u00a0marges ind\u00e9centes\u00a0\u00bb et devraient payer davantage d&rsquo;imp\u00f4ts.<\/h2>\n<p>Les conclusions de cette commission avaient \u00e9t\u00e9 pr\u00e9sent\u00e9es \u00e0 grands traits la semaine derni\u00e8re par son rapporteur, le d\u00e9put\u00e9 socialiste Dominique Potier.<\/p>\n<blockquote><p>Il avait d\u00e9crit \u00ab\u00a0un arch\u00e9type d&rsquo;un \u00e9chec des politiques publiques\u00a0\u00bb \u00e0 affranchir les agriculteurs de leur d\u00e9pendance aux herbicides, fongicides et insecticides de synth\u00e8se.<\/p><\/blockquote>\n<p>Le rapport complet, de pr\u00e8s de 300 pages, a \u00e9t\u00e9 publi\u00e9 jeudi. Il formule 26 recommandations, dont celle de \u00ab\u00a0sanctuariser les captages pour l&rsquo;alimentation en eau potable\u00a0\u00bb en ouvrant notamment la possibilit\u00e9 d&rsquo;exproprier un exploitant pour arr\u00eater la contamination de la ressource par des r\u00e9sidus de pesticides.<\/p>\n<p>Le rapport pr\u00e9conise \u00e9galement de lever le voile sur l'\u00a0\u00bbangle mort\u00a0\u00bb des co\u00fbts de production des fournisseurs des agriculteurs: fabricants de machines, d&rsquo;engrais et de pesticides.<\/p>\n<p>\u00ab\u00a0Tout laisse \u00e0 penser que, par diff\u00e9rents biais, ce secteur n&rsquo;est pas exempt de marges ind\u00e9centes et de profits d&rsquo;opportunit\u00e9\u00a0\u00bb, est-il soulign\u00e9.<\/p>\n<p>Le rapporteur Dominique Potier indique s&rsquo;\u00eatre rendu en novembre au minist\u00e8re de l&rsquo;Economie pour jauger la contribution \u00e0 la fiscalit\u00e9 nationale des producteurs de produits phytosanitaires &#8211; dont les g\u00e9ants Syngenta, Bayer, Corteva et BASF.<\/p>\n<p>\u00ab\u00a0Les contr\u00f4les (&#8230;) m&rsquo;ont laiss\u00e9 pantois: payer 110 millions d&rsquo;euros d&rsquo;imp\u00f4t sur les soci\u00e9t\u00e9s pour 2,4 milliards d&rsquo;euros de chiffre d&rsquo;affaires suppose, soit une tr\u00e8s faible rentabilit\u00e9, soit un transfert de co\u00fbts massif (une pratique visant \u00e0 r\u00e9duire la base imposable, NDLR). Je vous laisse imaginer l&rsquo;hypoth\u00e8se qui est la mienne\u00a0\u00bb, a-t-il d\u00e9clar\u00e9 aux autres membres de la commission, selon un compte-rendu annex\u00e9 au rapport.<\/p>\n<p>\u00ab\u00a0En outre, la moiti\u00e9 de ces imp\u00f4ts est r\u00e9cup\u00e9r\u00e9e (par les entreprises) sous forme de cr\u00e9dit d&rsquo;imp\u00f4t recherche (CIR) dont l&rsquo;usage n&rsquo;est pas orient\u00e9 &#8211; on ignore s&rsquo;il va \u00eatre consacr\u00e9 \u00e0 des mol\u00e9cules douteuses ou vraiment int\u00e9ressantes d&rsquo;un point de vue technoscientifique\u00a0\u00bb, a ajout\u00e9 le d\u00e9put\u00e9 de Meurthe-et-Moselle.<\/p>\n<p>\u00ab\u00a0On peut tout de m\u00eame s&rsquo;interroger sur les marges b\u00e9n\u00e9ficiaires et la fiscalit\u00e9 des grands groupes qui r\u00e9alisent 90% du commerce de la phytopharmacie dans notre pays, quand on voit qu&rsquo;ils ne paient en d\u00e9finitive qu&rsquo;un peu moins de 60 millions d&rsquo;imp\u00f4t sur les soci\u00e9t\u00e9s\u00a0\u00bb, a-t-il insist\u00e9.<\/p>\n<p>Sollicit\u00e9e par l&rsquo;AFP, l&rsquo;organisation fran\u00e7aise repr\u00e9sentant les fabricants de pesticides, Phyteis, a indiqu\u00e9 ne pas pouvoir commenter des informations en lien avec \u00ab\u00a0la pratique commerciale ou la situation fiscale de ses adh\u00e9rents, et ce, conform\u00e9ment aux r\u00e8gles relatives \u00e0 la concurrence\u00a0\u00bb.<\/p>\n<p>La commission d&rsquo;enqu\u00eate, \u00e0 l&rsquo;initiative du groupe socialistes et apparent\u00e9s, avait d\u00e9but\u00e9 ses travaux en juillet. Le rapport a \u00e9t\u00e9 adopt\u00e9 le 14 d\u00e9cembre par dix voix pour, quatre abstentions (LFI, Renaissance) et quatre contre (RN). (AFP)<\/p>\n","protected":false},"excerpt":{"rendered":"<p>Il serait \u00ab\u00a0utile\u00a0\u00bb de faire la lumi\u00e8re sur les marges des entreprises qui vendent des pesticides aux agriculteurs, estime une commission d&rsquo;enqu\u00eate parlementaire, sugg\u00e9rant qu&rsquo;elles r\u00e9alisent des \u00ab\u00a0marges ind\u00e9centes\u00a0\u00bb et devraient payer davantage d&rsquo;imp\u00f4ts. Les conclusions de cette commission avaient \u00e9t\u00e9 pr\u00e9sent\u00e9es \u00e0 grands traits la semaine derni\u00e8re par son rapporteur, le d\u00e9put\u00e9 socialiste Dominique [&hellip;]<\/p>\n","protected":false},"author":1,"featured_media":12074,"comment_status":"open","ping_status":"closed","sticky":false,"template":"","format":"standard","meta":{"footnotes":""},"categories":[1],"tags":[1097,1937,2929,2931,2930,2932,1771,2928],"class_list":["post-12073","post","type-post","status-publish","format-standard","has-post-thumbnail","hentry","category-economie","tag-agriculteurs","tag-alimentation","tag-entreprises-qui-vendent-des-pesticides","tag-fongicides","tag-herbicides","tag-insecticides","tag-pesticides","tag-pesticides-aux-agriculteurs"],"aioseo_notices":[],"_links":{"self":[{"href":"https:\/\/www.culturalusa.com\/news\/wp-json\/wp\/v2\/posts\/12073","targetHints":{"allow":["GET"]}}],"collection":[{"href":"https:\/\/www.culturalusa.com\/news\/wp-json\/wp\/v2\/posts"}],"about":[{"href":"https:\/\/www.culturalusa.com\/news\/wp-json\/wp\/v2\/types\/post"}],"author":[{"embeddable":true,"href":"https:\/\/www.culturalusa.com\/news\/wp-json\/wp\/v2\/users\/1"}],"replies":[{"embeddable":true,"href":"https:\/\/www.culturalusa.com\/news\/wp-json\/wp\/v2\/comments?post=12073"}],"version-history":[{"count":1,"href":"https:\/\/www.culturalusa.com\/news\/wp-json\/wp\/v2\/posts\/12073\/revisions"}],"predecessor-version":[{"id":12075,"href":"https:\/\/www.culturalusa.com\/news\/wp-json\/wp\/v2\/posts\/12073\/revisions\/12075"}],"wp:featuredmedia":[{"embeddable":true,"href":"https:\/\/www.culturalusa.com\/news\/wp-json\/wp\/v2\/media\/12074"}],"wp:attachment":[{"href":"https:\/\/www.culturalusa.com\/news\/wp-json\/wp\/v2\/media?parent=12073"}],"wp:term":[{"taxonomy":"category","embeddable":true,"href":"https:\/\/www.culturalusa.com\/news\/wp-json\/wp\/v2\/categories?post=12073"},{"taxonomy":"post_tag","embeddable":true,"href":"https:\/\/www.culturalusa.com\/news\/wp-json\/wp\/v2\/tags?post=12073"}],"curies":[{"name":"wp","href":"https:\/\/api.w.org\/{rel}","templated":true}]}}