{"id":12115,"date":"2024-01-03T22:10:08","date_gmt":"2024-01-03T21:10:08","guid":{"rendered":"https:\/\/www.culturalusa.com\/news\/?p=12115"},"modified":"2024-01-03T22:10:38","modified_gmt":"2024-01-03T21:10:38","slug":"rachat-concession-du-stade-de-france-offres-deposees-le-psg-jette-leponge","status":"publish","type":"post","link":"https:\/\/www.culturalusa.com\/news\/sport\/rachat-concession-du-stade-de-france-offres-deposees-le-psg-jette-leponge\/","title":{"rendered":"Rachat-concession du Stade de France : offres d\u00e9pos\u00e9es, le PSG jette l&rsquo;\u00e9ponge"},"content":{"rendered":"<h2>Actuellement en train de se faire beau pour les JO de Paris avec une piste d&rsquo;athl\u00e9 violette et la 5G, le Stade de France cherche en m\u00eame temps son nouveau concessionnaire ou propri\u00e9taire: les candidats ont d\u00e9pos\u00e9 leur offre et le PSG a jet\u00e9 l&rsquo;\u00e9ponge.<\/h2>\n<p>Alors que le propri\u00e9taire du PSG, Qatar Sports Investments (QSI), \u00e9tait sorti du bois officiellement avant l&rsquo;\u00e9t\u00e9, se disant inter\u00e9ss\u00e9 par le rachat du Stade de France, il a finalement jet\u00e9 l&rsquo;\u00e9ponge mercredi, a indiqu\u00e9 \u00e0 l&rsquo;AFP une source proche du club, confirmant une information du Parisien.<\/p>\n<p>En bisbilles avec la mairie de Paris qui ne veut pas lui vendre le Parc des Princes, le PSG \u00e9tudiait le dossier \u00ab\u00a0avec s\u00e9rieux\u00a0\u00bb jusque tr\u00e8s r\u00e9cemment, selon une source proche du dossier.<\/p>\n<p>Depuis le d\u00e9but, cette candidature \u00e9tait vue par de nombreux observateurs comme une mani\u00e8re de mettre la pression sur la maire de Paris Anne Hidalgo (PS), et ainsi relancer les \u00e9changes aujourd&rsquo;hui \u00ab\u00a0inexistants\u00a0\u00bb, selon une source proche du club, sur le Parc des Princes.<\/p>\n<p>L&rsquo;Etat, propri\u00e9taire du Stade de France situ\u00e9 \u00e0 Saint-Denis (banlieue nord), a lanc\u00e9 en mars dernier deux proc\u00e9dures en parall\u00e8le: celle d&rsquo;une vente et celle du renouvellement de concession. La concession actuelle octroy\u00e9e en 1995 au consortium Vinci-Bouygues (deux tiers, un tiers) arrive en effet \u00e0 \u00e9ch\u00e9ance en juin 2025.<\/p>\n<p>Initialement fix\u00e9e mi-novembre, la date de remise des offres a \u00e9t\u00e9 repouss\u00e9e au 3 janvier.<\/p>\n<h3>\u00a0\u00ab\u00a0Vinci en position de force\u00a0\u00bb<\/h3>\n<p>Les autres pr\u00e9tendants, pour un rachat ou une concession, restent silencieux. Dans cette proc\u00e9dure confidentielle, frapp\u00e9e du \u00ab\u00a0secret des affaires\u00a0\u00bb, comme l&rsquo;a rappel\u00e9 mercredi la ministre des Sports Am\u00e9lie Oud\u00e9a-Cast\u00e9ra, rien ne filtre. Depuis cet \u00e9t\u00e9, les candidats ont en mains le cahier des charges d\u00e9taill\u00e9.<\/p>\n<p>Le consortium Vinci-Bouygues est bien candidat pour la concession et la vente, selon plusieurs sources proches du dossier. \u00ab\u00a0Vinci est en position de force pour n\u00e9gocier, mais l\u2019Etat a toujours trouv\u00e9 qu\u2019ils \u00e9taient gourmands\u00a0\u00bb, rel\u00e8ve un connaisseur.<\/p>\n<p>Autre candidat \u00e0 l&rsquo;exploitation du Stade de France, selon plusieurs sources proches du dossier, l&rsquo;entreprise d&rsquo;\u00e9v\u00e8nementiel GL Events pr\u00e9sid\u00e9e par Olivier Ginon, consid\u00e9r\u00e9 par certains comme proche de l&rsquo;Elys\u00e9e.<\/p>\n<p>\u00ab\u00a0C\u2019est curieux car ce n&rsquo;est pas le m\u00e9tier de GL Events, ils n\u2019ont pas de stade\u00a0\u00bb, estime une source proche du dossier.<\/p>\n<p>Pour constituer cette offre, GL Events est appuy\u00e9 par \u00ab\u00a0Paris Entertainment Company\u00a0\u00bb, l&rsquo;ex-soci\u00e9t\u00e9 anonyme d&rsquo;exploitation SAE POPB d\u00e9tenue majoritairement par la ville de Paris (et pour la quasi-totalit\u00e9 du reste par la soci\u00e9t\u00e9 am\u00e9ricaine AEG, sp\u00e9cialis\u00e9e dans l&rsquo;organisation d&rsquo;\u00e9v\u00e9nements sportifs et musicaux), et qui exploite l&rsquo;Accor Arena, le Bataclan, et la future Arena La Chapelle. Reste \u00e0 savoir qui exactement sera dans le montage de l&rsquo;offre d\u00e9pos\u00e9e mercredi.<\/p>\n<h3>\u00a0Attribution en 2025<\/h3>\n<p>Autre myst\u00e8re: comment vont s&rsquo;int\u00e9grer les f\u00e9d\u00e9rations fran\u00e7aises de football et de rugby &#8212; cette derni\u00e8re vient d&rsquo;annoncer un trou de 40 millions d&rsquo;euros &#8212; dans ce m\u00e9cano alors qu&rsquo;elles ont toujours trouv\u00e9 leur accord avec le stade d\u00e9favorable.<\/p>\n<p>Selon le quotidien l&rsquo;Equipe, ils pourraient int\u00e9grer une offre baptis\u00e9e \u00ab\u00a0Saint-Denis notre bien commun\u00a0\u00bb avec notamment la soci\u00e9t\u00e9 bas\u00e9e \u00e0 Los Angeles ASM Global (d\u00e9tenu notamment par AEG) et le constructeur fran\u00e7ais NGE.<\/p>\n<p>Les offres d\u00e9pos\u00e9es mercredi seront \u00e9tudi\u00e9es en 2024. L&rsquo;attribution est pr\u00e9vue pour 2025.<\/p>\n<p>Selon une source proche du dossier, le Stade de France vaudrait \u00ab\u00a0entre 400 et 600 millions d&rsquo;euros\u00a0\u00bb. L\u2019Etat n&rsquo;a donn\u00e9 aucune indication de prix, mais il est \u00e9valu\u00e9 \u00e0 647 millions (valeur brute) au titre des immobilisations corporelles dans les comptes de l&rsquo;Etat 2021.<\/p>\n<p>Quoi qu&rsquo;il en soit, le candidat qui l&#8217;emportera devra r\u00e9aliser un important programme de travaux car l&rsquo;enceinte est seulement \u00ab\u00a0ripolin\u00e9e\u00a0\u00bb en vue des JO de 2024.<\/p>\n<p>L&rsquo;Etat se creuse les m\u00e9ninges depuis des ann\u00e9es et a empil\u00e9 les rapports pour savoir comment exploiter au mieux cette enceinte de 80.000 places, 25 ans apr\u00e8s y avoir sacr\u00e9 championne du monde de foot l&rsquo;\u00e9quipe de France de Zidane et Deschamps.<\/p>\n<p>\u00ab\u00a0On va regarder les m\u00e9rites des diff\u00e9rents dossiers, les m\u00e9rites \u00e9conomiques, techniques, l&rsquo;insertion dans le territoire (&#8230;)\u00a0\u00bb, s&rsquo;est born\u00e9 \u00e0 commenter Am\u00e9lie Oud\u00e9a-Cast\u00e9ra mercredi sur France 2.<\/p>\n<p>Il faut dire que depuis la signature \u00e0 la va-vite du contrat initial de concession, entre les deux tours de l&rsquo;\u00e9lection pr\u00e9sidentielle de 1995, ce stade a co\u00fbt\u00e9 cher \u00e0 l&rsquo;\u00c9tat, en compensations financi\u00e8res et frais d&rsquo;avocats. La Cour des comptes a calcul\u00e9 en 2018 que le stade et les infrastructures associ\u00e9es ont repr\u00e9sent\u00e9 au total quelque 778 millions de d\u00e9penses publiques.<\/p>\n","protected":false},"excerpt":{"rendered":"<p>Actuellement en train de se faire beau pour les JO de Paris avec une piste d&rsquo;athl\u00e9 violette et la 5G, le Stade de France cherche en m\u00eame temps son nouveau concessionnaire ou propri\u00e9taire: les candidats ont d\u00e9pos\u00e9 leur offre et le PSG a jet\u00e9 l&rsquo;\u00e9ponge. Alors que le propri\u00e9taire du PSG, Qatar Sports Investments (QSI), [&hellip;]<\/p>\n","protected":false},"author":1,"featured_media":12116,"comment_status":"open","ping_status":"closed","sticky":false,"template":"","format":"standard","meta":{"footnotes":""},"categories":[5],"tags":[2949,2950],"class_list":["post-12115","post","type-post","status-publish","format-standard","has-post-thumbnail","hentry","category-sport","tag-psg-a-jete-leponge","tag-rachat-concession-du-stade-de-france"],"aioseo_notices":[],"_links":{"self":[{"href":"https:\/\/www.culturalusa.com\/news\/wp-json\/wp\/v2\/posts\/12115","targetHints":{"allow":["GET"]}}],"collection":[{"href":"https:\/\/www.culturalusa.com\/news\/wp-json\/wp\/v2\/posts"}],"about":[{"href":"https:\/\/www.culturalusa.com\/news\/wp-json\/wp\/v2\/types\/post"}],"author":[{"embeddable":true,"href":"https:\/\/www.culturalusa.com\/news\/wp-json\/wp\/v2\/users\/1"}],"replies":[{"embeddable":true,"href":"https:\/\/www.culturalusa.com\/news\/wp-json\/wp\/v2\/comments?post=12115"}],"version-history":[{"count":1,"href":"https:\/\/www.culturalusa.com\/news\/wp-json\/wp\/v2\/posts\/12115\/revisions"}],"predecessor-version":[{"id":12117,"href":"https:\/\/www.culturalusa.com\/news\/wp-json\/wp\/v2\/posts\/12115\/revisions\/12117"}],"wp:featuredmedia":[{"embeddable":true,"href":"https:\/\/www.culturalusa.com\/news\/wp-json\/wp\/v2\/media\/12116"}],"wp:attachment":[{"href":"https:\/\/www.culturalusa.com\/news\/wp-json\/wp\/v2\/media?parent=12115"}],"wp:term":[{"taxonomy":"category","embeddable":true,"href":"https:\/\/www.culturalusa.com\/news\/wp-json\/wp\/v2\/categories?post=12115"},{"taxonomy":"post_tag","embeddable":true,"href":"https:\/\/www.culturalusa.com\/news\/wp-json\/wp\/v2\/tags?post=12115"}],"curies":[{"name":"wp","href":"https:\/\/api.w.org\/{rel}","templated":true}]}}