{"id":12129,"date":"2024-01-04T13:31:01","date_gmt":"2024-01-04T12:31:01","guid":{"rendered":"https:\/\/www.culturalusa.com\/news\/?p=12129"},"modified":"2024-01-04T13:31:01","modified_gmt":"2024-01-04T12:31:01","slug":"etrangers-delinquants-le-nombre-dexpulsions-en-hausse-de-30","status":"publish","type":"post","link":"https:\/\/www.culturalusa.com\/news\/politique\/etrangers-delinquants-le-nombre-dexpulsions-en-hausse-de-30\/","title":{"rendered":"\u00c9trangers d\u00e9linquants : le nombre d\u2019expulsions en hausse de 30%"},"content":{"rendered":"<h2>Le minist\u00e8re de l\u2019Int\u00e9rieur d\u00e9voile que 4 686 \u00e9trangers d\u00e9linquants ont \u00e9t\u00e9 expuls\u00e9s du territoire fran\u00e7ais en 2023, contre 3 615 l\u2019ann\u00e9e pr\u00e9c\u00e9dente.<\/h2>\n<p>Au total, 4 686 \u00e9trangers d\u00e9linquants ont \u00e9t\u00e9 expuls\u00e9s en 2023, en hausse de 30 % par rapport \u00e0 2022, a annonc\u00e9 jeudi \u00e0 l&rsquo;Agence France-Presse le minist\u00e8re de l&rsquo;Int\u00e9rieur, deux semaines apr\u00e8s l&rsquo;adoption dans la douleur de la loi immigration qui pr\u00e9voit de faciliter les \u00e9loignements. Dans le d\u00e9tail, 4 686 \u00e9trangers d\u00e9linquants ont \u00e9t\u00e9 expuls\u00e9s en 2023, contre 3 615 en 2022 et 1 800 en 2021, a pr\u00e9cis\u00e9 le minist\u00e8re.<\/p>\n<p>Beauvau communique ces chiffres le jour o\u00f9 la Cour des comptes rend un rapport sur la politique de lutte contre l&rsquo;immigration irr\u00e9guli\u00e8re. Les principales zones de destination des personnes expuls\u00e9es sont, dans l&rsquo;ordre, le Maghreb, l&rsquo;Afrique subsaharienne et l&rsquo;Europe centrale.<\/p>\n<p>Ces chiffres correspondent aux \u00ab \u00e9loignements effectifs \u00e0 la sortie de centres de r\u00e9tention administrative \u00bb et aux \u00ab mises \u00e0 ex\u00e9cution des arr\u00eat\u00e9s minist\u00e9riels d&rsquo;expulsion \u00bb, pr\u00e9cise-t-on place Beauvau.<\/p>\n<h3>Darmanin s&rsquo;est \u00ab f\u00e9licit\u00e9 de ce premier bilan \u00bb<\/h3>\n<p>Cela n&rsquo;inclut pas les personnes expuls\u00e9es en raison de leur inscription au fichier des signalements pour la pr\u00e9vention de la radicalisation \u00e0 caract\u00e8re terroriste (FSPRT). G\u00e9rald Darmanin, qui a r\u00e9uni les pr\u00e9fets jeudi matin au minist\u00e8re de l&rsquo;Int\u00e9rieur, s&rsquo;est \u00ab f\u00e9licit\u00e9 de ce premier bilan \u00bb et leur a demand\u00e9 d&rsquo;\u00ab acc\u00e9l\u00e9rer encore en la mati\u00e8re, notamment gr\u00e2ce aux apports de la loi immigration d\u00e8s lors que celle-ci sera promulgu\u00e9e \u00bb, a confi\u00e9 \u00e0 l&rsquo;Agence France-Presse son entourage.<\/p>\n<p>Le texte, sur lequel doit encore statuer le Conseil constitutionnel avant d&rsquo;\u00eatre promulgu\u00e9, pr\u00e9voit notamment l&rsquo;expulsion d&rsquo;\u00e9trangers d\u00e9linquants en situation r\u00e9guli\u00e8re, m\u00eame ceux arriv\u00e9s en France avant leurs 13 ans ou ayant un conjoint fran\u00e7ais. (AFP)<\/p>\n","protected":false},"excerpt":{"rendered":"<p>Le minist\u00e8re de l\u2019Int\u00e9rieur d\u00e9voile que 4 686 \u00e9trangers d\u00e9linquants ont \u00e9t\u00e9 expuls\u00e9s du territoire fran\u00e7ais en 2023, contre 3 615 l\u2019ann\u00e9e pr\u00e9c\u00e9dente. Au total, 4 686 \u00e9trangers d\u00e9linquants ont \u00e9t\u00e9 expuls\u00e9s en 2023, en hausse de 30 % par rapport \u00e0 2022, a annonc\u00e9 jeudi \u00e0 l&rsquo;Agence France-Presse le minist\u00e8re de l&rsquo;Int\u00e9rieur, deux semaines [&hellip;]<\/p>\n","protected":false},"author":1,"featured_media":12130,"comment_status":"open","ping_status":"closed","sticky":false,"template":"","format":"standard","meta":{"footnotes":""},"categories":[1494],"tags":[2953,2952,1466],"class_list":["post-12129","post","type-post","status-publish","format-standard","has-post-thumbnail","hentry","category-politique","tag-4-686-etrangers-delinquants-ont-ete-expulses","tag-etrangers-delinquants","tag-darmanin"],"aioseo_notices":[],"_links":{"self":[{"href":"https:\/\/www.culturalusa.com\/news\/wp-json\/wp\/v2\/posts\/12129","targetHints":{"allow":["GET"]}}],"collection":[{"href":"https:\/\/www.culturalusa.com\/news\/wp-json\/wp\/v2\/posts"}],"about":[{"href":"https:\/\/www.culturalusa.com\/news\/wp-json\/wp\/v2\/types\/post"}],"author":[{"embeddable":true,"href":"https:\/\/www.culturalusa.com\/news\/wp-json\/wp\/v2\/users\/1"}],"replies":[{"embeddable":true,"href":"https:\/\/www.culturalusa.com\/news\/wp-json\/wp\/v2\/comments?post=12129"}],"version-history":[{"count":1,"href":"https:\/\/www.culturalusa.com\/news\/wp-json\/wp\/v2\/posts\/12129\/revisions"}],"predecessor-version":[{"id":12131,"href":"https:\/\/www.culturalusa.com\/news\/wp-json\/wp\/v2\/posts\/12129\/revisions\/12131"}],"wp:featuredmedia":[{"embeddable":true,"href":"https:\/\/www.culturalusa.com\/news\/wp-json\/wp\/v2\/media\/12130"}],"wp:attachment":[{"href":"https:\/\/www.culturalusa.com\/news\/wp-json\/wp\/v2\/media?parent=12129"}],"wp:term":[{"taxonomy":"category","embeddable":true,"href":"https:\/\/www.culturalusa.com\/news\/wp-json\/wp\/v2\/categories?post=12129"},{"taxonomy":"post_tag","embeddable":true,"href":"https:\/\/www.culturalusa.com\/news\/wp-json\/wp\/v2\/tags?post=12129"}],"curies":[{"name":"wp","href":"https:\/\/api.w.org\/{rel}","templated":true}]}}