{"id":12135,"date":"2024-01-10T16:21:57","date_gmt":"2024-01-10T15:21:57","guid":{"rendered":"https:\/\/www.culturalusa.com\/news\/?p=12135"},"modified":"2024-01-10T17:25:31","modified_gmt":"2024-01-10T16:25:31","slug":"nomination-de-gabriel-attal-jeune-la-vue-par-la-presse-internationale","status":"publish","type":"post","link":"https:\/\/www.culturalusa.com\/news\/politique\/nomination-de-gabriel-attal-jeune-la-vue-par-la-presse-internationale\/","title":{"rendered":"Nomination de Gabriel Attal, jeune&#8230; la vue par la presse internationale"},"content":{"rendered":"<h2>Peu abord\u00e9e dans les m\u00e9dias fran\u00e7ais, l&rsquo;orientation sexuelle de Gabriel Attal, premier Premier ministre fran\u00e7ais ouvertement homosexuel, est mise en avant par la presse internationale.<\/h2>\n<h3>Sa nomination est largement pr\u00e9sent\u00e9e comme une recherche d&rsquo;un \u00ab nouveau souffle \u00bb pour le macronisme \u00e0 l&rsquo;approche des europ\u00e9ennes.<\/h3>\n<p>Pour CNN, l&rsquo;arriv\u00e9e de Gabriel Attal \u00e0 Matignon fait ainsi de lui \u00ab l&rsquo;un des hommes politiques LGBT les plus \u00e9minents et les plus puissants au monde \u00bb, tandis que, pour le Times, sa jeunesse et son homosexualit\u00e9 apparaissent comme des points positifs.<\/p>\n<p>Peu abord\u00e9e dans les m\u00e9dias fran\u00e7ais, l&rsquo;orientation sexuelle de Gabriel Attal, premier Premier ministre fran\u00e7ais ouvertement homosexuel, est mise en avant par la presse internationale. Sa nomination est largement pr\u00e9sent\u00e9e comme une recherche d&rsquo;un \u00ab nouveau souffle \u00bb pour le macronisme \u00e0 l&rsquo;approche des europ\u00e9ennes.<\/p>\n<p>Pour CNN, l&rsquo;arriv\u00e9e de Gabriel Attal \u00e0 Matignon fait ainsi de lui \u00ab l&rsquo;un des hommes politiques LGBT les plus \u00e9minents et les plus puissants au monde \u00bb, tandis que, pour le Times, sa jeunesse et son homosexualit\u00e9 apparaissent comme des points positifs.<\/p>\n<h3>Une nomination \u00ab impensable \u00bb jusqu&rsquo;\u00e0 r\u00e9cemment<\/h3>\n<p>Le journal britannique souligne ainsi que l&rsquo;\u00e2ge cumul\u00e9 d&rsquo;Emmanuel Macron et de son Premier ministre est inf\u00e9rieur \u00e0 celui du pr\u00e9sident am\u00e9ricain Joe Biden, 81 ans. Il s&rsquo;attarde ensuite longuement sur l&rsquo;homosexualit\u00e9 de Gabriel Attal, affirmant que \u00ab la promotion d&rsquo;un homosexuel \u00bb \u00e0 un poste aussi expos\u00e9 aurait \u00e9t\u00e9 \u00ab impensable en France avant le XXIe si\u00e8cle \u00bb.<\/p>\n<p>Le quotidien cite SOS Homophobie qui salue une nomination allant \u00ab dans la bonne direction \u00bb, mais rappelle que \u00ab la sexualit\u00e9 et l&rsquo;union civile (de Gabriel Attal) avec St\u00e9phane S\u00e9journ\u00e9 ont suscit\u00e9 les foudres de la droite dure et les r\u00e9actions n\u00e9gatives des conservateurs \u00bb.<\/p>\n<p>De son c\u00f4t\u00e9, La Repubblica titre sur un Premier ministre fran\u00e7ais \u00ab gay et anti-Salvini \u00bb, d\u00e9crit comme une \u00ab cr\u00e9ature de Macron \u00bb, au \u00ab physique enfantin \u00bb. Le journal italien souligne que Gabriel Attal retrouvera lors de la bataille des europ\u00e9ennes Matteo Salvini, dont il avait affirm\u00e9 que la politique migratoire \u00e9tait \u00ab \u00e0 vomir \u00bb en 2018, et qu&rsquo;il devra se battre pour \u00e9viter une \u00ab d\u00e9faite humiliante \u00bb en juin face au \u00ab meilleur alli\u00e9 de Le Pen \u00bb.<\/p>\n<h3>Une \u00ab tentative audacieuse \u00bb face \u00e0 la <a href=\"https:\/\/fr.wikipedia.org\/wiki\/Nationalisme_en_France\">Droite Nationaliste<\/a> et <a href=\"https:\/\/fr.wikipedia.org\/wiki\/Conservatisme\" target=\"_blank\" rel=\"noopener\">Droite Conservatrice<\/a><\/h3>\n<p>Un combat loin d&rsquo;\u00eatre gagn\u00e9 d&rsquo;avance : si le quotidien espagnol El Periodico remarque qu&rsquo;\u00c9lisabeth Borne semblait \u00ab particuli\u00e8rement us\u00e9e \u00bb pour faire face \u00e0 des europ\u00e9ennes \u00ab difficiles pour le macronisme \u00bb, le Spiegel allemand voit dans l&rsquo;arriv\u00e9e d&rsquo;Attal \u00e0 Matignon une \u00ab tentative d&rsquo;offensive politique \u00bb.<\/p>\n<p>Un terme pour le moins mesur\u00e9, que l&rsquo;on retrouve dans les pages du New York Times. Le journal am\u00e9ricain \u00e9voque \u00e0 son tour une \u00ab tentative audacieuse \u00bb d&rsquo;Emmanuel Macron face \u00e0 l&rsquo;extr\u00eame droite, tout en consid\u00e9rant, citant la journaliste du Point Sophie Coignard, que le limogeage d&rsquo;\u00c9lisabeth Borne \u00ab manque singuli\u00e8rement d&rsquo;\u00e9l\u00e9gance \u00bb.<\/p>\n<p>Les publications britanniques The Economist et The Guardian se montrent quant \u00e0 elles plus sceptiques encore. Le journal \u00e9conomique qualifie la nomination d&rsquo;Attal de d\u00e9cision \u00ab audacieuse plut\u00f4t que s\u00fbre \u00bb, tout en reconnaissant que le d\u00e9part de Borne est \u00ab abrupt mais peu surprenant \u00bb. Le quotidien de centre gauche \u00e9voque, lui, l&rsquo;arriv\u00e9e d&rsquo;un \u00ab b\u00e9b\u00e9 Macron \u00bb \u00e0 la t\u00eate du gouvernement, doutant que \u00ab l&rsquo;optimisme de la jeunesse \u00bb suffise face \u00e0 l&rsquo;extr\u00eame droite et \u00e0 l&rsquo;absence de majorit\u00e9 absolue \u00e0 l&rsquo;Assembl\u00e9e.<\/p>\n<p>L&rsquo;\u00e9ditorialiste sugg\u00e8re ainsi que \u00ab la pr\u00e9sidence de M. Macron pourrait \u00eatre vou\u00e9e \u00e0 une chute moribonde \u00bb face \u00e0 l&rsquo;avance du Rassemblement national et \u00e0 la popularit\u00e9 de Jordan Bardella. ( LePoint &amp; AFP)<\/p>\n","protected":false},"excerpt":{"rendered":"<p>Peu abord\u00e9e dans les m\u00e9dias fran\u00e7ais, l&rsquo;orientation sexuelle de Gabriel Attal, premier Premier ministre fran\u00e7ais ouvertement homosexuel, est mise en avant par la presse internationale. Sa nomination est largement pr\u00e9sent\u00e9e comme une recherche d&rsquo;un \u00ab nouveau souffle \u00bb pour le macronisme \u00e0 l&rsquo;approche des europ\u00e9ennes. Pour CNN, l&rsquo;arriv\u00e9e de Gabriel Attal \u00e0 Matignon fait ainsi [&hellip;]<\/p>\n","protected":false},"author":1,"featured_media":12136,"comment_status":"open","ping_status":"closed","sticky":false,"template":"","format":"standard","meta":{"footnotes":""},"categories":[1494],"tags":[1599,494,2955,2956,2959,2957],"class_list":["post-12135","post","type-post","status-publish","format-standard","has-post-thumbnail","hentry","category-politique","tag-droite-conservatrice","tag-droite-nationaliste","tag-gabriel-attal","tag-nomination-de-gabriel-attal","tag-parti-renaissance","tag-renaissance"],"aioseo_notices":[],"_links":{"self":[{"href":"https:\/\/www.culturalusa.com\/news\/wp-json\/wp\/v2\/posts\/12135","targetHints":{"allow":["GET"]}}],"collection":[{"href":"https:\/\/www.culturalusa.com\/news\/wp-json\/wp\/v2\/posts"}],"about":[{"href":"https:\/\/www.culturalusa.com\/news\/wp-json\/wp\/v2\/types\/post"}],"author":[{"embeddable":true,"href":"https:\/\/www.culturalusa.com\/news\/wp-json\/wp\/v2\/users\/1"}],"replies":[{"embeddable":true,"href":"https:\/\/www.culturalusa.com\/news\/wp-json\/wp\/v2\/comments?post=12135"}],"version-history":[{"count":5,"href":"https:\/\/www.culturalusa.com\/news\/wp-json\/wp\/v2\/posts\/12135\/revisions"}],"predecessor-version":[{"id":12146,"href":"https:\/\/www.culturalusa.com\/news\/wp-json\/wp\/v2\/posts\/12135\/revisions\/12146"}],"wp:featuredmedia":[{"embeddable":true,"href":"https:\/\/www.culturalusa.com\/news\/wp-json\/wp\/v2\/media\/12136"}],"wp:attachment":[{"href":"https:\/\/www.culturalusa.com\/news\/wp-json\/wp\/v2\/media?parent=12135"}],"wp:term":[{"taxonomy":"category","embeddable":true,"href":"https:\/\/www.culturalusa.com\/news\/wp-json\/wp\/v2\/categories?post=12135"},{"taxonomy":"post_tag","embeddable":true,"href":"https:\/\/www.culturalusa.com\/news\/wp-json\/wp\/v2\/tags?post=12135"}],"curies":[{"name":"wp","href":"https:\/\/api.w.org\/{rel}","templated":true}]}}