{"id":1243,"date":"2013-10-20T01:39:22","date_gmt":"2013-10-19T23:39:22","guid":{"rendered":"http:\/\/www.culturalusa.com\/news\/?p=1243"},"modified":"2013-10-20T01:43:00","modified_gmt":"2013-10-19T23:43:00","slug":"au-portugal-la-grogne-monte-contre-lausterite","status":"publish","type":"post","link":"https:\/\/www.culturalusa.com\/news\/portugal\/au-portugal-la-grogne-monte-contre-lausterite\/","title":{"rendered":"Au Portugal la grogne monte contre l&rsquo;aust\u00e9rit\u00e9"},"content":{"rendered":"<p><img loading=\"lazy\" decoding=\"async\" src=\"http:\/\/www.culturalusa.com\/news\/wp-content\/uploads\/2013\/10\/manif-lisboa-19-10-2013.jpg\" alt=\"Manif Lisboa 19-10-2013\" width=\"467\" height=\"270\" class=\"aligncenter size-full wp-image-1244\" srcset=\"https:\/\/www.culturalusa.com\/news\/wp-content\/uploads\/2013\/10\/manif-lisboa-19-10-2013.jpg 467w, https:\/\/www.culturalusa.com\/news\/wp-content\/uploads\/2013\/10\/manif-lisboa-19-10-2013-275x159.jpg 275w\" sizes=\"auto, (max-width: 467px) 100vw, 467px\" \/>Des dizaines de milliers de manifestants se sont mobilis\u00e9s au Portugal afin de protester contre les nouvelles mesures d&rsquo;aust\u00e9rit\u00e9 annonc\u00e9es par leur gouvernement afin de ma\u00eetriser les d\u00e9ficits publics.<\/p>\n<p>Au Portugal, les manifestants ont d\u00e9fil\u00e9 sur les ponts des deux plus grandes villes, Lisbonne et Porto, \u00e0 l&rsquo;appel de la CGTP, la principale centrale syndicale de ce pays, proche du Parti communiste.<\/p>\n<p>A Porto, des milliers de personnes ont travers\u00e9 \u00e0 pied le pont do Infante qui relie les deux rives du Douro, le fleuve qui arrose cette cit\u00e9 du nord, tandis que sur l&rsquo;\u00eele de Mad\u00e8re des centaines de personnes ont \u00e9galement manifest\u00e9.<\/p>\n<p>Dans la capitale portugaise, les protestataires ont franchi le c\u00e9l\u00e8bre pont du 25 Avril, du nom de la r\u00e9volution qui a renvers\u00e9 la dictature salazariste en 1974, \u00e0 bord de quelque 400 autocars. Les organisateurs n&rsquo;ont pas communiqu\u00e9 d&rsquo;estimations sur le nombre des participants.<\/p>\n<p>\u00ab\u00a0Menteurs !\u00a0\u00bb, \u00ab\u00a0Dehors !\u00a0\u00bb, \u00ab\u00a0Le peuple est en col\u00e8re !\u00a0\u00bb, scandaient les protestataires, qui s&rsquo;\u00e9taient rassembl\u00e9s dans le quartier d&rsquo;Alcantara \u00e0 Lisbonne.<\/p>\n<p>\u00ab\u00a0Il est urgent de changer de politique\u00a0\u00bb ou \u00ab\u00a0Face aux injustices, la r\u00e9volution est une obligation\u00a0\u00bb, proclamaient des banderoles en t\u00eate de cort\u00e8ge d\u00e9ploy\u00e9es par des retrait\u00e9s en col\u00e8re.<\/p>\n<p>Dans le m\u00eame temps, une colonne d&rsquo;autocars a travers\u00e9 le pont au ralenti, au milieu d&rsquo;un concert de klaxons. A leur arriv\u00e9e, ils ont \u00e9t\u00e9 accueillis par les applaudissements des manifestants.<\/p>\n<p>\u00ab\u00a0Je vais devoir \u00e9migrer\u00a0\u00bb<\/p>\n<p>\u00ab\u00a0Mon fils, mon petit-fils et mon arri\u00e8re-petit-fils sont au ch\u00f4mage. J&rsquo;ai des raisons d&rsquo;\u00eatre inqui\u00e8te !\u00a0\u00bb, s&rsquo;exclame Olga Costa, une femme de 71 ans qui touche une retraite mensuelle d&rsquo;\u00e0 peine 371 euros.<\/p>\n<p>\u00ab\u00a0Je dois travailler dans sept endroits diff\u00e9rents pour m&rsquo;en sortir\u00a0\u00bb, confie, un peu plus loin, une femme de m\u00e9nage qui a fait le d\u00e9placement depuis Aveiro (centre).<\/p>\n<p>\u00ab\u00a0Le budget du gouvernement pour l&rsquo;ann\u00e9e prochaine, cible encore les classes modestes et pauvres. C&rsquo;est injuste\u00a0\u00bb, l\u00e2che Eugenia Leal, professeur dans une \u00e9cole lisbo\u00e8te.<\/p>\n<p>\u00ab\u00a0Je ne pense pas que les choses vont s&rsquo;am\u00e9liorer dans ce pays !\u00a0\u00bb, constate Marta Tavares, une \u00e9tudiante en communication, \u00e2g\u00e9e de 19 ans. \u00ab\u00a0Je vais devoir \u00e9migrer!\u00a0\u00bb, dit-elle.<\/p>\n<p>\u00ab\u00a0C&rsquo;est une journ\u00e9e historique\u00a0\u00bb, s&rsquo;est f\u00e9licit\u00e9 Arm\u00e9nio Carlos, secr\u00e9taire g\u00e9n\u00e9ral de la CGTP, qui a annonc\u00e9 une nouvelle manifestation pour le 1er novembre.<\/p>\n<p>Au Portugal, il s&rsquo;est agi de la premi\u00e8re grande mobilisation apr\u00e8s qu&rsquo;une nouvelle cure d&rsquo;aust\u00e9rit\u00e9 a \u00e9t\u00e9 d\u00e9voil\u00e9e mardi dans le projet de budget pour 2014 qui touchera de plein fouet le pouvoir d&rsquo;achat des fonctionnaires et des retrait\u00e9s.<\/p>\n<p>Parmi les mesures les plus contest\u00e9es figurent des r\u00e9ductions des salaires des fonctionnaires allant de 2,5% \u00e0 12%, ainsi que les coupes de pr\u00e8s de 10% dans les retraites des anciens salari\u00e9s du secteur public.<\/p>\n<p>L&rsquo;organisation de cette journ\u00e9e de mobilisation avait \u00e9t\u00e9 marqu\u00e9e par le bras de fer qui a oppos\u00e9 la CGTP et le gouvernement sur le parcours choisi pour cette manifestation \u00e0 Lisbonne.<\/p>\n<p>\u00ab\u00a0Le gouvernement a tent\u00e9 de nous emp\u00eacher, mais le pont ne lui appartient pas\u00a0\u00bb, a lanc\u00e9 le leader syndical. (AFP)<\/p>\n<p style=\"text-align:center;\"><script type=\"text\/javascript\"><!--\ngoogle_ad_client = \"ca-pub-2727717456356200\";\n\/* CulturaLusa 468x60 *\/\ngoogle_ad_slot = \"2785499263\";\ngoogle_ad_width = 468;\ngoogle_ad_height = 60;\n\/\/-->\n<\/script><br \/>\n<script type=\"text\/javascript\"\nsrc=\"http:\/\/pagead2.googlesyndication.com\/pagead\/show_ads.js\">\n<\/script><\/p>\n","protected":false},"excerpt":{"rendered":"<p>Des dizaines de milliers de manifestants se sont mobilis\u00e9s au Portugal afin de protester contre les nouvelles mesures d&rsquo;aust\u00e9rit\u00e9 annonc\u00e9es par leur gouvernement afin de ma\u00eetriser les d\u00e9ficits publics. Au Portugal, les manifestants ont d\u00e9fil\u00e9 sur les ponts des deux plus grandes villes, Lisbonne et Porto, \u00e0 l&rsquo;appel de la CGTP, la principale centrale syndicale [&hellip;]<\/p>\n","protected":false},"author":1,"featured_media":0,"comment_status":"open","ping_status":"closed","sticky":false,"template":"","format":"standard","meta":{"footnotes":""},"categories":[3],"tags":[],"class_list":["post-1243","post","type-post","status-publish","format-standard","hentry","category-portugal"],"aioseo_notices":[],"_links":{"self":[{"href":"https:\/\/www.culturalusa.com\/news\/wp-json\/wp\/v2\/posts\/1243","targetHints":{"allow":["GET"]}}],"collection":[{"href":"https:\/\/www.culturalusa.com\/news\/wp-json\/wp\/v2\/posts"}],"about":[{"href":"https:\/\/www.culturalusa.com\/news\/wp-json\/wp\/v2\/types\/post"}],"author":[{"embeddable":true,"href":"https:\/\/www.culturalusa.com\/news\/wp-json\/wp\/v2\/users\/1"}],"replies":[{"embeddable":true,"href":"https:\/\/www.culturalusa.com\/news\/wp-json\/wp\/v2\/comments?post=1243"}],"version-history":[{"count":0,"href":"https:\/\/www.culturalusa.com\/news\/wp-json\/wp\/v2\/posts\/1243\/revisions"}],"wp:attachment":[{"href":"https:\/\/www.culturalusa.com\/news\/wp-json\/wp\/v2\/media?parent=1243"}],"wp:term":[{"taxonomy":"category","embeddable":true,"href":"https:\/\/www.culturalusa.com\/news\/wp-json\/wp\/v2\/categories?post=1243"},{"taxonomy":"post_tag","embeddable":true,"href":"https:\/\/www.culturalusa.com\/news\/wp-json\/wp\/v2\/tags?post=1243"}],"curies":[{"name":"wp","href":"https:\/\/api.w.org\/{rel}","templated":true}]}}