{"id":12490,"date":"2024-01-31T11:59:24","date_gmt":"2024-01-31T10:59:24","guid":{"rendered":"https:\/\/www.culturalusa.com\/news\/?p=12490"},"modified":"2024-01-31T11:59:24","modified_gmt":"2024-01-31T10:59:24","slug":"fonds-durgence-pour-les-viticulteurs-en-difficulte-porte-a-80-millions-deuros","status":"publish","type":"post","link":"https:\/\/www.culturalusa.com\/news\/economie\/fonds-durgence-pour-les-viticulteurs-en-difficulte-porte-a-80-millions-deuros\/","title":{"rendered":"Fonds d&rsquo;urgence, pour les viticulteurs en difficult\u00e9 port\u00e9 \u00e0 80 millions d&rsquo;euros"},"content":{"rendered":"<div class=\"text-color text-font block-html mb-4\">\n<h2>Le ministre de l&rsquo;Agriculture Marc Fesneau a annonc\u00e9 le quadruplement, \u00e0 80 millions d&rsquo;euros, du \u00ab\u00a0fonds d&rsquo;urgence\u00a0\u00bb pour les viticulteurs des r\u00e9gions \u00ab\u00a0en crise\u00a0\u00bb, du Bordelais au sud de la vall\u00e9e du Rh\u00f4ne.<\/h2>\n<p>Un fonds de 20 millions d&rsquo;euros, destin\u00e9 \u00e0 soulager la tr\u00e9sorerie des viticulteurs en difficult\u00e9, avait \u00e9t\u00e9 act\u00e9 dans le cadre de la loi de finances 2024.<\/p>\n<blockquote><p>En pleine <strong>crise agricole<\/strong>, l&rsquo;enveloppe est port\u00e9e \u00e0 80 millions.<\/p><\/blockquote>\n<p>Cette somme doit permettre \u00ab\u00a0de couvrir les al\u00e9as qu&rsquo;ont rencontr\u00e9s un certain nombre de r\u00e9gions (&#8230;) \u00e7a couvre l&rsquo;ensemble des r\u00e9gions viticoles qui sont en crise, \u00e9videmment\u00a0\u00bb, a expliqu\u00e9 le ministre sur Sud Radio.<\/p>\n<p>Il a notamment \u00e9voqu\u00e9 les pertes de production li\u00e9es \u00e0 la maladie du mildiou, qui a particuli\u00e8rement s\u00e9vi dans le Bordelais en 2023. Les viticulteurs reprochaient aux assureurs de ne pas prendre en charge ce genre d&rsquo;al\u00e9as.<\/p>\n<h3>Le ministre a expliqu\u00e9 que l&rsquo;Etat prendrait en charge \u00ab\u00a0les int\u00e9r\u00eats d&#8217;emprunt sur l&rsquo;ann\u00e9e 2024\u00a0\u00bb pour soulager la tr\u00e9sorerie des <strong>vignerons en difficult\u00e9<\/strong>.<\/h3>\n<p>Le dispositif, dont les modalit\u00e9s n&rsquo;ont pas \u00e9t\u00e9 pr\u00e9cis\u00e9es, \u00ab\u00a0sera d\u00e9ploy\u00e9 tr\u00e8s rapidement, avec une ouverture des demandes en pr\u00e9fecture d\u00e8s le lundi 5 f\u00e9vrier 2024, et des premiers paiements avant le Salon international de l&rsquo;agriculture\u00a0\u00bb, qui d\u00e9marre \u00e0 Paris le 24 f\u00e9vrier, selon un communiqu\u00e9 du minist\u00e8re.<\/p>\n<p>Mardi, lors de sa d\u00e9claration de politique g\u00e9n\u00e9rale devant l&rsquo;Assembl\u00e9e nationale, le Premier ministre Gabriel Attal a indiqu\u00e9 que le \u00ab\u00a0fonds d&rsquo;urgence\u00a0\u00bb promis aux viticulteurs serait d\u00e9bloqu\u00e9 \u00ab\u00a0avant la fin de la semaine\u00a0\u00bb.<\/p>\n<p>Le gouvernement s&rsquo;\u00e9tait par ailleurs dit \u00e0 l&rsquo;automne pr\u00eat \u00e0 financer une campagne d&rsquo;arrachage de vignes pour r\u00e9sorber la surproduction.<\/p>\n<p>Entre le d\u00e9samour croissant pour le vin rouge, les difficult\u00e9s d&rsquo;exportation vers la Chine et les Etats-Unis, le Covid et l&rsquo;inflation, les difficult\u00e9s \u00e9conomiques se sont empil\u00e9es dans certains bassins de production. Et la France, actuellement premier producteur mondial de vin, conna\u00eet un d\u00e9s\u00e9quilibre entre l&rsquo;offre et la demande.<\/p>\n<p>Selon Marc Fesneau, le financement de cette campagne pourrait s&rsquo;\u00e9lever \u00e0 150 millions d&rsquo;euros, afin que les viticulteurs qui arrachent leurs vignes re\u00e7oivent des compensations.<\/p>\n<p>Mais cette mesure est soumise \u00e0 l&rsquo;aval de la Commission europ\u00e9enne.<\/p>\n<p>Cela pourrait concerner \u00ab\u00a0jusqu&rsquo;\u00e0 100.000 hectares\u00a0\u00bb (sur pr\u00e8s de 800.000 hectares de vignes en 2020), selon Marc Fesneau.<\/p>\n<p>Soit les vignes seront arrach\u00e9es temporairement, par exemple pour planter des c\u00e9pages plus r\u00e9sistants au r\u00e9chauffement climatique ou mieux adapt\u00e9s \u00e0 la demande des consommateurs. Soit elles pourront \u00eatre arrach\u00e9es d\u00e9finitivement dans le cadre d&rsquo;une \u00ab\u00a0diversification agricole\u00a0\u00bb.<\/p>\n<p>L&rsquo;Etat a d\u00e9j\u00e0 obtenu, par ailleurs, l&rsquo;autorisation de la Commission europ\u00e9enne de cofinancer un plan d&rsquo;arrachage dans le Bordelais, premier vignoble AOC fran\u00e7ais. Plus de 1.200 dossiers ont \u00e9t\u00e9 d\u00e9pos\u00e9s pour l&rsquo;arrachage d&rsquo;environ 8.000 hectares.<\/p>\n<p>L&rsquo;an dernier, une campagne de destruction des exc\u00e9dents a par ailleurs \u00e9t\u00e9 financ\u00e9e sur fonds publics, \u00e0 hauteur de 200 millions d&rsquo;euros.<\/p>\n<\/div>\n","protected":false},"excerpt":{"rendered":"<p>Le ministre de l&rsquo;Agriculture Marc Fesneau a annonc\u00e9 le quadruplement, \u00e0 80 millions d&rsquo;euros, du \u00ab\u00a0fonds d&rsquo;urgence\u00a0\u00bb pour les viticulteurs des r\u00e9gions \u00ab\u00a0en crise\u00a0\u00bb, du Bordelais au sud de la vall\u00e9e du Rh\u00f4ne. Un fonds de 20 millions d&rsquo;euros, destin\u00e9 \u00e0 soulager la tr\u00e9sorerie des viticulteurs en difficult\u00e9, avait \u00e9t\u00e9 act\u00e9 dans le cadre de [&hellip;]<\/p>\n","protected":false},"author":1,"featured_media":12491,"comment_status":"open","ping_status":"closed","sticky":false,"template":"","format":"standard","meta":{"footnotes":""},"categories":[1],"tags":[2982,2983,2984],"class_list":["post-12490","post","type-post","status-publish","format-standard","has-post-thumbnail","hentry","category-economie","tag-crise-agricole","tag-fonds-durgence-pour-les-viticulteurs","tag-vignerons-en-difficulte"],"aioseo_notices":[],"_links":{"self":[{"href":"https:\/\/www.culturalusa.com\/news\/wp-json\/wp\/v2\/posts\/12490","targetHints":{"allow":["GET"]}}],"collection":[{"href":"https:\/\/www.culturalusa.com\/news\/wp-json\/wp\/v2\/posts"}],"about":[{"href":"https:\/\/www.culturalusa.com\/news\/wp-json\/wp\/v2\/types\/post"}],"author":[{"embeddable":true,"href":"https:\/\/www.culturalusa.com\/news\/wp-json\/wp\/v2\/users\/1"}],"replies":[{"embeddable":true,"href":"https:\/\/www.culturalusa.com\/news\/wp-json\/wp\/v2\/comments?post=12490"}],"version-history":[{"count":1,"href":"https:\/\/www.culturalusa.com\/news\/wp-json\/wp\/v2\/posts\/12490\/revisions"}],"predecessor-version":[{"id":12492,"href":"https:\/\/www.culturalusa.com\/news\/wp-json\/wp\/v2\/posts\/12490\/revisions\/12492"}],"wp:featuredmedia":[{"embeddable":true,"href":"https:\/\/www.culturalusa.com\/news\/wp-json\/wp\/v2\/media\/12491"}],"wp:attachment":[{"href":"https:\/\/www.culturalusa.com\/news\/wp-json\/wp\/v2\/media?parent=12490"}],"wp:term":[{"taxonomy":"category","embeddable":true,"href":"https:\/\/www.culturalusa.com\/news\/wp-json\/wp\/v2\/categories?post=12490"},{"taxonomy":"post_tag","embeddable":true,"href":"https:\/\/www.culturalusa.com\/news\/wp-json\/wp\/v2\/tags?post=12490"}],"curies":[{"name":"wp","href":"https:\/\/api.w.org\/{rel}","templated":true}]}}