{"id":12552,"date":"2024-02-19T11:56:10","date_gmt":"2024-02-19T10:56:10","guid":{"rendered":"https:\/\/www.culturalusa.com\/news\/?p=12552"},"modified":"2024-02-19T11:56:10","modified_gmt":"2024-02-19T10:56:10","slug":"le-gouvernement-revoit-ses-previsions-de-croissance-et-promet-des-economies-immediates","status":"publish","type":"post","link":"https:\/\/www.culturalusa.com\/news\/politique\/le-gouvernement-revoit-ses-previsions-de-croissance-et-promet-des-economies-immediates\/","title":{"rendered":"Le gouvernement revoit ses pr\u00e9visions de croissance et promet des \u00e9conomies \u00ab\u00a0imm\u00e9diates\u00a0\u00bb"},"content":{"rendered":"<h2>La croissance \u00e9conomique fran\u00e7aise sera moins vigoureuse qu&rsquo;esp\u00e9r\u00e9 en 2024, avec une pr\u00e9vision ramen\u00e9e \u00e0 1%, a annonc\u00e9 jeudi le ministre de l&rsquo;Economie Bruno Le Maire en d\u00e9voilant 10 milliards d&rsquo;\u00e9conomies \u00ab\u00a0imm\u00e9diates\u00a0\u00bb pour tenir les ambitions de r\u00e9duction du d\u00e9ficit.<\/h2>\n<p>Cette pr\u00e9vision de croissance \u00ab\u00a0tient compte du nouveau contexte g\u00e9opolitique\u00a0\u00bb, a expliqu\u00e9 le ministre de l&rsquo;Economie sur TF1, \u00e9voquant la guerre en Ukraine, le Moyen-Orient, le \u00ab\u00a0ralentissement \u00e9conomique tr\u00e8s marqu\u00e9 en Chine\u00a0\u00bb et \u00ab\u00a0une r\u00e9cession en 2023 en Allemagne\u00a0\u00bb.<\/p>\n<p>Face \u00e0 des recettes fiscales plus faibles qu&rsquo;attendu et pour respecter ses objectifs budg\u00e9taires d&rsquo;un d\u00e9ficit public \u00e0 4,4% du PIB en 2024 (contre 4,9% anticip\u00e9s pour 2023) l&rsquo;Etat fera \u00ab\u00a0un effort imm\u00e9diat de 10 milliards d&rsquo;euros d&rsquo;\u00e9conomies\u00a0\u00bb, a expliqu\u00e9 M. Le Maire.<\/p>\n<p>\u00ab\u00a0Ce n&rsquo;est pas la S\u00e9curit\u00e9 sociale qu&rsquo;on va toucher, ce n&rsquo;est pas les collectivit\u00e9s locales qu&rsquo;on va toucher\u00a0\u00bb, a martel\u00e9 le ministre.<\/p>\n<p>Les \u00e9conomies ne devraient pas n\u00e9cessiter de nouvelle loi mais \u00ab\u00a0nous nous gardons aussi la possibilit\u00e9\u00a0\u00bb d&rsquo;un \u00ab\u00a0budget rectificatif \u00e0 l&rsquo;\u00e9t\u00e9 en fonction des circonstances \u00e9conomiques et en fonction de la situation g\u00e9opolitique, en particulier l&rsquo;\u00e9volution de la guerre en Ukraine\u00a0\u00bb, a \u00e9galement not\u00e9 M. Le Maire.<\/p>\n<h3>\u00a0Aide au d\u00e9veloppement et MaPrimeR\u00e9nov&rsquo;<\/h3>\n<p>La moiti\u00e9 des \u00e9conomies, soit cinq milliards d&rsquo;euros, devront \u00eatre trouv\u00e9es sur le budget de fonctionnement \u00ab\u00a0de tous les minist\u00e8res\u00a0\u00bb, a expliqu\u00e9 M. Le Maire, par exemple sur les d\u00e9penses d&rsquo;\u00e9nergie ou les achats.<\/p>\n<p>Le gouvernement va \u00e9galement \u00ab\u00a0r\u00e9duire de pr\u00e8s d&rsquo;un milliard d&rsquo;euros\u00a0\u00bb l&rsquo;aide publique au d\u00e9veloppement et abaisser d&rsquo;un autre milliard d&rsquo;euros l&rsquo;enveloppe de l&rsquo;aide \u00e0 la r\u00e9novation \u00e9nerg\u00e9tique MaPrimeR\u00e9nov&rsquo;.<\/p>\n<p>\u00ab\u00a0On avait annonc\u00e9 une enveloppe suppl\u00e9mentaire de 1,6 milliard de 2023 \u00e0 2024\u00a0\u00bb et \u00ab\u00a0il y aura toujours une augmentation de 600 millions, mais nous r\u00e9cup\u00e9rons 1 milliard\u00a0\u00bb, a not\u00e9 le ministre.<\/p>\n<p>Une \u00ab\u00a0troisi\u00e8me s\u00e9rie d&rsquo;\u00e9conomies\u00a0\u00bb, d&rsquo;un milliard d&rsquo;euros au total, portera sur \u00ab\u00a0les op\u00e9rateurs de l&rsquo;Etat\u00a0\u00bb, selon M. Le Maire qui a \u00e9voqu\u00e9 notamment l&rsquo;Agence nationale de la coh\u00e9sion des territoires, Business France, France comp\u00e9tences ou encore le Centre national d&rsquo;\u00e9tudes spatiales.<\/p>\n<p>Le ministre \u00ab\u00a0a choisi l&rsquo;injustice\u00a0\u00bb, a r\u00e9agi Anne Bringault, directrice des programmes au R\u00e9seau Action Climat, d\u00e9noncant des \u00ab\u00a0\u00e9conomies sur le dos des plus vuln\u00e9rables\u00a0\u00bb, sur l&rsquo;aide publique au d\u00e9veloppement et le soutien \u00e0 la r\u00e9novation thermique.<\/p>\n<p>\u00ab\u00a0Le climat et le pouvoir d&rsquo;achat seront les perdants\u00a0\u00bb, affirme-t-elle.<\/p>\n<h3>\u00a0D\u00e9sendettement<\/h3>\n<p>Apr\u00e8s 0,9% de croissance en 2023, le gouvernement avait auparavant pr\u00e9vu une hausse de 1,4% du PIB cette ann\u00e9e. Il s&rsquo;aligne d\u00e9sormais sur les estimations d&rsquo;autres institutions: la Banque de France table sur une croissance \u00ab\u00a0proche de 0,9%\u00a0\u00bb, le Fonds mon\u00e9taire international pr\u00e9voit 1% et l&rsquo;OCDE 0,6%.<\/p>\n<p>C&rsquo;est pourtant sur cette perspective d&rsquo;une \u00e9conomie plus vigoureuse que se base le budget de l&rsquo;ann\u00e9e en cours.<\/p>\n<p>Car plut\u00f4t que des hausses d&rsquo;imp\u00f4ts, l&rsquo;executif tablait sur un surplus d&rsquo;activit\u00e9 ainsi que des \u00e9conomies consid\u00e9rables pour r\u00e9duire une dette de plus de 3.000 milliards d&rsquo;euros, dans la perspective de ramener le d\u00e9ficit sous la limite europ\u00e9enne de 3% en 2027.<\/p>\n<p>\u00ab\u00a0Nous n&rsquo;augmenterons pas les imp\u00f4ts\u00a0\u00bb, a insist\u00e9 M. Le Maire et \u00ab\u00a0nous maintiendrons la baisse d&rsquo;imp\u00f4t\u00a0\u00bb annonc\u00e9e pour les classes moyennes.<\/p>\n<p>\u00ab\u00a0Les \u00e9conomies annonc\u00e9es permettront de tenir notre trajectoire de d\u00e9sendettement\u00a0\u00bb a r\u00e9agi Jean-Ren\u00e9 Cazeneuve, rapporteur g\u00e9n\u00e9ral du budget \u00e0 l&rsquo;Assembl\u00e9e nationale. (AFP)<\/p>\n","protected":false},"excerpt":{"rendered":"<p>La croissance \u00e9conomique fran\u00e7aise sera moins vigoureuse qu&rsquo;esp\u00e9r\u00e9 en 2024, avec une pr\u00e9vision ramen\u00e9e \u00e0 1%, a annonc\u00e9 jeudi le ministre de l&rsquo;Economie Bruno Le Maire en d\u00e9voilant 10 milliards d&rsquo;\u00e9conomies \u00ab\u00a0imm\u00e9diates\u00a0\u00bb pour tenir les ambitions de r\u00e9duction du d\u00e9ficit. Cette pr\u00e9vision de croissance \u00ab\u00a0tient compte du nouveau contexte g\u00e9opolitique\u00a0\u00bb, a expliqu\u00e9 le ministre de [&hellip;]<\/p>\n","protected":false},"author":1,"featured_media":9525,"comment_status":"open","ping_status":"closed","sticky":false,"template":"","format":"standard","meta":{"footnotes":""},"categories":[1494],"tags":[1293,2997],"class_list":["post-12552","post","type-post","status-publish","format-standard","has-post-thumbnail","hentry","category-politique","tag-france","tag-le-gouvernement-revoi-ses-previsions-de-croissance"],"aioseo_notices":[],"_links":{"self":[{"href":"https:\/\/www.culturalusa.com\/news\/wp-json\/wp\/v2\/posts\/12552","targetHints":{"allow":["GET"]}}],"collection":[{"href":"https:\/\/www.culturalusa.com\/news\/wp-json\/wp\/v2\/posts"}],"about":[{"href":"https:\/\/www.culturalusa.com\/news\/wp-json\/wp\/v2\/types\/post"}],"author":[{"embeddable":true,"href":"https:\/\/www.culturalusa.com\/news\/wp-json\/wp\/v2\/users\/1"}],"replies":[{"embeddable":true,"href":"https:\/\/www.culturalusa.com\/news\/wp-json\/wp\/v2\/comments?post=12552"}],"version-history":[{"count":1,"href":"https:\/\/www.culturalusa.com\/news\/wp-json\/wp\/v2\/posts\/12552\/revisions"}],"predecessor-version":[{"id":12553,"href":"https:\/\/www.culturalusa.com\/news\/wp-json\/wp\/v2\/posts\/12552\/revisions\/12553"}],"wp:featuredmedia":[{"embeddable":true,"href":"https:\/\/www.culturalusa.com\/news\/wp-json\/wp\/v2\/media\/9525"}],"wp:attachment":[{"href":"https:\/\/www.culturalusa.com\/news\/wp-json\/wp\/v2\/media?parent=12552"}],"wp:term":[{"taxonomy":"category","embeddable":true,"href":"https:\/\/www.culturalusa.com\/news\/wp-json\/wp\/v2\/categories?post=12552"},{"taxonomy":"post_tag","embeddable":true,"href":"https:\/\/www.culturalusa.com\/news\/wp-json\/wp\/v2\/tags?post=12552"}],"curies":[{"name":"wp","href":"https:\/\/api.w.org\/{rel}","templated":true}]}}