{"id":12554,"date":"2024-02-23T18:25:07","date_gmt":"2024-02-23T17:25:07","guid":{"rendered":"https:\/\/www.culturalusa.com\/news\/?p=12554"},"modified":"2024-02-23T18:25:33","modified_gmt":"2024-02-23T17:25:33","slug":"crise-agricole-la-grande-distribution-appelle-a-etendre-les-obligations-degalim-a-la-restauration-et-aux-grossistes","status":"publish","type":"post","link":"https:\/\/www.culturalusa.com\/news\/actualite\/crise-agricole-la-grande-distribution-appelle-a-etendre-les-obligations-degalim-a-la-restauration-et-aux-grossistes\/","title":{"rendered":"Crise Agricole : la grande distribution appelle \u00e0 \u00ab\u00a0\u00e9tendre les obligations d&rsquo;Egalim\u00a0\u00bb \u00e0 la restauration et aux grossistes"},"content":{"rendered":"<div class=\"text-color text-font block-html mb-4\">\n<h2>Les principaux patrons de la grande distribution ont appel\u00e9 \u00e0 \u00e9tendre les obligations d&rsquo;Egalim \u00ab\u00a0aux acteurs de la restauration, ainsi qu&rsquo;aux grossistes industriels\u00a0\u00bb, dans un courrier commun \u00e0 la FNSEA.<\/h2>\n<blockquote><p>La crise du monde agricole \u00ab\u00a0nous oblige\u00a0\u00bb mais la grande distribution \u00ab\u00a0ne peut pas tout\u00a0\u00bb, \u00e9crivent dans ce courrier Michel-Edouard Leclerc (E.Leclerc), Alexandre Bompard (Carrefour), Thierry Cotillard (Les Mousquetaires\/Intermarch\u00e9), Dominique Schelcher (Syst\u00e8me U), Philippe Brochard (Auchan), Jean-Charles Naouri (Casino, Monoprix) et Ludovic Chatelais (Cora).<\/p><\/blockquote>\n<p>A eux sept, ils p\u00e8sent plus de 88% du march\u00e9 de la distribution alimentaire fran\u00e7aise, selon les donn\u00e9es de r\u00e9f\u00e9rence du pan\u00e9liste Kantar.<\/p>\n<p>Le gouvernement pr\u00e9voit de pr\u00e9senter \u00ab\u00a0d&rsquo;ici l&rsquo;\u00e9t\u00e9\u00a0\u00bb un nouveau texte de loi pour \u00ab\u00a0renforcer le dispositif Egalim\u00a0\u00bb devant permettre une meilleure r\u00e9mun\u00e9ration des agriculteurs dans le cadre des n\u00e9gociations entre distributeurs et fournisseurs agro-industriels.<\/p>\n<p>Ces patrons souvent m\u00e9diatiques demandent que la question du revenu agricole ne soit pas trait\u00e9e \u00ab\u00a0sans appr\u00e9hender les autres d\u00e9bouch\u00e9s\u00a0\u00bb. Leur secteur \u00ab\u00a0repr\u00e9sente moins de la moiti\u00e9 des d\u00e9bouch\u00e9s des exploitations agricoles fran\u00e7aises\u00a0\u00bb.<\/p>\n<p>Il est pour eux \u00ab\u00a0grand temps d&rsquo;\u00e9tendre les obligations d&rsquo;Egalim aux acteurs de la restauration hors foyer (restaurants et restauration collective, ndlr), ainsi qu&rsquo;aux grossistes industriels!\u00a0\u00bb<\/p>\n<p>La veille, Thierry Cotillard avait regrett\u00e9 aupr\u00e8s de l&rsquo;AFP que les collectivit\u00e9s locales s&rsquo;affranchissent de certaines dispositions des lois Egalim. Elles pr\u00e9voyaient \u00ab\u00a0que les collectivit\u00e9s doivent s&rsquo;approvisionner \u00e0 20% en produits bio ou locaux pour la restauration collective, on en est tr\u00e8s loin\u00a0\u00bb, observait-il.<\/p>\n<p>La grande distribution demande en outre que soit fait \u00ab\u00a0obligation aux industriels, sous peine de sanctions, de mener leurs n\u00e9gociations\u00a0\u00bb avec les agriculteurs avant celles avec les distributeurs, et que le prix pay\u00e9 aux agriculteurs soit connu dans cette n\u00e9gociation.<\/p>\n<p>Les pr\u00e9c\u00e9dentes moutures des lois Egalim poursuivaient cet objectif pour des r\u00e9sultats de l&rsquo;avis g\u00e9n\u00e9ral insatisfaisants.<\/p>\n<p>Le secteur propose encore de \u00ab\u00a0de travailler \u00e0 une charte de bonnes pratiques\u00a0\u00bb pour \u00e9viter que l&rsquo;utilisation de centrales d&rsquo;achats et de services bas\u00e9es en Europe ne soit pr\u00e9judiciable au revenu des agriculteurs.<\/p>\n<p>\u00ab\u00a0Dans d&rsquo;autres secteurs, l&rsquo;a\u00e9ronautique, la chimie, les euro-centrales existent\u00a0\u00bb et sont \u00ab\u00a0des outils incroyables\u00a0\u00bb contre \u00ab\u00a0les augmentation de tarifs des multinationales\u00a0\u00bb comme Coca-Cola ou Nestl\u00e9, exposait Thierry Cotillard la veille, proposant d&rsquo;exclure de ces n\u00e9gociations \u00ab\u00a0les produits \u00e0 forte composante agricole\u00a0\u00bb.<\/p>\n<\/div>\n","protected":false},"excerpt":{"rendered":"<p>Les principaux patrons de la grande distribution ont appel\u00e9 \u00e0 \u00e9tendre les obligations d&rsquo;Egalim \u00ab\u00a0aux acteurs de la restauration, ainsi qu&rsquo;aux grossistes industriels\u00a0\u00bb, dans un courrier commun \u00e0 la FNSEA. La crise du monde agricole \u00ab\u00a0nous oblige\u00a0\u00bb mais la grande distribution \u00ab\u00a0ne peut pas tout\u00a0\u00bb, \u00e9crivent dans ce courrier Michel-Edouard Leclerc (E.Leclerc), Alexandre Bompard (Carrefour), [&hellip;]<\/p>\n","protected":false},"author":1,"featured_media":12556,"comment_status":"open","ping_status":"closed","sticky":false,"template":"","format":"standard","meta":{"footnotes":""},"categories":[30],"tags":[1097,2982,2999,3000,2998],"class_list":["post-12554","post","type-post","status-publish","format-standard","has-post-thumbnail","hentry","category-actualite","tag-agriculteurs","tag-crise-agricole","tag-egalim","tag-fnsea","tag-grande-distribution"],"aioseo_notices":[],"_links":{"self":[{"href":"https:\/\/www.culturalusa.com\/news\/wp-json\/wp\/v2\/posts\/12554","targetHints":{"allow":["GET"]}}],"collection":[{"href":"https:\/\/www.culturalusa.com\/news\/wp-json\/wp\/v2\/posts"}],"about":[{"href":"https:\/\/www.culturalusa.com\/news\/wp-json\/wp\/v2\/types\/post"}],"author":[{"embeddable":true,"href":"https:\/\/www.culturalusa.com\/news\/wp-json\/wp\/v2\/users\/1"}],"replies":[{"embeddable":true,"href":"https:\/\/www.culturalusa.com\/news\/wp-json\/wp\/v2\/comments?post=12554"}],"version-history":[{"count":1,"href":"https:\/\/www.culturalusa.com\/news\/wp-json\/wp\/v2\/posts\/12554\/revisions"}],"predecessor-version":[{"id":12555,"href":"https:\/\/www.culturalusa.com\/news\/wp-json\/wp\/v2\/posts\/12554\/revisions\/12555"}],"wp:featuredmedia":[{"embeddable":true,"href":"https:\/\/www.culturalusa.com\/news\/wp-json\/wp\/v2\/media\/12556"}],"wp:attachment":[{"href":"https:\/\/www.culturalusa.com\/news\/wp-json\/wp\/v2\/media?parent=12554"}],"wp:term":[{"taxonomy":"category","embeddable":true,"href":"https:\/\/www.culturalusa.com\/news\/wp-json\/wp\/v2\/categories?post=12554"},{"taxonomy":"post_tag","embeddable":true,"href":"https:\/\/www.culturalusa.com\/news\/wp-json\/wp\/v2\/tags?post=12554"}],"curies":[{"name":"wp","href":"https:\/\/api.w.org\/{rel}","templated":true}]}}