{"id":1258,"date":"2013-11-20T01:23:32","date_gmt":"2013-11-20T00:23:32","guid":{"rendered":"http:\/\/www.culturalusa.com\/news\/?p=1258"},"modified":"2013-11-20T01:23:32","modified_gmt":"2013-11-20T00:23:32","slug":"la-zone-euro-va-verser-37-milliards-deuros-au-portugal","status":"publish","type":"post","link":"https:\/\/www.culturalusa.com\/news\/economie\/la-zone-euro-va-verser-37-milliards-deuros-au-portugal\/","title":{"rendered":"La zone euro va verser 3,7 milliards d&rsquo;euros au Portugal"},"content":{"rendered":"<p><img loading=\"lazy\" decoding=\"async\" src=\"http:\/\/www.culturalusa.com\/news\/wp-content\/uploads\/2012\/05\/europa.jpg\" alt=\"La zone Euro\" width=\"450\" height=\"260\" class=\"aligncenter size-full wp-image-525\" srcset=\"https:\/\/www.culturalusa.com\/news\/wp-content\/uploads\/2012\/05\/europa.jpg 450w, https:\/\/www.culturalusa.com\/news\/wp-content\/uploads\/2012\/05\/europa-275x159.jpg 275w\" sizes=\"auto, (max-width: 450px) 100vw, 450px\" \/>La zone euro a annonc\u00e9 le d\u00e9boursement d&rsquo;une tranche d&rsquo;aide de 3,7 milliards d&rsquo;euros pour le Portugal, dans le cadre du plan de sauvetage international accord\u00e9 au pays en mai 2011.<\/p>\n<p>Le feu vert a \u00e9t\u00e9 donn\u00e9 par le conseil d&rsquo;administration du FESF, le fonds de soutien de la zone euro, apr\u00e8s un avis positif de la tro\u00efka rassemblant les cr\u00e9anciers du pays (UE-FMI-BCE).<\/p>\n<p>\u00ab\u00a0Apr\u00e8s plusieurs ann\u00e9es d&rsquo;efforts (&#8230;), le Portugal a d\u00e9sormais atteint la phase d\u00e9cisive vers la reconqu\u00eate de l&rsquo;acc\u00e8s aux march\u00e9s\u00a0\u00bb, a estim\u00e9 Klaus Regling, le patron du Fonds de soutien de la zone euro. \u00ab\u00a0Compte tenu des progr\u00e8s remarquables accomplis jusqu&rsquo;ici, cet objectif est \u00e0 notre port\u00e9e\u00a0\u00bb, a-t-il ajout\u00e9, cit\u00e9 dans un communiqu\u00e9.<\/p>\n<p>Apr\u00e8s le d\u00e9boursement de cette tranche, il restera encore \u00e0 la zone euro 1,2 milliard d&rsquo;euros \u00e0 verser au Portugal avant la fin du programme d&rsquo;aide pr\u00e9vu en juin 2014.<\/p>\n<p>Mais selon les analystes et les agences de notation, Lisbonne ne pourra pas faire l&rsquo;\u00e9conomie d&rsquo;une nouvelle ligne de cr\u00e9dit \u00e0 la fin de son programme d&rsquo;aide.<\/p>\n<p>\u00ab\u00a0Si le Portugal n\u00e9gocie une ligne de cr\u00e9dit d\u00e9but 2014, cela lui permettra de renforcer la confiance des investisseurs et de faciliter un retour en douceur sur les march\u00e9s\u00a0\u00bb, a estim\u00e9 lundi l&rsquo;agence Fitch dans un communiqu\u00e9.<\/p>\n<p>En \u00e9change d&rsquo;un pr\u00eat de 78 milliards d&rsquo;euros accord\u00e9 par l&rsquo;UE et le FMI, le Portugal s&rsquo;est engag\u00e9 \u00e0 mettre en oeuvre pendant trois ans un plan exigeant de rigueur et de r\u00e9formes. <\/p>\n<p>Pour sortir de son plan de sauvetage en juin 2014, il doit regagner la confiance des march\u00e9s pour financer \u00e0 un co\u00fbt abordable sa dette \u00e9crasante, qui devrait atteindre 123% du PIB cette ann\u00e9e, selon la Commission europ\u00e9enne.<\/p>\n<p>Le ministre portugais des Affaires \u00e9trang\u00e8res Rui Machete a r\u00e9cemment estim\u00e9 que les taux \u00e0 dix ans devaient baisser \u00e0 4,5% d&rsquo;ici juin pour que le pays \u00e9chappe \u00e0 un nouveau plan d&rsquo;aide international. Ils \u00e9taient mardi l\u00e9g\u00e8rement en-dessous de 6%.(AFP)<\/p>\n<p style=\"text-align:center;\"><script type=\"text\/javascript\"><!--\ngoogle_ad_client = \"ca-pub-2727717456356200\";\n\/* CulturaLusa 468x60 *\/\ngoogle_ad_slot = \"2785499263\";\ngoogle_ad_width = 468;\ngoogle_ad_height = 60;\n\/\/-->\n<\/script><br \/>\n<script type=\"text\/javascript\"\nsrc=\"http:\/\/pagead2.googlesyndication.com\/pagead\/show_ads.js\">\n<\/script><\/p>\n","protected":false},"excerpt":{"rendered":"<p>La zone euro a annonc\u00e9 le d\u00e9boursement d&rsquo;une tranche d&rsquo;aide de 3,7 milliards d&rsquo;euros pour le Portugal, dans le cadre du plan de sauvetage international accord\u00e9 au pays en mai 2011. Le feu vert a \u00e9t\u00e9 donn\u00e9 par le conseil d&rsquo;administration du FESF, le fonds de soutien de la zone euro, apr\u00e8s un avis positif [&hellip;]<\/p>\n","protected":false},"author":1,"featured_media":0,"comment_status":"open","ping_status":"closed","sticky":false,"template":"","format":"standard","meta":{"footnotes":""},"categories":[1],"tags":[],"class_list":["post-1258","post","type-post","status-publish","format-standard","hentry","category-economie"],"aioseo_notices":[],"_links":{"self":[{"href":"https:\/\/www.culturalusa.com\/news\/wp-json\/wp\/v2\/posts\/1258","targetHints":{"allow":["GET"]}}],"collection":[{"href":"https:\/\/www.culturalusa.com\/news\/wp-json\/wp\/v2\/posts"}],"about":[{"href":"https:\/\/www.culturalusa.com\/news\/wp-json\/wp\/v2\/types\/post"}],"author":[{"embeddable":true,"href":"https:\/\/www.culturalusa.com\/news\/wp-json\/wp\/v2\/users\/1"}],"replies":[{"embeddable":true,"href":"https:\/\/www.culturalusa.com\/news\/wp-json\/wp\/v2\/comments?post=1258"}],"version-history":[{"count":0,"href":"https:\/\/www.culturalusa.com\/news\/wp-json\/wp\/v2\/posts\/1258\/revisions"}],"wp:attachment":[{"href":"https:\/\/www.culturalusa.com\/news\/wp-json\/wp\/v2\/media?parent=1258"}],"wp:term":[{"taxonomy":"category","embeddable":true,"href":"https:\/\/www.culturalusa.com\/news\/wp-json\/wp\/v2\/categories?post=1258"},{"taxonomy":"post_tag","embeddable":true,"href":"https:\/\/www.culturalusa.com\/news\/wp-json\/wp\/v2\/tags?post=1258"}],"curies":[{"name":"wp","href":"https:\/\/api.w.org\/{rel}","templated":true}]}}