{"id":12596,"date":"2024-03-07T12:02:43","date_gmt":"2024-03-07T11:02:43","guid":{"rendered":"https:\/\/www.culturalusa.com\/news\/?p=12596"},"modified":"2024-03-07T12:02:43","modified_gmt":"2024-03-07T11:02:43","slug":"la-suede-rejoint-officiellement-lotan","status":"publish","type":"post","link":"https:\/\/www.culturalusa.com\/news\/monde\/la-suede-rejoint-officiellement-lotan\/","title":{"rendered":"La Su\u00e8de rejoint officiellement l&rsquo;Otan"},"content":{"rendered":"<div class=\"text-color text-font block-html mb-4\">\n<h2>Apr\u00e8s deux si\u00e8cles de neutralit\u00e9 puis de non-alignement militaire et deux ann\u00e9es de tractations, la Su\u00e8de devient officiellement le 32e membre de l&rsquo;Otan, une \u00e9tape majeure pour un pays qui se gardait jusque-l\u00e0 de provoquer l&rsquo;ire de Moscou.<\/h2>\n<p>Le Premier ministre su\u00e9dois Ulf Kristersson est en d\u00e9placement \u00e0 Washington, o\u00f9 le chef de la diplomatie am\u00e9ricaine Antony Blinken doit recevoir officiellement les documents de ratification. Cette derni\u00e8re avait \u00e9t\u00e9 obtenue de haute lutte apr\u00e8s de longues n\u00e9gociations avec certains membres de l&rsquo;Alliance.<\/p>\n<p>Et le drapeau bleu et jaune su\u00e9dois doit \u00eatre hiss\u00e9 lundi devant le si\u00e8ge bruxellois de l&rsquo;Otan.<\/p>\n<h3>La Russie a promis la semaine derni\u00e8re de prendre des \u00ab\u00a0contre-mesures\u00a0\u00bb en r\u00e9action \u00e0 l&rsquo;adh\u00e9sion de Stockholm, qui d\u00e9pendront \u00ab\u00a0des conditions et de l&rsquo;ampleur de l&rsquo;int\u00e9gration de la Su\u00e8de \u00e0 l&rsquo;Otan\u00a0\u00bb.<\/h3>\n<p>L&rsquo;adh\u00e9sion de la Su\u00e8de, apr\u00e8s celle de la Finlande l&rsquo;an dernier, signifie que tous les pays bordant la mer Baltique, \u00e0 l&rsquo;exception de la Russie, sont d\u00e9sormais membres de l&rsquo;Alliance atlantique.<\/p>\n<p>La Su\u00e8de et la Finlande, bien que proches militairement des Etats-Unis de par leur appartenance \u00e0 l&rsquo;Union europ\u00e9enne, ont historiquement pr\u00e9f\u00e9r\u00e9 se tenir \u00e0 l&rsquo;\u00e9cart de l&rsquo;alliance, form\u00e9e lors de la Guerre froide face \u00e0 l&rsquo;Union sovi\u00e9tique.<\/p>\n<p>Si la Su\u00e8de contribue aux forces internationales de maintien de la paix, elle n&rsquo;a plus connu de guerre depuis un conflit avec la Norv\u00e8ge en 1814.<\/p>\n<h3>\u00a0\u00ab\u00a0Trop de sacrifices\u00a0\u00bb<\/h3>\n<p>Helsinki et Stockholm avaient annonc\u00e9 en m\u00eame temps leur candidature pour rejoindre l&rsquo;Otan en 2022, en r\u00e9action \u00e0 l&rsquo;invasion de l&rsquo;Ukraine par la Russie.<\/p>\n<p>La Finlande avait obtenu son accession \u00e0 l&rsquo;Alliance en avril dernier, mais le processus d&rsquo;adh\u00e9sion de la Su\u00e8de a \u00e9t\u00e9 ponctu\u00e9 de tractations avec la Turquie qui accusait le pays nordique de mansu\u00e9tude envers des militants kurdes r\u00e9fugi\u00e9s sur son sol, consid\u00e9r\u00e9s pour certains comme terroristes par Ankara.<\/p>\n<blockquote><p>La Su\u00e8de a \u00e9galement d\u00fb composer avec les r\u00e9ticences du Premier ministre hongrois. Viktor Orban avait certes donn\u00e9 de longue date son accord de principe mais, avant de boucler le processus, il exigeait du \u00ab\u00a0respect\u00a0\u00bb de Stockholm, apr\u00e8s des ann\u00e9es de \u00ab\u00a0d\u00e9nigrement\u00a0\u00bb de sa politique.<\/p><\/blockquote>\n<p>Fin f\u00e9vrier, le Parlement hongrois avait finalement ratifi\u00e9 l&rsquo;adh\u00e9sion de la Su\u00e8de \u00e0 l&rsquo;Otan.<\/p>\n<p>Selon un sondage de la radio SR diffus\u00e9 vendredi, une majorit\u00e9 de Su\u00e9dois estime que leur pays a fait de \u00ab\u00a0trop de sacrifices\u00a0\u00bb pour devenir membre de l&rsquo;Otan, tout en admettant que la s\u00e9curit\u00e9 de la Su\u00e8de s&rsquo;est renforc\u00e9e avec cette adh\u00e9sion.<\/p>\n<p>L&rsquo;adh\u00e9sion de la Su\u00e8de \u00e0 l&rsquo;Otan s&rsquo;est accompagn\u00e9e d&rsquo;un net durcissement du discours de ses dirigeants, le commandant en chef des forces arm\u00e9es su\u00e9doises, Micael Byden, d\u00e9clarant en janvier que ses compatriotes \u00ab\u00a0devaient se pr\u00e9parer mentalement \u00e0 la guerre\u00a0\u00bb.<\/p>\n<p>Outre sa candidature \u00e0 l&rsquo;Otan, la Su\u00e8de a sign\u00e9 d\u00e9but d\u00e9cembre un accord autorisant les Etats-Unis \u00e0 avoir acc\u00e8s \u00e0 17 bases militaires sur son sol.<\/p>\n<\/div>\n","protected":false},"excerpt":{"rendered":"<p>Apr\u00e8s deux si\u00e8cles de neutralit\u00e9 puis de non-alignement militaire et deux ann\u00e9es de tractations, la Su\u00e8de devient officiellement le 32e membre de l&rsquo;Otan, une \u00e9tape majeure pour un pays qui se gardait jusque-l\u00e0 de provoquer l&rsquo;ire de Moscou. Le Premier ministre su\u00e9dois Ulf Kristersson est en d\u00e9placement \u00e0 Washington, o\u00f9 le chef de la diplomatie [&hellip;]<\/p>\n","protected":false},"author":1,"featured_media":12597,"comment_status":"open","ping_status":"closed","sticky":false,"template":"","format":"standard","meta":{"footnotes":""},"categories":[1372],"tags":[3008,667,426],"class_list":["post-12596","post","type-post","status-publish","format-standard","has-post-thumbnail","hentry","category-monde","tag-la-suede-rejoint-officiellement-lotan","tag-otan","tag-suede"],"aioseo_notices":[],"_links":{"self":[{"href":"https:\/\/www.culturalusa.com\/news\/wp-json\/wp\/v2\/posts\/12596","targetHints":{"allow":["GET"]}}],"collection":[{"href":"https:\/\/www.culturalusa.com\/news\/wp-json\/wp\/v2\/posts"}],"about":[{"href":"https:\/\/www.culturalusa.com\/news\/wp-json\/wp\/v2\/types\/post"}],"author":[{"embeddable":true,"href":"https:\/\/www.culturalusa.com\/news\/wp-json\/wp\/v2\/users\/1"}],"replies":[{"embeddable":true,"href":"https:\/\/www.culturalusa.com\/news\/wp-json\/wp\/v2\/comments?post=12596"}],"version-history":[{"count":1,"href":"https:\/\/www.culturalusa.com\/news\/wp-json\/wp\/v2\/posts\/12596\/revisions"}],"predecessor-version":[{"id":12598,"href":"https:\/\/www.culturalusa.com\/news\/wp-json\/wp\/v2\/posts\/12596\/revisions\/12598"}],"wp:featuredmedia":[{"embeddable":true,"href":"https:\/\/www.culturalusa.com\/news\/wp-json\/wp\/v2\/media\/12597"}],"wp:attachment":[{"href":"https:\/\/www.culturalusa.com\/news\/wp-json\/wp\/v2\/media?parent=12596"}],"wp:term":[{"taxonomy":"category","embeddable":true,"href":"https:\/\/www.culturalusa.com\/news\/wp-json\/wp\/v2\/categories?post=12596"},{"taxonomy":"post_tag","embeddable":true,"href":"https:\/\/www.culturalusa.com\/news\/wp-json\/wp\/v2\/tags?post=12596"}],"curies":[{"name":"wp","href":"https:\/\/api.w.org\/{rel}","templated":true}]}}