{"id":12600,"date":"2024-03-10T20:44:30","date_gmt":"2024-03-10T19:44:30","guid":{"rendered":"https:\/\/www.culturalusa.com\/news\/?p=12600"},"modified":"2024-03-10T20:44:30","modified_gmt":"2024-03-10T19:44:30","slug":"lukraine-ne-hissera-jamais-le-drapeau-blanc-repond-kiev-au-pape","status":"publish","type":"post","link":"https:\/\/www.culturalusa.com\/news\/actualite\/lukraine-ne-hissera-jamais-le-drapeau-blanc-repond-kiev-au-pape\/","title":{"rendered":"L&rsquo;Ukraine ne hissera jamais le drapeau blanc, r\u00e9pond Kiev au pape"},"content":{"rendered":"<h2>L&rsquo;Ukraine a r\u00e9pondu vertement au Pape Fran\u00e7ois, jurant de ne \u00ab\u00a0jamais\u00a0\u00bb se rendre face \u00e0 la Russie en r\u00e9action \u00e0 un appel du souverain pontife \u00e0 avoir \u00ab\u00a0le courage de hisser le drapeau blanc et de n\u00e9gocier\u00a0\u00bb.<\/h2>\n<blockquote><p>\u00ab\u00a0Notre drapeau est jaune et bleu. C&rsquo;est le drapeau pour lequel nous vivons, nous mourrons et triomphons. Nous ne hisserons jamais d&rsquo;autres drapeaux\u00a0\u00bb, a r\u00e9pondu le chef de la diplomatie ukrainienne, Dmytro Kuleba, dans un message sur X (ex-Twitter).<\/p><\/blockquote>\n<p>\u00ab\u00a0Quand il s&rsquo;agit de drapeau blanc, nous connaissons la strat\u00e9gie du Vatican lors de la premi\u00e8re partie du XXe si\u00e8cle. J&rsquo;appelle \u00e0 \u00e9viter de r\u00e9p\u00e9ter les erreurs du pass\u00e9 et \u00e0 soutenir l&rsquo;Ukraine et son peuple dans son combat pour la vie\u00a0\u00bb, a-t-il ajout\u00e9, visiblement en r\u00e9f\u00e9rence \u00e0 la p\u00e9riode de la Seconde guerre mondiale et aux relations de l&rsquo;Eglise avec l&rsquo;Allemagne nazie.<\/p>\n<p>Il a n\u00e9anmoins dit esp\u00e9rer que le souverain pontife \u00ab\u00a0trouvera l&rsquo;occasion d&rsquo;effectuer une visite canonique en Ukraine\u00a0\u00bb.<\/p>\n<p>Dans une interview \u00e0 la t\u00e9l\u00e9vision publique RTS datant de d\u00e9but f\u00e9vrier et diffus\u00e9e samedi, le pape Fran\u00e7ois, interrog\u00e9 sur la situation de l&rsquo;Ukraine, a appel\u00e9 Kiev \u00e0 ne pas avoir \u00ab\u00a0honte de n\u00e9gocier avant que les choses n&#8217;empirent\u00a0\u00bb.<\/p>\n<p>\u00ab\u00a0Je crois que les plus forts sont ceux qui voient la situation, pensent aux gens et ont le courage de hisser le drapeau blanc et de n\u00e9gocier\u00a0\u00bb, a-t-il estim\u00e9.<\/p>\n<p>Francis, \u00e0 la t\u00eate de l&rsquo;Eglise catholique depuis 2013, s&rsquo;\u00e9tait d\u00e9j\u00e0 attir\u00e9 des critiques dans les premiers mois de l&rsquo;invasion russe en Ukraine en ne d\u00e9signant pas clairement la Russie comme l&rsquo;agresseur.<\/p>\n<p>L&rsquo;ann\u00e9e derni\u00e8re, il a nomm\u00e9 un cardinal comme m\u00e9diateur pour oeuvrer \u00e0 des n\u00e9gociations de paix. Ce dernier s&rsquo;est d\u00e9j\u00e0 rendu \u00e0 Moscou, Kiev, Washington et P\u00e9kin.<\/p>\n<h3>Mise au point du Vatican<\/h3>\n<p>D\u00e8s samedi soir, le Vatican a cherch\u00e9 \u00e0 corriger le tir en insistant dans un communiqu\u00e9 sur le fait que la formule \u00ab\u00a0drapeau blanc\u00a0\u00bb signifiait ici \u00ab\u00a0une cessation des hostilit\u00e9s, un tr\u00eave obtenue avec le courage de n\u00e9gocier\u00a0\u00bb plut\u00f4t qu&rsquo;une reddition.<\/p>\n<p>Apr\u00e8s la pri\u00e8re de l&rsquo;Angelus, dimanche, le pape Fran\u00e7ois a aussi appel\u00e9 \u00e0 la paix \u00ab\u00a0dans l&rsquo;Ukraine martyris\u00e9e\u00a0\u00bb.<\/p>\n<p>Mais d&rsquo;autres officiels ont mal pris ses propos. L&rsquo;ambassadeur de Kiev au Vatican, Andri\u00ef Iourach, a compar\u00e9 cette suggestion \u00e0 des n\u00e9gociations avec Hitler pendant la Seconde guerre mondiale.<\/p>\n<p>\u00ab\u00a0Si nous voulons finir la guerre, nous devons tout faire pour tuer le Dragon!\u00a0\u00bb, a-t-il \u00e9crit sur X.<\/p>\n<p>Le primat de l\u2019Eglise grecque-catholique ukrainienne, qui compte officiellement plus de 5 millions de membres en Ukraine, a lui-aussi r\u00e9agi, sans toutefois mentionner clairement le pape.<\/p>\n<p>\u00ab\u00a0Croyez-moi, personne n\u2019a dans la t\u00eate l\u2019id\u00e9e de se rendre, m\u00eame l\u00e0 o\u00f9 les combats se d\u00e9roulent aujourd&rsquo;hui \u2014 \u00e9coutez nos gens dans les r\u00e9gions de Kherson, Zaporijjia, Odessa, Kharkov, Soumy!\u00a0\u00bb, a d\u00e9clar\u00e9 Sviatoslav Chevtchouk, samedi, lors d\u2019une messe dans une \u00e9glise de New York o\u00f9 il se trouvait en d\u00e9placement.<\/p>\n<p>Edgars Rink\u0113vi\u010ds, le pr\u00e9sident de la Lettonie, ex-r\u00e9publique sovi\u00e9tique qui a des relations tendues avec Moscou et craint une agression russe, a lui appel\u00e9 sur X \u00ab\u00a0\u00e0 ne pas capituler face au mal\u00a0\u00bb mais \u00e0 le \u00ab\u00a0vaincre\u00a0\u00bb pour que ce soit lui qui \u00ab\u00a0hisse le drapeau blanc\u00a0\u00bb.<\/p>\n","protected":false},"excerpt":{"rendered":"<p>L&rsquo;Ukraine a r\u00e9pondu vertement au Pape Fran\u00e7ois, jurant de ne \u00ab\u00a0jamais\u00a0\u00bb se rendre face \u00e0 la Russie en r\u00e9action \u00e0 un appel du souverain pontife \u00e0 avoir \u00ab\u00a0le courage de hisser le drapeau blanc et de n\u00e9gocier\u00a0\u00bb. \u00ab\u00a0Notre drapeau est jaune et bleu. C&rsquo;est le drapeau pour lequel nous vivons, nous mourrons et triomphons. Nous [&hellip;]<\/p>\n","protected":false},"author":1,"featured_media":12601,"comment_status":"open","ping_status":"closed","sticky":false,"template":"","format":"standard","meta":{"footnotes":""},"categories":[30],"tags":[637,3010,333,3009],"class_list":["post-12600","post","type-post","status-publish","format-standard","has-post-thumbnail","hentry","category-actualite","tag-pape","tag-repond-kiev-au-pape","tag-ukraine","tag-ukraine-ne-hissera-jamais-le-drapeau-blan"],"aioseo_notices":[],"_links":{"self":[{"href":"https:\/\/www.culturalusa.com\/news\/wp-json\/wp\/v2\/posts\/12600","targetHints":{"allow":["GET"]}}],"collection":[{"href":"https:\/\/www.culturalusa.com\/news\/wp-json\/wp\/v2\/posts"}],"about":[{"href":"https:\/\/www.culturalusa.com\/news\/wp-json\/wp\/v2\/types\/post"}],"author":[{"embeddable":true,"href":"https:\/\/www.culturalusa.com\/news\/wp-json\/wp\/v2\/users\/1"}],"replies":[{"embeddable":true,"href":"https:\/\/www.culturalusa.com\/news\/wp-json\/wp\/v2\/comments?post=12600"}],"version-history":[{"count":1,"href":"https:\/\/www.culturalusa.com\/news\/wp-json\/wp\/v2\/posts\/12600\/revisions"}],"predecessor-version":[{"id":12602,"href":"https:\/\/www.culturalusa.com\/news\/wp-json\/wp\/v2\/posts\/12600\/revisions\/12602"}],"wp:featuredmedia":[{"embeddable":true,"href":"https:\/\/www.culturalusa.com\/news\/wp-json\/wp\/v2\/media\/12601"}],"wp:attachment":[{"href":"https:\/\/www.culturalusa.com\/news\/wp-json\/wp\/v2\/media?parent=12600"}],"wp:term":[{"taxonomy":"category","embeddable":true,"href":"https:\/\/www.culturalusa.com\/news\/wp-json\/wp\/v2\/categories?post=12600"},{"taxonomy":"post_tag","embeddable":true,"href":"https:\/\/www.culturalusa.com\/news\/wp-json\/wp\/v2\/tags?post=12600"}],"curies":[{"name":"wp","href":"https:\/\/api.w.org\/{rel}","templated":true}]}}