{"id":12603,"date":"2024-03-11T00:13:09","date_gmt":"2024-03-10T23:13:09","guid":{"rendered":"https:\/\/www.culturalusa.com\/news\/?p=12603"},"modified":"2024-03-11T00:28:27","modified_gmt":"2024-03-10T23:28:27","slug":"pt-elections-legislatives-au-portugal-le-pays-bascule-a-droite","status":"publish","type":"post","link":"https:\/\/www.culturalusa.com\/news\/portugal\/pt-elections-legislatives-au-portugal-le-pays-bascule-a-droite\/","title":{"rendered":"PT &#8211; \u00c9lections l\u00e9gislatives au Portugal : le pays bascule \u00e0 droite"},"content":{"rendered":"<h2>L\u2019opposition de centre droit a remport\u00e9 les \u00e9lections. La <a href=\"https:\/\/fr.wikipedia.org\/wiki\/Mouvement_conservateur_(mouvement_politique)\" target=\"_blank\" rel=\"noopener\"><strong>Droite Conservatrice<\/strong><\/a> a aussi nettement renforc\u00e9 son rang de troisi\u00e8me force politique du pays.<\/h2>\n<p>Une victoire de justesse. L&rsquo;opposition de centre droit a remport\u00e9 les l\u00e9gislatives de ce dimanche 10 mars au Portugal. Apr\u00e8s huit ans de gouvernement socialiste, le Parlement du pays ib\u00e9rique vire \u00e0 droite avec une nouvelle pouss\u00e9e des populistes, selon une projection sortie des urnes diffus\u00e9e par la t\u00e9l\u00e9vision publique RTP.<\/p>\n<p>\u00c0 trois mois des europ\u00e9ennes, ce scrutin pr\u00e9cipit\u00e9 par la d\u00e9mission du Premier ministre sortant Antonio Costa, qui ne briguait pas un nouveau mandat, vient confirmer que l&rsquo;extr\u00eame droite progresse \u00e0 travers le Vieux Continent, comme l&rsquo;avaient montr\u00e9 les \u00e9lecteurs italiens ou n\u00e9erlandais.<\/p>\n<blockquote><p>Le Portugal \u00e9tait un des rares pays en Europe \u00e0 \u00eatre dirig\u00e9 par la gauche lorsqu&rsquo;Antonio Costa, 62 ans, a jet\u00e9 l&rsquo;\u00e9ponge apr\u00e8s avoir \u00e9t\u00e9 cit\u00e9 dans une enqu\u00eate pour trafic d&rsquo;influence au d\u00e9but du mois de novembre.<\/p><\/blockquote>\n<h3>29 \u00e0 33 % des voix pour l&rsquo;Alliance d\u00e9mocratique de centre droit<\/h3>\n<p>Selon la projection RTP, l&rsquo;Alliance d\u00e9mocratique (AD) de centre droit emmen\u00e9e par Luis Montenegro, 51 ans, aurait gagn\u00e9 les \u00e9lections de dimanche avec 29 \u00e0 33 % des voix, mais ne serait pas en mesure de former une majorit\u00e9 \u00e0 elle seule.<\/p>\n<p><strong>Luis Montenegro<\/strong>, longtemps d\u00e9put\u00e9 puis chef de groupe parlementaire quand son parti \u00e9tait au pouvoir (2011-2015), s&rsquo;est engag\u00e9 pendant la campagne \u00e0 ne pas former un gouvernement avec le soutien de <strong>droite conservatrice<\/strong>.<\/p>\n<p>Il esp\u00e9rait s&rsquo;appuyer sur le petit parti Initiative lib\u00e9rale, cr\u00e9dit\u00e9 de 5 \u00e0 7 % des suffrages, mais, toujours selon ce sondage sorti des urnes, les deux formations n&rsquo;atteindront pas ensemble le seuil de 116 d\u00e9put\u00e9s sur 230 si\u00e8ges, synonyme de majorit\u00e9 absolue.<\/p>\n<p>Le Parti socialiste (PS), qui avait obtenu une majorit\u00e9 absolue lors des pr\u00e9c\u00e9dentes l\u00e9gislatives de janvier 2022 avec un score de 41,4 %, arriverait d\u00e9sormais en deuxi\u00e8me position avec 25 \u00e0 29 % des voix. Apr\u00e8s le d\u00e9part d&rsquo;Antonio Costa, le PS s&rsquo;est regroup\u00e9 autour de Pedro Nuno Santos, un ancien ministre de 46 ans issu de son aile gauche.<\/p>\n<p>Du c\u00f4t\u00e9 des vainqueurs de ce scrutin, le parti <strong>CHEGA de la Droite Conservatrice,<\/strong>\u00a0 aurait nettement renforc\u00e9 son rang de troisi\u00e8me force politique du pays, en recueillant 14 \u00e0 17 % des suffrages.<\/p>\n<p>Ce r\u00e9sultat est en ligne avec les enqu\u00eates pr\u00e9-\u00e9lectorales et repr\u00e9sente plus du double du score de 7,2 % atteint il y a deux ans. La formation antisyst\u00e8me, port\u00e9e par un discours contre la corruption, l&rsquo;immigration et les minorit\u00e9s, a \u00e9t\u00e9 cr\u00e9\u00e9e en 2019 par <strong>Andr\u00e9 Ventura<\/strong>, un professeur de droit de 41 ans qui s&rsquo;est fait conna\u00eetre en tant que pol\u00e9miste sur les plateaux de t\u00e9l\u00e9vision consacr\u00e9s au football. Il s&rsquo;est aussit\u00f4t f\u00e9licit\u00e9 d&rsquo;\u00ab un r\u00e9sultat absolument historique \u00bb, en se disant \u00ab disponible \u00bb pour \u00ab donner un gouvernement stable au Portugal \u00bb au sein d&rsquo;\u00ab une majorit\u00e9 forte \u00e0 droite \u00bb.<\/p>\n<h3>La nouvelle pouss\u00e9e de la Droite Conservatrice<\/h3>\n<p>Cette nouvelle pouss\u00e9e de la Droite Conservatrice intervient alors que le Portugal comm\u00e9more le mois prochain le 50e anniversaire de la R\u00e9volution des \u0152illets, qui a mis fin \u00e0 la dictature fasciste et 13 ann\u00e9es de guerres coloniales.<\/p>\n<p>Au-del\u00e0 des soup\u00e7ons de <strong>corruption<\/strong> qui ont provoqu\u00e9 la d\u00e9mission d&rsquo;Antonio Costa, Andr\u00e9 Ventura a \u00e9galement insist\u00e9 pendant la campagne sur la hausse de l&rsquo;immigration vers ce pays, qui a vu sa population \u00e9trang\u00e8re doubler en l&rsquo;espace de cinq ans.<\/p>\n<p>\u00ab Avec tous les changements sociaux, d\u00e9mographiques et \u00e9conomiques, les Portugais sentent qu&rsquo;ils doivent voter et qu&rsquo;ils ont un mot \u00e0 dire sur les choix \u00bb politiques, a-t-il affirm\u00e9 ce dimanche, disant s&rsquo;attendre \u00e0 une forte participation. Le taux d&rsquo;abstention, estim\u00e9 entre 32 et 38 % par la projection RTP, serait le plus bas depuis 2005.<\/p>\n<p>Malgr\u00e9 l&rsquo;assainissement des finances publiques, une croissance sup\u00e9rieure \u00e0 la moyenne europ\u00e9enne et un ch\u00f4mage au plus bas, le bilan du gouvernement socialiste sortant a \u00e9t\u00e9 terni par l&rsquo;inflation, des dysfonctionnements dans les h\u00f4pitaux et les \u00e9coles, puis par une importante crise du logement. Au cours de la campagne, le chef de l&rsquo;opposition de centre droit Luis Montenegro a promis de r\u00e9duire les imp\u00f4ts afin de doper la croissance, tout en disant vouloir am\u00e9liorer les services publics. (AFP &amp; CL)<\/p>\n","protected":false},"excerpt":{"rendered":"<p>L\u2019opposition de centre droit a remport\u00e9 les \u00e9lections. La Droite Conservatrice a aussi nettement renforc\u00e9 son rang de troisi\u00e8me force politique du pays. Une victoire de justesse. L&rsquo;opposition de centre droit a remport\u00e9 les l\u00e9gislatives de ce dimanche 10 mars au Portugal. Apr\u00e8s huit ans de gouvernement socialiste, le Parlement du pays ib\u00e9rique vire \u00e0 [&hellip;]<\/p>\n","protected":false},"author":1,"featured_media":12604,"comment_status":"open","ping_status":"closed","sticky":false,"template":"","format":"standard","meta":{"footnotes":""},"categories":[3],"tags":[1525,3011,1599,3013,3012,19],"class_list":["post-12603","post","type-post","status-publish","format-standard","has-post-thumbnail","hentry","category-portugal","tag-andre-ventura","tag-elections-legislatives-au-portugal","tag-droite-conservatrice","tag-luis-montenegro","tag-portugal-bascule-a-droite","tag-psd"],"aioseo_notices":[],"_links":{"self":[{"href":"https:\/\/www.culturalusa.com\/news\/wp-json\/wp\/v2\/posts\/12603","targetHints":{"allow":["GET"]}}],"collection":[{"href":"https:\/\/www.culturalusa.com\/news\/wp-json\/wp\/v2\/posts"}],"about":[{"href":"https:\/\/www.culturalusa.com\/news\/wp-json\/wp\/v2\/types\/post"}],"author":[{"embeddable":true,"href":"https:\/\/www.culturalusa.com\/news\/wp-json\/wp\/v2\/users\/1"}],"replies":[{"embeddable":true,"href":"https:\/\/www.culturalusa.com\/news\/wp-json\/wp\/v2\/comments?post=12603"}],"version-history":[{"count":4,"href":"https:\/\/www.culturalusa.com\/news\/wp-json\/wp\/v2\/posts\/12603\/revisions"}],"predecessor-version":[{"id":12608,"href":"https:\/\/www.culturalusa.com\/news\/wp-json\/wp\/v2\/posts\/12603\/revisions\/12608"}],"wp:featuredmedia":[{"embeddable":true,"href":"https:\/\/www.culturalusa.com\/news\/wp-json\/wp\/v2\/media\/12604"}],"wp:attachment":[{"href":"https:\/\/www.culturalusa.com\/news\/wp-json\/wp\/v2\/media?parent=12603"}],"wp:term":[{"taxonomy":"category","embeddable":true,"href":"https:\/\/www.culturalusa.com\/news\/wp-json\/wp\/v2\/categories?post=12603"},{"taxonomy":"post_tag","embeddable":true,"href":"https:\/\/www.culturalusa.com\/news\/wp-json\/wp\/v2\/tags?post=12603"}],"curies":[{"name":"wp","href":"https:\/\/api.w.org\/{rel}","templated":true}]}}