{"id":12623,"date":"2024-03-14T22:20:24","date_gmt":"2024-03-14T21:20:24","guid":{"rendered":"https:\/\/www.culturalusa.com\/news\/?p=12623"},"modified":"2024-03-14T22:27:28","modified_gmt":"2024-03-14T21:27:28","slug":"emmanuel-macron-soutien-a-lukraine-aucune-option-exclue-ce-quil-faut-retenir","status":"publish","type":"post","link":"https:\/\/www.culturalusa.com\/news\/politique\/emmanuel-macron-soutien-a-lukraine-aucune-option-exclue-ce-quil-faut-retenir\/","title":{"rendered":"Emmanuel Macron : Soutien \u00e0 l&rsquo;Ukraine, aucune option exclue. Ce qu&rsquo;il faut retenir"},"content":{"rendered":"<h2>Le chef de l&rsquo;Etat assume son ambiguit\u00e9 sur l&rsquo;envoi possible de troupes en Ukraine face \u00e0 une \u00ab menace existentielle.<\/h2>\n<blockquote><p>Il persiste. \u00ab Nous avons un objectif : la Russie ne peut pas, ne doit pas, gagner cette guerre \u00bb, a assur\u00e9 Emmanuel Macron, qui est intervenu en direct depuis l&rsquo;Elys\u00e9e dans le 20 heures de TF1 et de France 2 ce jeudi soir.<\/p><\/blockquote>\n<h3>Ukraine, r\u00e9p\u00e9tant n&rsquo;exclure \u00ab aucune option \u00bb.<\/h3>\n<p>Le chef de l&rsquo;Etat s&rsquo;est \u00e9galement voulu rassurant sur la menace nucl\u00e9aire, affirmant que les Fran\u00e7ais peuvent \u00ab se sentir prot\u00e9g\u00e9s \u00bb gr\u00e2ce au statut de puissance nucl\u00e9aire de la France. Voici les principaux points abord\u00e9s par le pr\u00e9sident apr\u00e8s le vote \u00e0 l&rsquo;Assembl\u00e9e et au S\u00e9nat de l&rsquo;accord bilat\u00e9ral de s\u00e9curit\u00e9 entre la France et l&rsquo;Ukraine.<\/p>\n<h3>Envoi de troupes au sol: \u00ab aucune option exclue \u00bb<\/h3>\n<p>L&rsquo;Occident pourrait-il vraiment envoyer des troupes combattantes en Ukraine, et pas simplement dans un r\u00f4le de formation ? \u00ab Peut-\u00eatre que j&rsquo;ai raison de ne pas \u00eatre pr\u00e9cis. Toutes ces options sont possibles \u00bb, r\u00e9pond Emmanuel Macron. \u00ab On n&rsquo;est pas s\u00fbr de le faire mais on n&rsquo;est pas dans cette situation l\u00e0 aujourd&rsquo;hui. \u00bb<\/p>\n<p>\u00ab Jamais nous ne m\u00e8neront d&rsquo;offensive, jamais nous ne prendrons l&rsquo;initiative \u00bb, a-t-il expliqu\u00e9, tout en estimant qu&rsquo;il ne fallait \u00ab pas exclure des options \u00bb. Face \u00e0 une \u00ab menace existentielle pour la<\/p>\n<h3>France et l&rsquo;Europe \u00bb, Emmanuel Macron r\u00e9clame \u00ab un sursaut \u00bb occidental.<\/h3>\n<p>Pour le pr\u00e9sident \u00ab notre s\u00e9curit\u00e9 se joue en Ukraine aujourd&rsquo;hui \u00bb, et la Russie est \u00ab l&rsquo;adversaire \u00bb de la France. \u00ab Si la Russie venait \u00e0 gagner, nous n&rsquo;aurons plus de s\u00e9curit\u00e9 \u00bb et la \u00ab cr\u00e9dibilit\u00e9 de l&rsquo;Europe sera r\u00e9duite \u00e0 z\u00e9ro \u00bb.<\/p>\n<h3>Menace nucl\u00e9aire : \u00ab nous devons nous sentir prot\u00e9g\u00e9s \u00bb<\/h3>\n<p>Alors que Vladimir Poutine durcit le ton sur la rh\u00e9torique nucl\u00e9aire, Emmanuel Macron veut rassurer les Fran\u00e7ais: \u00ab nous devons nous sentir prot\u00e9g\u00e9s car nous sommes une puissance dot\u00e9e (de l&rsquo;arme nucl\u00e9aire). Nous sommes pr\u00eats, et nous avons une doctrine \u00e9tablie \u00bb, a-t-il soulign\u00e9, en refusant de donner davantage de d\u00e9tails: \u00ab en mati\u00e8re nucl\u00e9aire, il faut peu de mots. \u00bb<\/p>\n<h3>Vote \u00e0 l&rsquo;Assembl\u00e9e : Macron tacle le RN et LFI<\/h3>\n<p>Alors que LFI a vot\u00e9 contre l&rsquo;accord bilat\u00e9ral et que le RN s&rsquo;est abstenu, Emmanuel Macron a critiqu\u00e9 ceux qui posent \u00ab des limites \u00bb sur le soutien \u00e0 l&rsquo;Ukraine, qui \u00ab ne font pas le choix de la paix mais font le choix de la d\u00e9faite \u00bb et \u00ab de l&rsquo;abandon de souverainet\u00e9 \u00bb.<\/p>\n<h3>Gaza: Macron \u00ab esp\u00e8re \u00bb une lib\u00e9ration des otages fran\u00e7ais<\/h3>\n<p>Si toute la discussion a \u00e9t\u00e9 consacr\u00e9e \u00e0 l&rsquo;Ukraine, le chef de l&rsquo;Etat a abord\u00e9 la guerre entre le Hamas et Isra\u00ebl, alors que trois Fran\u00e7ais sont toujours retenus en otages. \u00ab Les discussions sont en cours, seules les familles sont inform\u00e9es. J&rsquo;esp\u00e8re vraiment que nous obtiendrons ces lib\u00e9rations et celles de tous les otages \u00bb, a r\u00e9pondu le chef de l&rsquo;Etat. (AFP &amp; Lepoint.fr)<\/p>\n","protected":false},"excerpt":{"rendered":"<p>Le chef de l&rsquo;Etat assume son ambiguit\u00e9 sur l&rsquo;envoi possible de troupes en Ukraine face \u00e0 une \u00ab menace existentielle. Il persiste. \u00ab Nous avons un objectif : la Russie ne peut pas, ne doit pas, gagner cette guerre \u00bb, a assur\u00e9 Emmanuel Macron, qui est intervenu en direct depuis l&rsquo;Elys\u00e9e dans le 20 heures [&hellip;]<\/p>\n","protected":false},"author":1,"featured_media":10833,"comment_status":"open","ping_status":"closed","sticky":false,"template":"","format":"standard","meta":{"footnotes":""},"categories":[1494],"tags":[642,3021,3020,3019],"class_list":["post-12623","post","type-post","status-publish","format-standard","has-post-thumbnail","hentry","category-politique","tag-emmanuel-macron","tag-france-et-leurope","tag-menace-nucleaire","tag-soutien-a-lukraine"],"aioseo_notices":[],"_links":{"self":[{"href":"https:\/\/www.culturalusa.com\/news\/wp-json\/wp\/v2\/posts\/12623","targetHints":{"allow":["GET"]}}],"collection":[{"href":"https:\/\/www.culturalusa.com\/news\/wp-json\/wp\/v2\/posts"}],"about":[{"href":"https:\/\/www.culturalusa.com\/news\/wp-json\/wp\/v2\/types\/post"}],"author":[{"embeddable":true,"href":"https:\/\/www.culturalusa.com\/news\/wp-json\/wp\/v2\/users\/1"}],"replies":[{"embeddable":true,"href":"https:\/\/www.culturalusa.com\/news\/wp-json\/wp\/v2\/comments?post=12623"}],"version-history":[{"count":4,"href":"https:\/\/www.culturalusa.com\/news\/wp-json\/wp\/v2\/posts\/12623\/revisions"}],"predecessor-version":[{"id":12627,"href":"https:\/\/www.culturalusa.com\/news\/wp-json\/wp\/v2\/posts\/12623\/revisions\/12627"}],"wp:featuredmedia":[{"embeddable":true,"href":"https:\/\/www.culturalusa.com\/news\/wp-json\/wp\/v2\/media\/10833"}],"wp:attachment":[{"href":"https:\/\/www.culturalusa.com\/news\/wp-json\/wp\/v2\/media?parent=12623"}],"wp:term":[{"taxonomy":"category","embeddable":true,"href":"https:\/\/www.culturalusa.com\/news\/wp-json\/wp\/v2\/categories?post=12623"},{"taxonomy":"post_tag","embeddable":true,"href":"https:\/\/www.culturalusa.com\/news\/wp-json\/wp\/v2\/tags?post=12623"}],"curies":[{"name":"wp","href":"https:\/\/api.w.org\/{rel}","templated":true}]}}