{"id":12663,"date":"2024-03-17T15:35:17","date_gmt":"2024-03-17T14:35:17","guid":{"rendered":"https:\/\/www.culturalusa.com\/news\/?p=12663"},"modified":"2024-03-17T15:35:17","modified_gmt":"2024-03-17T14:35:17","slug":"unicef-estime-quun-demi-million-denfants-pourraient-mourir-de-malnutrition-aigue-au-yemen","status":"publish","type":"post","link":"https:\/\/www.culturalusa.com\/news\/monde\/unicef-estime-quun-demi-million-denfants-pourraient-mourir-de-malnutrition-aigue-au-yemen\/","title":{"rendered":"UNICEF : estime qu&rsquo;un demi-million d&rsquo;enfants pourraient mourir de malnutrition aigu\u00eb au Y\u00e9men"},"content":{"rendered":"<h2>Plus d&rsquo;un demi-million d&rsquo;enfants sont en danger au Y\u00e9men en raison de la malnutrition aigu\u00eb et un sur quatre n&rsquo;a pas acc\u00e8s \u00e0 l&rsquo;\u00e9ducation, a averti le Fonds des Nations Unies pour l&rsquo;enfance (UNICEF).<\/h2>\n<blockquote><p>Selon les donn\u00e9es cit\u00e9es par l&rsquo;agence de presse Europa Press, alors que neuf ans se sont \u00e9coul\u00e9s depuis le d\u00e9but du conflit dans ce pays, plus de 17,6 millions de Y\u00e9m\u00e9nites souffrent d&rsquo;ins\u00e9curit\u00e9 alimentaire et plus de 4,5 millions de personnes d\u00e9plac\u00e9es \u00e0 l&rsquo;int\u00e9rieur du pays.<\/p><\/blockquote>\n<p>Bien que le pays connaisse une p\u00e9riode de cessez-le-feu entre les rebelles Houthis et le gouvernement, n\u00e9goci\u00e9e par les Nations Unies (ONU), l&rsquo;UNICEF a soulign\u00e9 que la pauvret\u00e9 caus\u00e9e par le conflit a conduit \u00e0 un taux de malnutrition \u00ab consid\u00e9rablement \u00e9lev\u00e9 \u00bb et que plus de La moiti\u00e9 des enfants y\u00e9m\u00e9nites de moins de 5 ans souffrent de malnutrition aigu\u00eb ou mod\u00e9r\u00e9e.<\/p>\n<p>Selon l&rsquo;organisation, la vie de 593 000 enfants est en danger \u00e0 cause de la malnutrition aigu\u00eb, qui provoque des probl\u00e8mes m\u00e9dicaux qui perdurent tout au long de leur croissance.<\/p>\n<h3>On estime que 2,7 millions d\u2019enfants au Y\u00e9men souffrent d\u2019une forme ou d\u2019une autre de malnutrition.<\/h3>\n<p>Lors d&rsquo;un point de presse \u00e0 l&rsquo;occasion du neuvi\u00e8me anniversaire du d\u00e9but de la guerre dans le pays, le chef de la sant\u00e9 de l&rsquo;UNICEF au Y\u00e9men, Kebir Hassen, a mis en garde contre les faiblesses du syst\u00e8me de sant\u00e9 caus\u00e9es par le conflit, qui a plong\u00e9 le pays dans une crise sociale. , crise \u00e9conomique et politique \u00ab d\u00e9vastatrice \u00bb.<\/p>\n<p>Hassen a fait valoir que l&rsquo;aide au Y\u00e9men, m\u00eame avec l&rsquo;intervention de l&rsquo;ONU, continue de d\u00e9pendre des donateurs et a d\u00e9nonc\u00e9 la pr\u00e9sence d&rsquo;\u00e9pid\u00e9mies telles que la polio, mettant en garde contre la pr\u00e9sence de mouvements anti-vaccins.<\/p>\n<blockquote><p>Dans un pays en guerre depuis 2014, la faim est aggrav\u00e9e par le manque d\u2019acc\u00e8s \u00e0 l\u2019\u00e9ducation, qui touche un enfant sur quatre.<\/p><\/blockquote>\n<p>\u00ab\u00a0Nous devons remettre ces enfants \u00e0 l&rsquo;\u00e9cole, nous devons leur donner des r\u00e9sultats, un apprentissage de qualit\u00e9, et les aider \u00e0 avoir des aspirations pour l&rsquo;avenir\u00a0\u00bb, a pr\u00e9venu le repr\u00e9sentant de l&rsquo;UNICEF au Y\u00e9men Peter Hawkins, \u00e9galement cit\u00e9 par Europa Press.<\/p>\n<p>La responsable de l&rsquo;\u00e9ducation \u00e0 l&rsquo;UNICEF au Y\u00e9men, Nor Shirin, a \u00e9galement pris la parole dans le m\u00eame sens, soulignant l&rsquo;importance de relever les d\u00e9fis \u00e9ducatifs des enfants au Y\u00e9men et soulignant que la situation est \u00ab difficile et complexe \u00bb.<\/p>\n<p>\u00ab L\u2019apprentissage est en danger \u00bb, a-t-il pr\u00e9venu, soulignant qu\u2019il y a non seulement une p\u00e9nurie d\u2019\u00e9coles, mais aussi d\u2019enseignants, qui ne sont pas pay\u00e9s depuis 2016.<\/p>\n<p>Les d\u00e9placements forc\u00e9s sont l&rsquo;une des principales causes du manque d&rsquo;acc\u00e8s des enfants \u00e0 l&rsquo;\u00e9ducation. Shirin a soulign\u00e9 que l&rsquo;agence des Nations Unies travaille avec les autorit\u00e9s \u00e9ducatives locales pour tenter de promouvoir des politiques qui soutiennent l&rsquo;acc\u00e8s \u00e0 l&rsquo;\u00e9ducation pour \u00ab tous les enfants, y compris les plus vuln\u00e9rables \u00bb.<\/p>\n<p>\u00ab Plus de 80 % des enfants n\u2019ont pas les comp\u00e9tences n\u00e9cessaires pour lire et 70 % n\u2019ont pas de connaissances de base en math\u00e9matiques. La situation des filles est pire, car il existe une disparit\u00e9 entre les sexes\u00bb, a-t-il soulign\u00e9, ajoutant que la guerre a d\u00e9truit de nombreuses infrastructures li\u00e9es \u00e0 l&rsquo;\u00e9ducation.<\/p>\n<p>Les Houthis contr\u00f4lent la capitale du Y\u00e9men, Sanaa, et d&rsquo;autres r\u00e9gions du nord et de l&rsquo;ouest du pays depuis 2015.<\/p>\n<p>Leurs actions ont contraint de nombreux armateurs \u00e0 suspendre leur passage sur les routes maritimes de la mer Rouge.<\/p>\n<p>En guerre depuis plus d\u2019une d\u00e9cennie, le Y\u00e9men est consid\u00e9r\u00e9 comme le pays le plus pauvre de la p\u00e9ninsule arabique.<\/p>\n","protected":false},"excerpt":{"rendered":"<p>Plus d&rsquo;un demi-million d&rsquo;enfants sont en danger au Y\u00e9men en raison de la malnutrition aigu\u00eb et un sur quatre n&rsquo;a pas acc\u00e8s \u00e0 l&rsquo;\u00e9ducation, a averti le Fonds des Nations Unies pour l&rsquo;enfance (UNICEF). Selon les donn\u00e9es cit\u00e9es par l&rsquo;agence de presse Europa Press, alors que neuf ans se sont \u00e9coul\u00e9s depuis le d\u00e9but du [&hellip;]<\/p>\n","protected":false},"author":1,"featured_media":12664,"comment_status":"open","ping_status":"closed","sticky":false,"template":"","format":"standard","meta":{"footnotes":""},"categories":[1372],"tags":[3028,3027,2939,1915],"class_list":["post-12663","post","type-post","status-publish","format-standard","has-post-thumbnail","hentry","category-monde","tag-enfants-sont-en-danger","tag-malnutrition-aigue","tag-unicef","tag-yemen"],"aioseo_notices":[],"_links":{"self":[{"href":"https:\/\/www.culturalusa.com\/news\/wp-json\/wp\/v2\/posts\/12663","targetHints":{"allow":["GET"]}}],"collection":[{"href":"https:\/\/www.culturalusa.com\/news\/wp-json\/wp\/v2\/posts"}],"about":[{"href":"https:\/\/www.culturalusa.com\/news\/wp-json\/wp\/v2\/types\/post"}],"author":[{"embeddable":true,"href":"https:\/\/www.culturalusa.com\/news\/wp-json\/wp\/v2\/users\/1"}],"replies":[{"embeddable":true,"href":"https:\/\/www.culturalusa.com\/news\/wp-json\/wp\/v2\/comments?post=12663"}],"version-history":[{"count":1,"href":"https:\/\/www.culturalusa.com\/news\/wp-json\/wp\/v2\/posts\/12663\/revisions"}],"predecessor-version":[{"id":12665,"href":"https:\/\/www.culturalusa.com\/news\/wp-json\/wp\/v2\/posts\/12663\/revisions\/12665"}],"wp:featuredmedia":[{"embeddable":true,"href":"https:\/\/www.culturalusa.com\/news\/wp-json\/wp\/v2\/media\/12664"}],"wp:attachment":[{"href":"https:\/\/www.culturalusa.com\/news\/wp-json\/wp\/v2\/media?parent=12663"}],"wp:term":[{"taxonomy":"category","embeddable":true,"href":"https:\/\/www.culturalusa.com\/news\/wp-json\/wp\/v2\/categories?post=12663"},{"taxonomy":"post_tag","embeddable":true,"href":"https:\/\/www.culturalusa.com\/news\/wp-json\/wp\/v2\/tags?post=12663"}],"curies":[{"name":"wp","href":"https:\/\/api.w.org\/{rel}","templated":true}]}}