{"id":12677,"date":"2024-03-18T16:56:16","date_gmt":"2024-03-18T15:56:16","guid":{"rendered":"https:\/\/www.culturalusa.com\/news\/?p=12677"},"modified":"2024-03-18T17:38:18","modified_gmt":"2024-03-18T16:38:18","slug":"celine-dion-est-determinee-a-remonter-sur-scene-et-pose-avec-ses-trois-enfants","status":"publish","type":"post","link":"https:\/\/www.culturalusa.com\/news\/culture\/celine-dion-est-determinee-a-remonter-sur-scene-et-pose-avec-ses-trois-enfants\/","title":{"rendered":"C\u00e9line Dion est d\u00e9termin\u00e9e \u00e0 remonter sur sc\u00e8ne et pose avec ses trois enfants"},"content":{"rendered":"<h2>La star qu\u00e9b\u00e9coise ne baisse pas les bras malgr\u00e9 sa maladie neurologique : elle a post\u00e9 un message plein d\u2019espoir sur Instagram, entour\u00e9 de ses trois fils.<\/h2>\n<blockquote><p>Nouveau signal positif envoy\u00e9 par C\u00e9line Dion. La chanteuse est sortie du silence ce week-end \u00e0 l&rsquo;occasion de la Journ\u00e9e internationale de sensibilisation au syndrome de la personne raide (SPS), une maladie qui ronge son moral et son physique depuis deux ans.<\/p><\/blockquote>\n<p>\u00ab Essayer de surmonter cette maladie auto-immune a \u00e9t\u00e9 l&rsquo;une des exp\u00e9riences les plus difficiles de ma vie, mais je reste d\u00e9termin\u00e9e \u00e0 remonter un jour sur sc\u00e8ne et \u00e0 mener une vie aussi normale que possible, a \u00e9crit la star qu\u00e9b\u00e9coise \u00e0 l&rsquo;adresse de ses fans.<\/p>\n<h3>Je suis profond\u00e9ment reconnaissante de l&rsquo;amour et du soutien de mes enfants, de ma famille, de mon \u00e9quipe et de vous tous. \u00bb<\/h3>\n<p>L&rsquo;interpr\u00e8te de \u00ab My Heart Will Go On \u00bb a \u00e9galement une pens\u00e9e pour ceux qui souffrent de la m\u00eame maladie neurologique, laquelle provoque une rigidit\u00e9 des membres et des muscles ainsi que des spasmes musculaires douloureux. \u00ab Je tiens \u00e0 transmettre mes encouragements et mon soutien \u00e0 tous ceux et toutes celles qui, dans le monde entier, ont \u00e9t\u00e9 touch\u00e9s par le SPS. Je veux que vous sachiez que vous pouvez surmonter cette \u00e9preuve. Nous pouvons surmonter cette \u00e9preuve. \u00bb<\/p>\n<h3>Ren\u00e9-Charles en soutien<\/h3>\n<p>Sur la photo partag\u00e9e, C\u00e9line Dion, 55 ans, pose tout sourire avec les trois gar\u00e7ons qu&rsquo;elle a eus avec son mari et mentor Ren\u00e9 Ang\u00e9lil, d\u00e9c\u00e9d\u00e9 il y a maintenant huit ans : Ren\u00e9 Charles, 23 ans, et les jumeaux Nelson et Eddy, 13 ans, tous d\u00e9j\u00e0 de grands gaillards qui ressemblent fortement \u00e0 leur p\u00e8re.<\/p>\n<p>Des gar\u00e7ons qui semblent aux petits soins pour leur m\u00e8re, laquelle tient \u00e0 montrer qu&rsquo;elle fait face \u00e0 la maladie avec courage : on l&rsquo;a vue de sortie avec ses jumeaux lors d&rsquo;un match de hockey en octobre dernier, puis au bras de Ren\u00e9-Charles lors des Grammy Awards d\u00e9but f\u00e9vrier, avant d&#8217;emmener tous ses enfants \u00e0 un nouveau match \u00e0 Las Vegas quelques jours plus tard, preuve que la famille reste soud\u00e9e dans l&rsquo;\u00e9preuve.<\/p>\n<p>Autant de messages qui rassurent les fans. Depuis le report puis l&rsquo;annulation de sa tourn\u00e9e mondiale et de tous ses projets de sc\u00e8ne en 2022, la star s&rsquo;est montr\u00e9e tr\u00e8s discr\u00e8te, donnant des nouvelles via des communiqu\u00e9s ou par sa s\u0153ur a\u00een\u00e9e Claudette, alimentant rumeurs et inqui\u00e9tude.<\/p>\n<p>En r\u00e9alit\u00e9, C\u00e9line Dion courait h\u00f4pitaux et sp\u00e9cialistes dans le monde pour avoir le bon diagnostic et trouver \u00e9ventuellement des traitements ad\u00e9quats. Comment va-t-elle aujourd&rsquo;hui ? Ces r\u00e9centes sorties \u2013 elle \u00e9tait encore photographi\u00e9e \u00e0 New York il y a une semaine \u2013 prouvent que le moral est revenu et qu&rsquo;elle peut se d\u00e9placer. En d\u00e9cembre dernier, sa s\u0153ur confiait qu&rsquo;elle restait tr\u00e8s combative mais qu&rsquo;elle \u00ab n&rsquo;avait pas le contr\u00f4le de ses muscles \u00bb. Des spasmes handicapants qui emp\u00eachent encore un retour rapide sur sc\u00e8ne. (AFP &amp; lepoint.fr)<\/p>\n","protected":false},"excerpt":{"rendered":"<p>La star qu\u00e9b\u00e9coise ne baisse pas les bras malgr\u00e9 sa maladie neurologique : elle a post\u00e9 un message plein d\u2019espoir sur Instagram, entour\u00e9 de ses trois fils. Nouveau signal positif envoy\u00e9 par C\u00e9line Dion. La chanteuse est sortie du silence ce week-end \u00e0 l&rsquo;occasion de la Journ\u00e9e internationale de sensibilisation au syndrome de la personne [&hellip;]<\/p>\n","protected":false},"author":1,"featured_media":2415,"comment_status":"open","ping_status":"closed","sticky":false,"template":"","format":"standard","meta":{"footnotes":""},"categories":[4],"tags":[547,3033,3032],"class_list":["post-12677","post","type-post","status-publish","format-standard","has-post-thumbnail","hentry","category-culture","tag-celine-dion","tag-determinee-a-remonter-sur-scene","tag-rene-charles-en-soutien"],"aioseo_notices":[],"_links":{"self":[{"href":"https:\/\/www.culturalusa.com\/news\/wp-json\/wp\/v2\/posts\/12677","targetHints":{"allow":["GET"]}}],"collection":[{"href":"https:\/\/www.culturalusa.com\/news\/wp-json\/wp\/v2\/posts"}],"about":[{"href":"https:\/\/www.culturalusa.com\/news\/wp-json\/wp\/v2\/types\/post"}],"author":[{"embeddable":true,"href":"https:\/\/www.culturalusa.com\/news\/wp-json\/wp\/v2\/users\/1"}],"replies":[{"embeddable":true,"href":"https:\/\/www.culturalusa.com\/news\/wp-json\/wp\/v2\/comments?post=12677"}],"version-history":[{"count":1,"href":"https:\/\/www.culturalusa.com\/news\/wp-json\/wp\/v2\/posts\/12677\/revisions"}],"predecessor-version":[{"id":12678,"href":"https:\/\/www.culturalusa.com\/news\/wp-json\/wp\/v2\/posts\/12677\/revisions\/12678"}],"wp:featuredmedia":[{"embeddable":true,"href":"https:\/\/www.culturalusa.com\/news\/wp-json\/wp\/v2\/media\/2415"}],"wp:attachment":[{"href":"https:\/\/www.culturalusa.com\/news\/wp-json\/wp\/v2\/media?parent=12677"}],"wp:term":[{"taxonomy":"category","embeddable":true,"href":"https:\/\/www.culturalusa.com\/news\/wp-json\/wp\/v2\/categories?post=12677"},{"taxonomy":"post_tag","embeddable":true,"href":"https:\/\/www.culturalusa.com\/news\/wp-json\/wp\/v2\/tags?post=12677"}],"curies":[{"name":"wp","href":"https:\/\/api.w.org\/{rel}","templated":true}]}}