{"id":12699,"date":"2024-03-27T12:03:44","date_gmt":"2024-03-27T11:03:44","guid":{"rendered":"https:\/\/www.culturalusa.com\/news\/?p=12699"},"modified":"2024-03-27T12:04:19","modified_gmt":"2024-03-27T11:04:19","slug":"climat-les-catastrophes-climatiques-ont-coute-65-milliards-deuros-aux-assureurs-en-2023","status":"publish","type":"post","link":"https:\/\/www.culturalusa.com\/news\/technologie\/climat-les-catastrophes-climatiques-ont-coute-65-milliards-deuros-aux-assureurs-en-2023\/","title":{"rendered":"Climat : les catastrophes climatiques ont co\u00fbt\u00e9 6,5 milliards d&rsquo;euros aux assureurs en 2023"},"content":{"rendered":"<h2>En 2023, les catastrophes climatiques en France ont co\u00fbt\u00e9 6,5 milliards d&rsquo;euros aux assureurs qui s&rsquo;inqui\u00e8tent du \u00ab\u00a0changement d&rsquo;\u00e9chelle\u00a0\u00bb et de l&rsquo;acc\u00e9l\u00e9ration de ces \u00e9v\u00e8nements d\u00e9vastateurs, a indiqu\u00e9 Florence Lustman, pr\u00e9sidente de France Assureurs<\/h2>\n<p>Concernant le risque climatique, nous connaissons un \u00ab\u00a0changement d&rsquo;\u00e9chelle\u00a0\u00bb manifeste, 2023 \u00e9tant \u00ab\u00a0la troisi\u00e8me ann\u00e9e la plus grave en terme de sinistres climatiques apr\u00e8s 1999 et 2022\u00a0\u00bb, a indiqu\u00e9 \u00e0 l&rsquo;AFP la pr\u00e9sidente de la f\u00e9d\u00e9ration du secteur.<\/p>\n<p>L&rsquo;ann\u00e9e 1999, marqu\u00e9e par les temp\u00eates Lothar et Martin, reste jusqu&rsquo;ici la pire avec un co\u00fbt estim\u00e9 \u00e0 13,8 milliards d&rsquo;euros en euros constants, suivie par 2022 dont les \u00e9v\u00e9nement climatiques ont co\u00fbt\u00e9 10 milliards d&rsquo;euros aux assureurs.<\/p>\n<p>Nous franchissons des \u00ab\u00a0paliers successifs dans le co\u00fbt du risque climatique\u00a0\u00bb. Dans les ann\u00e9es 2000 \u00e0 2008 \u00ab\u00a0on \u00e9tait en moyenne \u00e0 2,7 milliards d&rsquo;euros par an\u00a0\u00bb. Ensuite entre 2010 et 2019 \u00ab\u00a0on est pass\u00e9 \u00e0 3,7 milliards.<\/p>\n<p>Et si je prends la moyenne sur les quatre derni\u00e8res ann\u00e9es, dont 2022 et 2023, je suis \u00e0 six milliards\u00a0\u00bb, a-t-elle ajout\u00e9.<\/p>\n<p>Il y a eu beaucoup de ph\u00e9nom\u00e8nes extr\u00eames en 2023, qui est d&rsquo;ailleurs en France la deuxi\u00e8me ann\u00e9e la plus chaude apr\u00e8s 2022, dont \u00ab\u00a015 ph\u00e9nom\u00e8nes venteux, avec des vents de plus de 150 km\/h\u00a0\u00bb, \u00ab\u00a014 inondations avec \u00e0 chaque fois, plus de 15 communes qui ont fait l&rsquo;objet d&rsquo;un arr\u00eat\u00e9 de catastrophe naturelle, les \u00ab\u00a0temp\u00eates Ciaran et Domingos qui ont touch\u00e9 le nord-ouest et ont occasionn\u00e9 517.000 sinistres pour un co\u00fbt de 1,6 milliard d&rsquo;euros\u00a0\u00bb, et les inondations dans le nord qui ont fait \u00ab\u00a040.000 sinistr\u00e9s\u00a0\u00bb.<\/p>\n","protected":false},"excerpt":{"rendered":"<p>En 2023, les catastrophes climatiques en France ont co\u00fbt\u00e9 6,5 milliards d&rsquo;euros aux assureurs qui s&rsquo;inqui\u00e8tent du \u00ab\u00a0changement d&rsquo;\u00e9chelle\u00a0\u00bb et de l&rsquo;acc\u00e9l\u00e9ration de ces \u00e9v\u00e8nements d\u00e9vastateurs, a indiqu\u00e9 Florence Lustman, pr\u00e9sidente de France Assureurs Concernant le risque climatique, nous connaissons un \u00ab\u00a0changement d&rsquo;\u00e9chelle\u00a0\u00bb manifeste, 2023 \u00e9tant \u00ab\u00a0la troisi\u00e8me ann\u00e9e la plus grave en terme de [&hellip;]<\/p>\n","protected":false},"author":1,"featured_media":8662,"comment_status":"open","ping_status":"closed","sticky":false,"template":"","format":"standard","meta":{"footnotes":""},"categories":[6],"tags":[2783,3044,208,3045],"class_list":["post-12699","post","type-post","status-publish","format-standard","has-post-thumbnail","hentry","category-technologie","tag-assureurs","tag-catastrophes-climatiques","tag-climat","tag-france-assureurs"],"aioseo_notices":[],"_links":{"self":[{"href":"https:\/\/www.culturalusa.com\/news\/wp-json\/wp\/v2\/posts\/12699","targetHints":{"allow":["GET"]}}],"collection":[{"href":"https:\/\/www.culturalusa.com\/news\/wp-json\/wp\/v2\/posts"}],"about":[{"href":"https:\/\/www.culturalusa.com\/news\/wp-json\/wp\/v2\/types\/post"}],"author":[{"embeddable":true,"href":"https:\/\/www.culturalusa.com\/news\/wp-json\/wp\/v2\/users\/1"}],"replies":[{"embeddable":true,"href":"https:\/\/www.culturalusa.com\/news\/wp-json\/wp\/v2\/comments?post=12699"}],"version-history":[{"count":1,"href":"https:\/\/www.culturalusa.com\/news\/wp-json\/wp\/v2\/posts\/12699\/revisions"}],"predecessor-version":[{"id":12700,"href":"https:\/\/www.culturalusa.com\/news\/wp-json\/wp\/v2\/posts\/12699\/revisions\/12700"}],"wp:featuredmedia":[{"embeddable":true,"href":"https:\/\/www.culturalusa.com\/news\/wp-json\/wp\/v2\/media\/8662"}],"wp:attachment":[{"href":"https:\/\/www.culturalusa.com\/news\/wp-json\/wp\/v2\/media?parent=12699"}],"wp:term":[{"taxonomy":"category","embeddable":true,"href":"https:\/\/www.culturalusa.com\/news\/wp-json\/wp\/v2\/categories?post=12699"},{"taxonomy":"post_tag","embeddable":true,"href":"https:\/\/www.culturalusa.com\/news\/wp-json\/wp\/v2\/tags?post=12699"}],"curies":[{"name":"wp","href":"https:\/\/api.w.org\/{rel}","templated":true}]}}