{"id":1272,"date":"2013-12-06T19:13:50","date_gmt":"2013-12-06T18:13:50","guid":{"rendered":"http:\/\/www.culturalusa.com\/news\/?p=1272"},"modified":"2013-12-06T19:15:45","modified_gmt":"2013-12-06T18:15:45","slug":"hommage-mondial-a-nelson-mandela","status":"publish","type":"post","link":"https:\/\/www.culturalusa.com\/news\/economie\/hommage-mondial-a-nelson-mandela\/","title":{"rendered":"Hommage mondial \u00e0 Nelson Mandela"},"content":{"rendered":"<p><img loading=\"lazy\" decoding=\"async\" src=\"http:\/\/www.culturalusa.com\/news\/wp-content\/uploads\/2013\/12\/nelson-mandela.jpg\" alt=\"Nelson Mandela\" width=\"467\" height=\"300\" class=\"aligncenter size-full wp-image-1273\" srcset=\"https:\/\/www.culturalusa.com\/news\/wp-content\/uploads\/2013\/12\/nelson-mandela.jpg 467w, https:\/\/www.culturalusa.com\/news\/wp-content\/uploads\/2013\/12\/nelson-mandela-275x177.jpg 275w\" sizes=\"auto, (max-width: 467px) 100vw, 467px\" \/>Le monde rendait vendredi un hommage bouleversant \u00e0 Nelson Mandela, personnalit\u00e9 majeure de l&rsquo;histoire du XXe si\u00e8cle. L&rsquo;homme est devenu une \u00ab\u00a0source d&rsquo;inspiration\u00a0\u00bb universelle pour ses valeurs de pardon et de r\u00e9conciliation.<\/p>\n<p>C&rsquo;est tard jeudi soir, en direct \u00e0 la t\u00e9l\u00e9vision, que le pr\u00e9sident Jacob Zuma a annonc\u00e9 le d\u00e9c\u00e8s du premier pr\u00e9sident noir de l&rsquo;Afrique du Sud, \u00e0 l&rsquo;\u00e2ge de 95 ans.<\/p>\n<p>\u00ab\u00a0H\u00e9ros de l&rsquo;humanit\u00e9\u00a0\u00bb, selon le quotidien sud-africain \u00ab\u00a0The Star\u00a0\u00bb, idole de tout un peuple pour son r\u00f4le d\u00e9cisif dans la lutte contre le r\u00e9gime s\u00e9gr\u00e9gationniste d&rsquo;apartheid en 1994, celui que ses compatriotes appellent \u00ab\u00a0Madiba\u00a0\u00bb est mort chez lui, des suites d&rsquo;une infection pulmonaire.<\/p>\n<p>\u00ab\u00a0Notre bien-aim\u00e9 Nelson Mandela, le pr\u00e9sident fondateur de notre nation d\u00e9mocratique, nous a quitt\u00e9s. Il est d\u00e9c\u00e9d\u00e9 en paix, entour\u00e9 de sa famille aux environs de 20h50 (18h50). (&#8230;) Notre nation a perdu son plus grand fils\u00a0\u00bb, a d\u00e9clar\u00e9 le pr\u00e9sident Zuma.<\/p>\n<p>Exemple pour l&rsquo;humanit\u00e9<\/p>\n<p>Toute la nuit, des hommages unanimes ont afflu\u00e9. Le conseiller f\u00e9d\u00e9ral Didier Burkhalter a \u00e9t\u00e9 l&rsquo;un des premiers \u00e0 r\u00e9agir. \u00ab\u00a0Nelson Mandela restera un exemple pour l&rsquo;humanit\u00e9. Un exemple de la force, de la libert\u00e9, du pardon et de la r\u00e9conciliation\u00a0\u00bb, a-t-il d\u00e9clar\u00e9.<br \/>\n\u00ab\u00a0L&rsquo;Afrique du Sud, le continent africain et le monde entier perdent une personnalit\u00e9 exceptionnelle\u00a0\u00bb, a de son c\u00f4t\u00e9 \u00e9crit le pr\u00e9sident de la Conf\u00e9d\u00e9ration Ueli Maurer.<\/p>\n<p>Le secr\u00e9taire g\u00e9n\u00e9ral de l&rsquo;ONU Ban Ki-moon a salu\u00e9 en lui \u00ab\u00a0une source d&rsquo;inspiration\u00a0\u00bb pour le monde entier. Aux Etats-Unis, le pr\u00e9sident Barack Obama a ordonn\u00e9 de mettre les drapeaux am\u00e9ricains en berne jusqu&rsquo;\u00e0 lundi soir. Le pape Fran\u00e7ois lui a rendu hommage pour avoir \u00ab\u00a0forg\u00e9 une nouvelle Afrique du Sud\u00a0\u00bb.<\/p>\n<p>Transition pacifique<\/p>\n<p>\u00ab\u00a0Au cours de vingt-quatre ann\u00e9es (depuis sa lib\u00e9ration) Madiba nous a appris comment vivre ensemble et croire en nous-m\u00eames et en chacun\u00a0\u00bb, a d\u00e9clar\u00e9 dans la soir\u00e9e un autre h\u00e9ros de la lutte anti-apartheid, l&rsquo;archev\u00eaque anglican Desmond Tutu.<\/p>\n<p>Nelson Mandela avait \u00e9t\u00e9 hospitalis\u00e9 quatre fois depuis d\u00e9cembre 2012, \u00e0 chaque fois pour des r\u00e9cidives d&rsquo;infections pulmonaires. Il restera dans l&rsquo;histoire pour avoir n\u00e9goci\u00e9 pied \u00e0 pied avec le gouvernement de l&rsquo;apartheid une transition pacifique vers une d\u00e9mocratie multiraciale.<\/p>\n<p style=\"text-align:center;\"><script type=\"text\/javascript\"><!--\ngoogle_ad_client = \"ca-pub-2727717456356200\";\n\/* CulturaLusa 468x60 *\/\ngoogle_ad_slot = \"2785499263\";\ngoogle_ad_width = 468;\ngoogle_ad_height = 60;\n\/\/-->\n<\/script><br \/>\n<script type=\"text\/javascript\"\nsrc=\"http:\/\/pagead2.googlesyndication.com\/pagead\/show_ads.js\">\n<\/script><\/p>\n","protected":false},"excerpt":{"rendered":"<p>Le monde rendait vendredi un hommage bouleversant \u00e0 Nelson Mandela, personnalit\u00e9 majeure de l&rsquo;histoire du XXe si\u00e8cle. L&rsquo;homme est devenu une \u00ab\u00a0source d&rsquo;inspiration\u00a0\u00bb universelle pour ses valeurs de pardon et de r\u00e9conciliation. C&rsquo;est tard jeudi soir, en direct \u00e0 la t\u00e9l\u00e9vision, que le pr\u00e9sident Jacob Zuma a annonc\u00e9 le d\u00e9c\u00e8s du premier pr\u00e9sident noir de [&hellip;]<\/p>\n","protected":false},"author":1,"featured_media":0,"comment_status":"open","ping_status":"closed","sticky":false,"template":"","format":"standard","meta":{"footnotes":""},"categories":[1],"tags":[],"class_list":["post-1272","post","type-post","status-publish","format-standard","hentry","category-economie"],"aioseo_notices":[],"_links":{"self":[{"href":"https:\/\/www.culturalusa.com\/news\/wp-json\/wp\/v2\/posts\/1272","targetHints":{"allow":["GET"]}}],"collection":[{"href":"https:\/\/www.culturalusa.com\/news\/wp-json\/wp\/v2\/posts"}],"about":[{"href":"https:\/\/www.culturalusa.com\/news\/wp-json\/wp\/v2\/types\/post"}],"author":[{"embeddable":true,"href":"https:\/\/www.culturalusa.com\/news\/wp-json\/wp\/v2\/users\/1"}],"replies":[{"embeddable":true,"href":"https:\/\/www.culturalusa.com\/news\/wp-json\/wp\/v2\/comments?post=1272"}],"version-history":[{"count":0,"href":"https:\/\/www.culturalusa.com\/news\/wp-json\/wp\/v2\/posts\/1272\/revisions"}],"wp:attachment":[{"href":"https:\/\/www.culturalusa.com\/news\/wp-json\/wp\/v2\/media?parent=1272"}],"wp:term":[{"taxonomy":"category","embeddable":true,"href":"https:\/\/www.culturalusa.com\/news\/wp-json\/wp\/v2\/categories?post=1272"},{"taxonomy":"post_tag","embeddable":true,"href":"https:\/\/www.culturalusa.com\/news\/wp-json\/wp\/v2\/tags?post=1272"}],"curies":[{"name":"wp","href":"https:\/\/api.w.org\/{rel}","templated":true}]}}