{"id":12761,"date":"2024-04-25T19:16:55","date_gmt":"2024-04-25T17:16:55","guid":{"rendered":"https:\/\/www.culturalusa.com\/news\/?p=12761"},"modified":"2024-04-25T19:16:55","modified_gmt":"2024-04-25T17:16:55","slug":"emmanuel-macron-met-en-garde-contre-la-mort-de-leurope","status":"publish","type":"post","link":"https:\/\/www.culturalusa.com\/news\/actualite\/emmanuel-macron-met-en-garde-contre-la-mort-de-leurope\/","title":{"rendered":"Emmanuel Macron met en garde contre la \u00ab\u00a0mort\u00a0\u00bb de l&rsquo;Europe"},"content":{"rendered":"<div class=\"text-color text-font block-html mb-4\">\n<h2>\u00ab\u00a0Notre Europe est mortelle, elle peut mourir.\u00a0\u00bb Emmanuel Macron a dress\u00e9 un portrait alarmiste \u00e0 un mois et demi d&rsquo;\u00e9lections europ\u00e9ennes compliqu\u00e9es pour son camp, exhortant \u00e0 un sursaut des Vingt-Sept pour b\u00e2tir une \u00ab\u00a0Europe puissance\u00a0\u00bb et une d\u00e9fense \u00ab\u00a0cr\u00e9dible\u00a0\u00bb.<\/h2>\n<p>\u00ab\u00a0L&rsquo;Europe peut mourir d&rsquo;elle-m\u00eame\u00a0\u00bb, a martel\u00e9 le chef de l&rsquo;Etat dans un nouveau discours sur l&rsquo;Union europ\u00e9enne \u00e0 la Sorbonne, apr\u00e8s celui de 2017, comme en \u00e9cho \u00e0 sa pr\u00e9diction d&rsquo;une Otan en \u00ab\u00a0\u00e9tat de mort c\u00e9r\u00e9brale\u00a0\u00bb avant que la guerre en Ukraine ne change la donne.<\/p>\n<p>\u00ab\u00a0Cela d\u00e9pend uniquement de nos choix mais ces choix sont \u00e0 faire maintenant\u00a0\u00bb car \u00ab\u00a0\u00e0 l&rsquo;horizon de la prochaine d\u00e9cennie (&#8230;) le risque est immense d&rsquo;\u00eatre fragilis\u00e9 voire rel\u00e9gu\u00e9\u00a0\u00bb, a-t-il averti.<\/p>\n<p>Durant une heure et cinquante minutes, devant 500 invit\u00e9s, il a d\u00e9crit une Europe \u00ab\u00a0dans une situation d&rsquo;encerclement\u00a0\u00bb face aux grandes puissances r\u00e9gionales. Et jug\u00e9 que les valeurs de la \u00ab\u00a0d\u00e9mocratie lib\u00e9rale\u00a0\u00bb europ\u00e9enne \u00e9taient \u00ab\u00a0de plus en plus critiqu\u00e9es\u00a0\u00bb et \u00ab\u00a0contest\u00e9es\u00a0\u00bb.<\/p>\n<p>\u00ab\u00a0Nous sommes encore trop lents, pas assez ambitieux\u00a0\u00bb, a-t-il \u00e9galement affirm\u00e9, plaidant pour une \u00ab\u00a0Europe puissance\u00a0\u00bb qui \u00ab\u00a0se fait respecter\u00a0\u00bb, \u00ab\u00a0assure sa s\u00e9curit\u00e9\u00a0\u00bb et reprend \u00ab\u00a0son autonomie strat\u00e9gique\u00a0\u00bb.<\/p>\n<p>Un nouveau mantra, apr\u00e8s celui de \u00ab\u00a0souverainet\u00e9 europ\u00e9enne\u00a0\u00bb avanc\u00e9 en 2017 et dont il s&rsquo;est f\u00e9licit\u00e9 qu&rsquo;il se soit \u00ab\u00a0impos\u00e9 en Europe\u00a0\u00bb.<\/p>\n<p>Dans un contexte g\u00e9opolitique alourdi par la guerre en Ukraine, il a annonc\u00e9 qu&rsquo;il inviterait les Europ\u00e9ens \u00e0 se doter d&rsquo;un \u00ab\u00a0concept strat\u00e9gique\u00a0\u00bb de \u00ab\u00a0d\u00e9fense europ\u00e9enne cr\u00e9dible\u00a0\u00bb, \u00e9voquant la possibilit\u00e9 pour elle de se doter d&rsquo;un bouclier antimissiles.<\/p>\n<h3>\u00a0Emprunt europ\u00e9en<\/h3>\n<p>Il a aussi appel\u00e9 l&rsquo;Europe \u00e0 renforcer son industrie de d\u00e9fense, et plaid\u00e9 pour un \u00ab\u00a0emprunt europ\u00e9en\u00a0\u00bb, sujet tabou notamment en Allemagne, pour investir dans l&rsquo;armement en appliquant le principe de \u00ab\u00a0pr\u00e9f\u00e9rence europ\u00e9enne\u00a0\u00bb.<\/p>\n<p>Face aux d\u00e9bats sur l&rsquo;immigration port\u00e9s par la droite et l&rsquo;extr\u00eame droite, il a affirm\u00e9 que l&rsquo;UE devait \u00ab\u00a0retrouver la ma\u00eetrise\u00a0\u00bb de ses \u00ab\u00a0fronti\u00e8res\u00a0\u00bb et \u00ab\u00a0l&rsquo;assumer\u00a0\u00bb, proposant \u00ab\u00a0une structure politique\u00a0\u00bb continentale pour prendre des d\u00e9cisions sur les sujets de migrations, de criminalit\u00e9 et de terrorisme.<\/p>\n<p>Sur le plan \u00e9conomique, pour aboutir \u00e0 une \u00ab\u00a0Europe de prosp\u00e9rit\u00e9\u00a0\u00bb, Emmanuel Macron a d\u00e9fendu un \u00ab\u00a0choc d&rsquo;investissements commun\u00a0\u00bb, en doublant la capacit\u00e9 financi\u00e8re de l&rsquo;UE pour faire face aux d\u00e9fis de d\u00e9fense, climatique, num\u00e9rique et industriel. Mais aussi l&rsquo;introduction d&rsquo;un \u00ab\u00a0objectif de croissance\u00a0\u00bb, voire de \u00ab\u00a0d\u00e9carbonation\u00a0\u00bb dans la politique mon\u00e9taire de la Banque centrale europ\u00e9enne, aujourd&rsquo;hui cantonn\u00e9e \u00e0 la ma\u00eetrise de l&rsquo;inflation.<\/p>\n<p>Face \u00e0 la concurrence de la Chine et des Etats-Unis, \u00ab\u00a0le risque c&rsquo;est que l&rsquo;Europe connaisse le d\u00e9crochage\u00a0\u00bb, a averti le chef de l&rsquo;Etat, appelant \u00e9galement \u00e0 r\u00e9viser la politique commerciale europ\u00e9enne puisque ces superpuissances n&rsquo;en \u00ab\u00a0respectent plus\u00a0\u00bb les r\u00e8gles.<\/p>\n<p>Enfin, pour une \u00ab\u00a0Europe humaniste\u00a0\u00bb, Emmanuel Macron a voulu \u00ab\u00a0d\u00e9fendre une Europe de la majorit\u00e9 num\u00e9rique \u00e0 15 ans\u00a0\u00bb, avec avant cet \u00e2ge, un contr\u00f4le parental sur l&rsquo;acc\u00e8s aux r\u00e9seaux sociaux.<\/p>\n<p>Le chancelier allemand Olaf Scholz, pas toujours sur la m\u00eame longueur d&rsquo;ondes europ\u00e9ennes, a salu\u00e9 les \u00ab\u00a0bonnes impulsions\u00a0\u00bb de son homologue pour que \u00ab\u00a0l&rsquo;Europe reste forte\u00a0\u00bb et promis de continuer \u00e0 la \u00ab\u00a0faire avancer ensemble\u00a0\u00bb.<\/p>\n<h3>\u00a0\u00ab\u00a0Autosatisfecit\u00a0\u00bb<\/h3>\n<p>Avec les crises, \u00ab\u00a0rarement l&rsquo;Europe n&rsquo;aura autant avanc\u00e9\u00a0\u00bb depuis sept ans, s&rsquo;est tout de m\u00eame f\u00e9licit\u00e9 le pr\u00e9sident fran\u00e7ais. \u00ab\u00a0Plus personne n&rsquo;ose tellement proposer des sorties, ni de l&rsquo;Europe, ni de l&rsquo;euro\u00a0\u00bb, s&rsquo;est-il r\u00e9joui, dans un tacle \u00e0 l&rsquo;extr\u00eame droite, qui domine les sondages en France pour le scrutin de juin.<\/p>\n<p>Selon lui, les \u00ab\u00a0nationalismes\u00a0\u00bb ne \u00ab\u00a0proposent plus de sortir de l&rsquo;immeuble, de l&rsquo;abattre\u00a0\u00bb mais ils \u00ab\u00a0proposent de ne plus avoir de r\u00e8gles de copropri\u00e9t\u00e9, de ne plus investir, de ne plus payer le loyer\u00a0\u00bb. Ce qui, a-t-il insist\u00e9, finirait par tuer le projet europ\u00e9en.<\/p>\n<p>Pr\u00e9sent\u00e9 comme \u00ab\u00a0institutionnel\u00a0\u00bb par l&rsquo;Elys\u00e9e, son discours-fleuve avait officiellement comme ambition d'\u00a0\u00bbinfluer sur l&rsquo;agenda\u00a0\u00bb de la prochaine Commission europ\u00e9enne.<\/p>\n<p>Mais il a \u00e9t\u00e9 largement \u00e9t\u00e9 per\u00e7u en France comme une entr\u00e9e en campagne du chef de l&rsquo;Etat pour donner \u00e0 son camp l&rsquo;\u00e9lan qui lui manque. L&rsquo;opposition a d&rsquo;ailleurs demand\u00e9 qu&rsquo;il soit \u00ab\u00a0d\u00e9compt\u00e9 dans le temps de parole de Val\u00e9rie Hayer\u00a0\u00bb, la t\u00eate de liste macroniste.<\/p>\n<p>\u00ab\u00a0Emmanuel Macron confond ses incantations et ses gesticulations avec des r\u00e9alisations\u00a0\u00bb, a r\u00e9agi la patronne du Rassemblement National Marine Le Pen, tandis que sa t\u00eate de liste aux europ\u00e9ennes Jordan Bardella a fustig\u00e9 la \u00ab\u00a0s\u00e9ance d&rsquo;autosatisfaction\u00a0\u00bb du chef de l&rsquo;Etat.<\/p>\n<p>Dans des termes proches, le num\u00e9ro un des R\u00e9publicains Eric Ciotti a d\u00e9nigr\u00e9 le \u00ab\u00a0satisfecit technique habituel\u00a0\u00bb d&rsquo;un pr\u00e9sident fran\u00e7ais qui a fait \u00ab\u00a0la le\u00e7on \u00e0 la terre enti\u00e8re\u00a0\u00bb, quand la France est \u00ab\u00a0le pays malade de l&rsquo;Europe\u00a0\u00bb dont \u00ab\u00a0tout le monde parle \u00e0 Strasbourg et \u00e0 Bruxelles\u00a0\u00bb selon le candidat LR Fran\u00e7ois-Xavier Bellamy.<\/p>\n<p>M\u00eame son de cloche \u00e0 gauche, o\u00f9 la t\u00eate de liste \u00e9cologiste Marie Toussaint a critiqu\u00e9 \u00ab\u00a0un autosatisfecit parfait sur le pass\u00e9 et des grands concepts pour ne rien dire\u00a0\u00bb, tandis que sa concurrente insoumise Manon Aubry a qualifi\u00e9 M. Macron de \u00ab\u00a0menteur et d&rsquo;arnaqueur\u00a0\u00bb, lui reprochant de \u00ab\u00a0d\u00e9plorer les effets de l&rsquo;impuissance qu&rsquo;il a construite\u00a0\u00bb.<\/p>\n<\/div>\n","protected":false},"excerpt":{"rendered":"<p>\u00ab\u00a0Notre Europe est mortelle, elle peut mourir.\u00a0\u00bb Emmanuel Macron a dress\u00e9 un portrait alarmiste \u00e0 un mois et demi d&rsquo;\u00e9lections europ\u00e9ennes compliqu\u00e9es pour son camp, exhortant \u00e0 un sursaut des Vingt-Sept pour b\u00e2tir une \u00ab\u00a0Europe puissance\u00a0\u00bb et une d\u00e9fense \u00ab\u00a0cr\u00e9dible\u00a0\u00bb. \u00ab\u00a0L&rsquo;Europe peut mourir d&rsquo;elle-m\u00eame\u00a0\u00bb, a martel\u00e9 le chef de l&rsquo;Etat dans un nouveau discours sur [&hellip;]<\/p>\n","protected":false},"author":1,"featured_media":6936,"comment_status":"open","ping_status":"closed","sticky":false,"template":"","format":"standard","meta":{"footnotes":""},"categories":[30],"tags":[3061],"class_list":["post-12761","post","type-post","status-publish","format-standard","has-post-thumbnail","hentry","category-actualite","tag-macron-met-en-garde-contre-la-mort-de-leurope"],"aioseo_notices":[],"_links":{"self":[{"href":"https:\/\/www.culturalusa.com\/news\/wp-json\/wp\/v2\/posts\/12761","targetHints":{"allow":["GET"]}}],"collection":[{"href":"https:\/\/www.culturalusa.com\/news\/wp-json\/wp\/v2\/posts"}],"about":[{"href":"https:\/\/www.culturalusa.com\/news\/wp-json\/wp\/v2\/types\/post"}],"author":[{"embeddable":true,"href":"https:\/\/www.culturalusa.com\/news\/wp-json\/wp\/v2\/users\/1"}],"replies":[{"embeddable":true,"href":"https:\/\/www.culturalusa.com\/news\/wp-json\/wp\/v2\/comments?post=12761"}],"version-history":[{"count":1,"href":"https:\/\/www.culturalusa.com\/news\/wp-json\/wp\/v2\/posts\/12761\/revisions"}],"predecessor-version":[{"id":12762,"href":"https:\/\/www.culturalusa.com\/news\/wp-json\/wp\/v2\/posts\/12761\/revisions\/12762"}],"wp:featuredmedia":[{"embeddable":true,"href":"https:\/\/www.culturalusa.com\/news\/wp-json\/wp\/v2\/media\/6936"}],"wp:attachment":[{"href":"https:\/\/www.culturalusa.com\/news\/wp-json\/wp\/v2\/media?parent=12761"}],"wp:term":[{"taxonomy":"category","embeddable":true,"href":"https:\/\/www.culturalusa.com\/news\/wp-json\/wp\/v2\/categories?post=12761"},{"taxonomy":"post_tag","embeddable":true,"href":"https:\/\/www.culturalusa.com\/news\/wp-json\/wp\/v2\/tags?post=12761"}],"curies":[{"name":"wp","href":"https:\/\/api.w.org\/{rel}","templated":true}]}}