{"id":12763,"date":"2024-04-25T19:00:25","date_gmt":"2024-04-25T17:00:25","guid":{"rendered":"https:\/\/www.culturalusa.com\/news\/?p=12763"},"modified":"2024-04-25T19:38:30","modified_gmt":"2024-04-25T17:38:30","slug":"le-portugal-celebre-les-50-ans-de-la-democratie","status":"publish","type":"post","link":"https:\/\/www.culturalusa.com\/news\/portugal\/le-portugal-celebre-les-50-ans-de-la-democratie\/","title":{"rendered":"Le Portugal c\u00e9l\u00e8bre les 50 ans de la d\u00e9mocratie"},"content":{"rendered":"<div class=\"text-color text-font block-html mb-4\">\n<h2>Des dizaines de milliers de personnes sont descendues dans les rues de Lisbonne pour comm\u00e9morer le cinquantenaire de la R\u00e9volution des \u0152illets.<\/h2>\n<p>Point d&rsquo;orgue de centaines d&rsquo;initiatives \u00e9tal\u00e9es sur plusieurs semaines, le traditionnel d\u00e9fil\u00e9 populaire au long de l&rsquo;Avenue de la Libert\u00e9 a rassembl\u00e9 une immense foule dans l&rsquo;apr\u00e8s-midi.<\/p>\n<p>\u00ab\u00a025 avril, toujours! Fascisme, jamais plus\u00a0\u00bb, ont cri\u00e9 les manifestants, \u0153illets rouges \u00e0 la main ou \u00e0 la boutonni\u00e8re.<\/p>\n<p>\u00ab\u00a0C&rsquo;est un grand bonheur d&rsquo;\u00eatre l\u00e0\u00a0\u00bb, a t\u00e9moign\u00e9 Helena Pereira, qui a avait seize \u00e0 l&rsquo;\u00e9poque des \u00e9v\u00e9nements d&rsquo;il y a 50 ans. \u00ab\u00a0J&rsquo;ai v\u00e9cu \u00e7a intens\u00e9ment et je m&rsquo;en souviendrai toute ma vie. (&#8230;) Jusqu&rsquo;\u00e0 ce jour, la vie \u00e9tait tr\u00e8s tr\u00e8s dure\u00a0\u00bb, a ajout\u00e9 cette magasini\u00e8re \u00e0 la retraite.<\/p>\n<p>Etudiant de 28 ans, Tiago Farinha, a d\u00e9fil\u00e9 pour la premi\u00e8re fois \u00e0 une date anniversaire de l&rsquo;av\u00e8nement de la d\u00e9mocratie, \u00ab\u00a0\u00e0 cause du contexte politique\u00a0\u00bb actuel, marqu\u00e9 par la mont\u00e9e en puissance de l&rsquo;extr\u00eame droite aux \u00e9lections l\u00e9gislatives du mois dernier.<\/p>\n<p>Il brandit une affiche o\u00f9 l&rsquo;on peut lire: \u00ab\u00a0+Dieu, patrie, famille+ mon cul!\u00a0\u00bb. \u00ab\u00a0C&rsquo;est un cri de r\u00e9volte car nous avons de plus en plus de forces populistes qui soutiennent ce type de slogan\u00a0\u00bb, explique-t-il en r\u00e9f\u00e9rence \u00e0 la maxime du dictateur Antonio Salazar.<\/p>\n<h3>\u00a0\u00ab\u00a0Un sujet toxique\u00a0\u00bb<\/h3>\n<p>La journ\u00e9e de jeudi avait d\u00e9but\u00e9 par une c\u00e9r\u00e9monie militaire sur une grande place du centre de Lisbonne, en bordure de l&rsquo;estuaire du Tage, \u00e0 laquelle ont particip\u00e9 des v\u00e9hicules militaires de l&rsquo;\u00e9poque restaur\u00e9s pour l&rsquo;occasion.<\/p>\n<p>Elle se terminera par un \u00e9v\u00e9nement rassemblant le pr\u00e9sident portugais, le conservateur Marcelo Rebelo de Sousa, et ses homologues des pays africains devenus ind\u00e9pendants apr\u00e8s l&rsquo;av\u00e8nement de la d\u00e9mocratie: l&rsquo;Angola, le Mozambique, la Guin\u00e9e-Bissau, le Cap-vert et Sao Tom\u00e9 et Principe.<\/p>\n<p>M. Rebelo de Sousa a toutefois cr\u00e9\u00e9 la surprise en amont de cette comm\u00e9moration, en soulevant la question d&rsquo;\u00e9ventuelles r\u00e9parations coloniales.<\/p>\n<p>\u00ab\u00a0Nous sommes responsables de ce que nous avons fait l\u00e0-bas. (&#8230;) Il faut payer les co\u00fbts\u00a0\u00bb, a-t-il dit mardi soir lors d&rsquo;une rencontre informelle avec la presse \u00e9trang\u00e8re \u00e0 Lisbonne.<\/p>\n<p>Cette position s&rsquo;est aussit\u00f4t heurt\u00e9e \u00e0 l&rsquo;opposition du nouveau gouvernement de droite mod\u00e9r\u00e9e. \u00ab\u00a0C&rsquo;est un sujet toxique\u00a0\u00bb et \u00ab\u00a0inopportun\u00a0\u00bb, a estim\u00e9 une source gouvernementale cit\u00e9e par l&rsquo;hebdomadaire Expresso.<\/p>\n<p>Lors de la \u00ab\u00a0session solennelle\u00a0\u00bb organis\u00e9e jeudi matin au Parlement, le pr\u00e9sident n&rsquo;a plus \u00e9voqu\u00e9 sa suggestion, ignor\u00e9e par la gauche et critiqu\u00e9e par la droite.<\/p>\n<p>Le leader d&rsquo;extr\u00eame droite Andr\u00e9 Ventura a \u00e9t\u00e9 le plus virulent, accusant M. Rebelo de Sousa d&rsquo;avoir \u00ab\u00a0trahi les Portugais\u00a0\u00bb. \u00ab\u00a0Payer quoi? Payer \u00e0 qui? (&#8230;) Moi je suis fier de l&rsquo;histoire de ce pays\u00a0\u00bb, a-t-il dit.<\/p>\n<h3>\u00a0\u00ab\u00a0Une r\u00e9volution pacifique\u00a0\u00bb<\/h3>\n<p>Aux \u00e9lection du 10 mars, son parti \u00ab\u00a0Chega\u00a0\u00bb (\u00ab\u00a0Assez\u00a0\u00bb) a nettement renforc\u00e9 son rang de troisi\u00e8me force politique du pays avec 18% des voix.<\/p>\n<p>Selon une enqu\u00eate publi\u00e9e la semaine derni\u00e8re, la moiti\u00e9 des personnes interrog\u00e9es ont estim\u00e9 que le r\u00e9gime autoritaire renvers\u00e9 en 1974 avait davantage d&rsquo;aspects n\u00e9gatifs que positifs, mais un cinqui\u00e8me ont affirm\u00e9 le contraire.<\/p>\n<p>En tout cas, 65% ont consid\u00e9r\u00e9 que la r\u00e9volution du 25 avril \u00e9tait l&rsquo;\u00e9v\u00e9nement le plus important de l&rsquo;histoire du Portugal, loin devant l&rsquo;adh\u00e9sion en 1986 \u00e0 ce qui devait devenir l&rsquo;Union europ\u00e9enne.<\/p>\n<p>\u00ab\u00a0La motivation principale \u00e9tait de r\u00e9gler le probl\u00e8me de la guerre coloniale\u00a0\u00bb, a rappel\u00e9 le colonel \u00e0 la retraite Vasco Louren\u00e7o, pr\u00e9sident de l&rsquo;Association 25 avril h\u00e9riti\u00e8re du \u00ab\u00a0mouvement des capitaines\u00a0\u00bb qui a organis\u00e9 le soul\u00e8vement.<\/p>\n<p>La R\u00e9volution des \u0152illets a \u00e9t\u00e9 baptis\u00e9e ainsi car la population, qui s&rsquo;est aussit\u00f4t rang\u00e9e du c\u00f4t\u00e9 des putschistes, a distribu\u00e9 ces fleurs du printemps \u00e0 certains soldats qui les ont plant\u00e9es dans le canon de leur fusil.<\/p>\n<p>\u00ab\u00a0Ce seront surtout les images prises ce jour-l\u00e0 qui vont transformer l&rsquo;\u0153illet rouge en symbole de la R\u00e9volution du 25 avril qui finira par donner une vision romantique, po\u00e9tique \u00e0 un acte qui tenait beaucoup de l&rsquo;h\u00e9ro\u00efsme, m\u00eame si cette r\u00e9volution a \u00e9t\u00e9 particuli\u00e8rement pacifique\u00a0\u00bb, explique l&rsquo;historienne Maria Inacia Rezola, en charge du vaste programme de comm\u00e9morations. (AFP)<\/p>\n<\/div>\n","protected":false},"excerpt":{"rendered":"<p>Des dizaines de milliers de personnes sont descendues dans les rues de Lisbonne pour comm\u00e9morer le cinquantenaire de la R\u00e9volution des \u0152illets. Point d&rsquo;orgue de centaines d&rsquo;initiatives \u00e9tal\u00e9es sur plusieurs semaines, le traditionnel d\u00e9fil\u00e9 populaire au long de l&rsquo;Avenue de la Libert\u00e9 a rassembl\u00e9 une immense foule dans l&rsquo;apr\u00e8s-midi. \u00ab\u00a025 avril, toujours! Fascisme, jamais plus\u00a0\u00bb, [&hellip;]<\/p>\n","protected":false},"author":1,"featured_media":453,"comment_status":"open","ping_status":"closed","sticky":false,"template":"","format":"standard","meta":{"footnotes":""},"categories":[3],"tags":[3062],"class_list":["post-12763","post","type-post","status-publish","format-standard","has-post-thumbnail","hentry","category-portugal","tag-le-portugal-celebre-les-50-ans-de-la-democratie"],"aioseo_notices":[],"_links":{"self":[{"href":"https:\/\/www.culturalusa.com\/news\/wp-json\/wp\/v2\/posts\/12763","targetHints":{"allow":["GET"]}}],"collection":[{"href":"https:\/\/www.culturalusa.com\/news\/wp-json\/wp\/v2\/posts"}],"about":[{"href":"https:\/\/www.culturalusa.com\/news\/wp-json\/wp\/v2\/types\/post"}],"author":[{"embeddable":true,"href":"https:\/\/www.culturalusa.com\/news\/wp-json\/wp\/v2\/users\/1"}],"replies":[{"embeddable":true,"href":"https:\/\/www.culturalusa.com\/news\/wp-json\/wp\/v2\/comments?post=12763"}],"version-history":[{"count":3,"href":"https:\/\/www.culturalusa.com\/news\/wp-json\/wp\/v2\/posts\/12763\/revisions"}],"predecessor-version":[{"id":12766,"href":"https:\/\/www.culturalusa.com\/news\/wp-json\/wp\/v2\/posts\/12763\/revisions\/12766"}],"wp:featuredmedia":[{"embeddable":true,"href":"https:\/\/www.culturalusa.com\/news\/wp-json\/wp\/v2\/media\/453"}],"wp:attachment":[{"href":"https:\/\/www.culturalusa.com\/news\/wp-json\/wp\/v2\/media?parent=12763"}],"wp:term":[{"taxonomy":"category","embeddable":true,"href":"https:\/\/www.culturalusa.com\/news\/wp-json\/wp\/v2\/categories?post=12763"},{"taxonomy":"post_tag","embeddable":true,"href":"https:\/\/www.culturalusa.com\/news\/wp-json\/wp\/v2\/tags?post=12763"}],"curies":[{"name":"wp","href":"https:\/\/api.w.org\/{rel}","templated":true}]}}