{"id":12786,"date":"2024-05-23T16:08:55","date_gmt":"2024-05-23T14:08:55","guid":{"rendered":"https:\/\/www.culturalusa.com\/news\/?p=12786"},"modified":"2024-05-23T16:08:55","modified_gmt":"2024-05-23T14:08:55","slug":"france-accelere-sa-decarbonation-mais-manque-son-objectif-climatique-a-cause-des-forets-et-des-sols","status":"publish","type":"post","link":"https:\/\/www.culturalusa.com\/news\/economie\/france-accelere-sa-decarbonation-mais-manque-son-objectif-climatique-a-cause-des-forets-et-des-sols\/","title":{"rendered":"France : acc\u00e9l\u00e8re sa d\u00e9carbonation, mais manque son objectif climatique \u00e0 cause des for\u00eats et des sols"},"content":{"rendered":"<h2>La France tient le rythme pr\u00e9vu pour d\u00e9carboner son \u00e9conomie, mais les for\u00eats et les sols de son territoire n&rsquo;absorbent pas autant de CO2 que pr\u00e9vu, emp\u00eachant de peu le pays de tenir ses objectifs climatiques et de rattraper le retard accumul\u00e9 lors de la pr\u00e9c\u00e9dente d\u00e9cennie.<\/h2>\n<blockquote><p>Les gaz \u00e0 effet de serre \u00e9mis par l&rsquo;activit\u00e9 humaine en France ont baiss\u00e9 dans quasiment tous les secteurs de l&rsquo;\u00e9conomie (agriculture, transports, industrie &#8230;), reculant de 5,8% en France en 2023 par rapport \u00e0 2022, a annonc\u00e9 jeudi le Citepa, l&rsquo;organisme charg\u00e9 de l&rsquo;inventaire des gaz \u00e0 effet de serre fran\u00e7ais, dans une r\u00e9vision de ses premi\u00e8res estimations.<\/p><\/blockquote>\n<p>Ce chiffre, dont s&rsquo;enorgueillit le gouvernement apr\u00e8s un recul de 2,7% entre 2021 et 2022, avait \u00e9t\u00e9 d\u00e9voil\u00e9 mercredi par le Premier ministre Gabriel Attal lors d&rsquo;un meeting \u00e9lectoral.<\/p>\n<p>En 2023, la France a ainsi rejet\u00e9 dans l&rsquo;atmosph\u00e8re l&rsquo;\u00e9quivalent de 373 millions de tonnes de dioxyde de carbone (Mt CO2e), \u00ab\u00a0soit en dessous du niveau minimum record de 2020\u00a0\u00bb lors du ralentissement majeur de l&rsquo;\u00e9conomie pendant la pand\u00e9mie.<\/p>\n<p>\u00ab\u00a0On est dans les clous de nos objectifs\u00a0\u00bb, s&rsquo;est-on f\u00e9licit\u00e9 jeudi dans l&rsquo;entourage du ministre de la Transition \u00e9cologique Christophe B\u00e9chu, tout en conc\u00e9dant que \u00ab\u00a0l&rsquo;absorption du carbone \u00e9tait un peu moins importante que pr\u00e9vu\u00a0\u00bb.<\/p>\n<p>En effet ce nouveau record ne suffit pas: en retranchant des \u00e9missions fran\u00e7aises la quantit\u00e9 de CO2 qui est absorb\u00e9e naturellement par les for\u00eats et les sols (qualifi\u00e9s de puits de carbone), \u00ab\u00a0le budget carbone 2019-2023 n\u2019est pas respect\u00e9\u00a0\u00bb, avertit le Citepa. Les arbres, par la photosynth\u00e8se, captent le carbone de l&rsquo;air pour le stocker dans leurs racines et leurs branches.<\/p>\n<p>Au total, sur ces cinq ann\u00e9es, les \u00e9missions nettes de la France atteignent en moyenne 380 Mt \u00ab\u00a0contre un objectif de 379 Mt, soit un d\u00e9passement de 1,4 Mt\u00a0\u00bb (0,4%), indique l&rsquo;organisme.<\/p>\n<h3>\u00a0Mortalit\u00e9 des arbres<\/h3>\n<p>La feuille de route climatique de la France, fix\u00e9e par sa deuxi\u00e8me Strat\u00e9gie nationale bas carbone (SNBC) 2019-2023, pr\u00e9voyait d&rsquo;atteindre entre 40 et 45 Mt de CO2 absorb\u00e9 par les for\u00eats et le sols \u00e0 horizon 2030.<\/p>\n<p>Mais ce puits de carbone \u00ab\u00a0s\u2019est consid\u00e9rablement r\u00e9duit\u00a0\u00bb et n&rsquo;a absorb\u00e9 qu\u00a0\u00bb\u00a0\u00bbenviron 20 Mt CO2 dans les ann\u00e9es r\u00e9centes, notamment en raison de l\u2019effet coupl\u00e9 de s\u00e9cheresses \u00e0 r\u00e9p\u00e9tition depuis 2015, de maladies affectant le taux de mortalit\u00e9 des arbres, et d\u2019une hausse des r\u00e9coltes de bois\u00a0\u00bb, explique le Citepa.<\/p>\n<p>Et l&rsquo;avenir est incertain: selon une \u00e9tude r\u00e9cente de l&rsquo;IGN, \u00ab\u00a0la s\u00e9questration du carbone en for\u00eat continue de s&rsquo;\u00e9roder\u00a0\u00bb dans la grande majorit\u00e9 des projections d&rsquo;ici 2050, y compris si le gouvernement parvient \u00e0 tenir son objectif de planter un milliard d&rsquo;arbres d&rsquo;ici 2032.<\/p>\n<p>Le gouvernement s&rsquo;est pour sa part dit confort\u00e9 dans sa strat\u00e9gie \u00ab\u00a0d&rsquo;adapter la for\u00eat au changement climatique et d&rsquo;acc\u00e9l\u00e9rer la reforestation et les zones naturelles qui absorbent du carbone\u00a0\u00bb.<\/p>\n<p>\u00ab\u00a0La d\u00e9gradation du puits de carbone est aussi un choix politique puisque le gouvernement s&rsquo;ent\u00eate \u00e0 vouloir augmenter la r\u00e9colte de bois alors que tous les signaux sont au rouge\u00a0\u00bb, a de son c\u00f4t\u00e9 r\u00e9agi aupr\u00e8s de l&rsquo;AFP Sylvain Angerand de l&rsquo;association Canop\u00e9e.<\/p>\n<p>\u00ab\u00a0Cette diminution du puits implique un effort encore plus cons\u00e9quent sur les autres secteurs afin de parvenir \u00e0 la neutralit\u00e9 carbone\u00a0\u00bb, rappelle le Citepa, alors que la 3e version de la SNBC, annonc\u00e9e comme \u00ab\u00a0imminente\u00a0\u00bb depuis des mois par le gouvernement, se fait toujours attendre.<\/p>\n<h3>\u00a0Baisse conjoncturelle ?<\/h3>\n<p>Le Citepa constate toutefois une \u00ab\u00a0situation in\u00e9dite o\u00f9 tous les grands secteurs \u00e9metteurs participent \u00e0 une baisse des \u00e9missions, dans un contexte particulier (inflation, reprise de production nucl\u00e9aire\u2026) mais sans crise \u00e9conomique majeure\u00a0\u00bb.<\/p>\n<p>Ces r\u00e9ductions sont une \u00ab\u00a0bonne nouvelle\u00a0\u00bb, mais \u00ab\u00a0en grande partie li\u00e9e \u00e0 des facteurs conjoncturels comme la baisse de l&rsquo;activit\u00e9 \u00e9conomique, les prix \u00e9lev\u00e9s de l\u2019\u00e9nergie ou le red\u00e9marrage de r\u00e9acteurs nucl\u00e9aires\u00a0\u00bb \u00e0 l&rsquo;arr\u00eat en 2022, relativise aupr\u00e8s de l&rsquo;AFP Anne Bringault, du R\u00e9seau Action Climat, qui appelle \u00e0 s&rsquo;attaquer notamment aux \u00e9missions du secteur des transports.<\/p>\n<p>La France, qui doit s&rsquo;aligner sur l&rsquo;objectif europ\u00e9en de -55% d&rsquo;\u00e9missions d&rsquo;ici 2030 par rapport \u00e0 1990, avait d\u00e9j\u00e0 \u00e9chou\u00e9 \u00e0 respecter son premier budget carbone (2015-2018) et avait revu ses ambitions \u00e0 la baisse en 2019. (AFP)<\/p>\n","protected":false},"excerpt":{"rendered":"<p>La France tient le rythme pr\u00e9vu pour d\u00e9carboner son \u00e9conomie, mais les for\u00eats et les sols de son territoire n&rsquo;absorbent pas autant de CO2 que pr\u00e9vu, emp\u00eachant de peu le pays de tenir ses objectifs climatiques et de rattraper le retard accumul\u00e9 lors de la pr\u00e9c\u00e9dente d\u00e9cennie. Les gaz \u00e0 effet de serre \u00e9mis par [&hellip;]<\/p>\n","protected":false},"author":1,"featured_media":12787,"comment_status":"open","ping_status":"closed","sticky":false,"template":"","format":"standard","meta":{"footnotes":""},"categories":[1],"tags":[3074,1662],"class_list":["post-12786","post","type-post","status-publish","format-standard","has-post-thumbnail","hentry","category-economie","tag-france-accelere-sa-decarbonation","tag-objectifs-climatiques"],"aioseo_notices":[],"_links":{"self":[{"href":"https:\/\/www.culturalusa.com\/news\/wp-json\/wp\/v2\/posts\/12786","targetHints":{"allow":["GET"]}}],"collection":[{"href":"https:\/\/www.culturalusa.com\/news\/wp-json\/wp\/v2\/posts"}],"about":[{"href":"https:\/\/www.culturalusa.com\/news\/wp-json\/wp\/v2\/types\/post"}],"author":[{"embeddable":true,"href":"https:\/\/www.culturalusa.com\/news\/wp-json\/wp\/v2\/users\/1"}],"replies":[{"embeddable":true,"href":"https:\/\/www.culturalusa.com\/news\/wp-json\/wp\/v2\/comments?post=12786"}],"version-history":[{"count":1,"href":"https:\/\/www.culturalusa.com\/news\/wp-json\/wp\/v2\/posts\/12786\/revisions"}],"predecessor-version":[{"id":12788,"href":"https:\/\/www.culturalusa.com\/news\/wp-json\/wp\/v2\/posts\/12786\/revisions\/12788"}],"wp:featuredmedia":[{"embeddable":true,"href":"https:\/\/www.culturalusa.com\/news\/wp-json\/wp\/v2\/media\/12787"}],"wp:attachment":[{"href":"https:\/\/www.culturalusa.com\/news\/wp-json\/wp\/v2\/media?parent=12786"}],"wp:term":[{"taxonomy":"category","embeddable":true,"href":"https:\/\/www.culturalusa.com\/news\/wp-json\/wp\/v2\/categories?post=12786"},{"taxonomy":"post_tag","embeddable":true,"href":"https:\/\/www.culturalusa.com\/news\/wp-json\/wp\/v2\/tags?post=12786"}],"curies":[{"name":"wp","href":"https:\/\/api.w.org\/{rel}","templated":true}]}}