{"id":12796,"date":"2024-06-09T22:34:20","date_gmt":"2024-06-09T20:34:20","guid":{"rendered":"https:\/\/www.culturalusa.com\/news\/?p=12796"},"modified":"2024-06-09T22:34:20","modified_gmt":"2024-06-09T20:34:20","slug":"europeennes-emmanuel-macron-dissout-lassemblee-nationale","status":"publish","type":"post","link":"https:\/\/www.culturalusa.com\/news\/politique\/europeennes-emmanuel-macron-dissout-lassemblee-nationale\/","title":{"rendered":"Europ\u00e9ennes : Emmanuel Macron dissout l\u2019Assembl\u00e9e nationale"},"content":{"rendered":"<h2>Le chef de l\u2019\u00c9tat s\u2019est exprim\u00e9, dimanche soir, alors que le Rassemblement national a obtenu plus de 32 % des voix. Le premier tour des l\u00e9gislatives se tiendra le 30 juin et le second le 7 juillet.<\/h2>\n<blockquote><p>Emmanuel Macron prend acte d&rsquo;une claque historique. Apr\u00e8s la victoire \u00e9crasante du Rassemblement national aux europ\u00e9ennes, dimanche soir, le chef de l&rsquo;\u00c9tat a pris la parole et annonc\u00e9 aux Fran\u00e7ais une dissolution de l&rsquo;Assembl\u00e9e nationale.<\/p><\/blockquote>\n<p>\u00ab J&rsquo;ai d\u00e9cid\u00e9 de vous redonner le choix de notre avenir parlementaire par le vote. Je dissous donc ce soir l&rsquo;Assembl\u00e9e nationale \u00bb, a d\u00e9clar\u00e9 Macron, la mine grave. Des \u00e9lections l\u00e9gislatives seront organis\u00e9es les 30 juin et 7 juillet.<\/p>\n<p>\u00ab Le principal enseignement est clair, ce n&rsquo;est pas un bon r\u00e9sultat pour les partis qui d\u00e9fendent l&rsquo;Europe, dont celui de la majorit\u00e9 pr\u00e9sidentielle \u00bb, a d\u00e9clar\u00e9 Macron, d\u00e9non\u00e7ant la mont\u00e9e \u00ab des nationalistes et des d\u00e9magogues \u00bb qui repr\u00e9sentent, selon lui, \u00ab un danger pour notre nation et pour l&rsquo;Europe \u00bb.<\/p>\n<h3>\u00a0D\u00e9saveu cinglant<\/h3>\n<p>Vingt-sept ans apr\u00e8s Jacques Chirac, le chef de l&rsquo;\u00c9tat a donc d\u00e9cid\u00e9 d&rsquo;appuyer sur le bouton nucl\u00e9aire de la dissolution. \u00ab Je ne peux que saluer cette d\u00e9cision qui s&rsquo;inscrit dans la logique des institutions de la Ve R\u00e9publique \u00bb, a r\u00e9agi dans la foul\u00e9e Marine Le Pen, en assurant que le RN \u00e9tait \u00ab pr\u00eat \u00e0 exercer le pouvoir \u00bb.<\/p>\n<p>Le ministre de l&rsquo;Int\u00e9rieur, G\u00e9rald Darmanin, a salu\u00e9 la \u00ab d\u00e9cision gaullienne et courageuse \u00bb d&rsquo;Emmanuel Macron. \u00ab Il faut toujours \u00e9couter le peuple en d\u00e9mocratie. \u00bb<\/p>\n<p>Jordan Bardella, qui s&rsquo;est exprim\u00e9 le premier, avait appel\u00e9 le chef de l&rsquo;\u00c9tat \u00e0 \u00ab prendre acte d&rsquo;un d\u00e9saveu cinglant et d&rsquo;un rejet clair \u00bb de la politique men\u00e9e par son gouvernement et \u00e0 organiser en cons\u00e9quence \u00ab de nouvelles \u00e9lections l\u00e9gislatives \u00bb.<\/p>\n<p>\u00ab C&rsquo;est un vote de grande signification. Il appelle une refondation, une reconstruction de la vie politique, de la relation entre le pouvoir et les citoyens. Cette consultation ne peut pas \u00eatre ignor\u00e9e \u00bb, estimait, lui, Fran\u00e7ois Bayrou.<\/p>\n<p>Selon les estimations Ifop, le RN arrive en t\u00eate du scrutin avec 32 % des voix, devant la liste de Val\u00e9rie Hayer (14,9 %) et la liste commune PS-Place publique conduite par Rapha\u00ebl Glucksmann (14,2 %).\u00a0 (AFP)<\/p>\n","protected":false},"excerpt":{"rendered":"<p>Le chef de l\u2019\u00c9tat s\u2019est exprim\u00e9, dimanche soir, alors que le Rassemblement national a obtenu plus de 32 % des voix. Le premier tour des l\u00e9gislatives se tiendra le 30 juin et le second le 7 juillet. Emmanuel Macron prend acte d&rsquo;une claque historique. Apr\u00e8s la victoire \u00e9crasante du Rassemblement national aux europ\u00e9ennes, dimanche soir, [&hellip;]<\/p>\n","protected":false},"author":1,"featured_media":12494,"comment_status":"open","ping_status":"closed","sticky":false,"template":"","format":"standard","meta":{"footnotes":""},"categories":[1494],"tags":[1006,642,3078],"class_list":["post-12796","post","type-post","status-publish","format-standard","has-post-thumbnail","hentry","category-politique","tag-elections-europeennes","tag-emmanuel-macron","tag-emmanuel-macron-dissout-lassemblee-nationale"],"aioseo_notices":[],"_links":{"self":[{"href":"https:\/\/www.culturalusa.com\/news\/wp-json\/wp\/v2\/posts\/12796","targetHints":{"allow":["GET"]}}],"collection":[{"href":"https:\/\/www.culturalusa.com\/news\/wp-json\/wp\/v2\/posts"}],"about":[{"href":"https:\/\/www.culturalusa.com\/news\/wp-json\/wp\/v2\/types\/post"}],"author":[{"embeddable":true,"href":"https:\/\/www.culturalusa.com\/news\/wp-json\/wp\/v2\/users\/1"}],"replies":[{"embeddable":true,"href":"https:\/\/www.culturalusa.com\/news\/wp-json\/wp\/v2\/comments?post=12796"}],"version-history":[{"count":1,"href":"https:\/\/www.culturalusa.com\/news\/wp-json\/wp\/v2\/posts\/12796\/revisions"}],"predecessor-version":[{"id":12797,"href":"https:\/\/www.culturalusa.com\/news\/wp-json\/wp\/v2\/posts\/12796\/revisions\/12797"}],"wp:featuredmedia":[{"embeddable":true,"href":"https:\/\/www.culturalusa.com\/news\/wp-json\/wp\/v2\/media\/12494"}],"wp:attachment":[{"href":"https:\/\/www.culturalusa.com\/news\/wp-json\/wp\/v2\/media?parent=12796"}],"wp:term":[{"taxonomy":"category","embeddable":true,"href":"https:\/\/www.culturalusa.com\/news\/wp-json\/wp\/v2\/categories?post=12796"},{"taxonomy":"post_tag","embeddable":true,"href":"https:\/\/www.culturalusa.com\/news\/wp-json\/wp\/v2\/tags?post=12796"}],"curies":[{"name":"wp","href":"https:\/\/api.w.org\/{rel}","templated":true}]}}