{"id":12798,"date":"2024-06-09T23:07:58","date_gmt":"2024-06-09T21:07:58","guid":{"rendered":"https:\/\/www.culturalusa.com\/news\/?p=12798"},"modified":"2024-06-09T23:07:58","modified_gmt":"2024-06-09T21:07:58","slug":"elections-europeennes-seisme-politique-en-france","status":"publish","type":"post","link":"https:\/\/www.culturalusa.com\/news\/actualite\/elections-europeennes-seisme-politique-en-france\/","title":{"rendered":"\u00c9lections Europ\u00e9ennes : s\u00e9isme politique en France"},"content":{"rendered":"<h2>Les \u00e9lections europ\u00e9ennes, marqu\u00e9es par une pouss\u00e9e de la\u00a0 droite nationaliste dans nombre de pays, ont provoqu\u00e9 un s\u00e9isme politique en France, sans pour autant bouleverser les \u00e9quilibres politiques \u00e0 Bruxelles.<\/h2>\n<blockquote><p>Les premi\u00e8res estimations ont confirm\u00e9 une nette progression des droites nationalistes et radicales, et un revers cuisant pour les dirigeants des deux premi\u00e8res puissances de l&rsquo;UE, le chancelier allemand Olaf Scholz et le pr\u00e9sident fran\u00e7ais Emmanuel Macron, qui a annonc\u00e9 une dissolution de l&rsquo;Assembl\u00e9e fran\u00e7aise.<\/p><\/blockquote>\n<p>Ce scrutin, o\u00f9 plus de 360 millions d&rsquo;\u00e9lecteurs \u00e9taient appel\u00e9s aux urnes pour d\u00e9signer 720 eurod\u00e9put\u00e9s, s&rsquo;est d\u00e9roul\u00e9 depuis jeudi dans un climat alourdi par une conjoncture \u00e9conomique morose et la guerre en Ukraine, au moment o\u00f9 l&rsquo;UE affronte des d\u00e9fis strat\u00e9giques face \u00e0 la Chine et aux Etats-Unis.<\/p>\n<h3>En France, le Rassemblement national men\u00e9 par Jordan Bardella a domin\u00e9 le scrutin avec plus de 31,5% des voix, loin devant le parti Renaissance du pr\u00e9sident Macron (15,2%), selon des estimations des instituts de sondage. Le RN engrangerait ainsi 31 des 81 eurod\u00e9put\u00e9s fran\u00e7ais.<\/h3>\n<p>Outre-Rhin, en d\u00e9pit des derniers scandales qui ont \u00e9clabouss\u00e9 sa t\u00eate de liste, de la droite radicale\u00a0 allemande AfD est cr\u00e9dit\u00e9e en seconde place, avec 16,5-16% des voix, derri\u00e8re les conservateurs CDU-CSU (29,5-30%), mais loin devant les partis de la coalition au pouvoir, sociaux-d\u00e9mocrates (14%) et Verts (12%).<\/p>\n<p>En Autriche, le FP\u00d6 s&rsquo;impose en t\u00eate du scrutin (27%), et les N\u00e9erlandais, premiers \u00e0 voter jeudi, ont nettement renforc\u00e9 le parti d&rsquo;extr\u00eame droite de Geert Wilders.<\/p>\n<p>En Pologne, le parti centriste pro-europ\u00e9en du Premier ministre polonais Donald Tusk, est arriv\u00e9 devant le parti nationaliste populiste Droit et Justice (PiS), mais celui-ci conserve un score \u00e9lev\u00e9 et l&rsquo;extr\u00eame droite de Konfederacja, tr\u00e8s eurosceptique, n&rsquo;enverra pas moins de 6 eurod\u00e9put\u00e9s \u00e0 Strasbourg.<\/p>\n<p>Pour autant, l&rsquo;extr\u00eame droite reste divis\u00e9e au Parlement europ\u00e9en en deux groupes (ID et ECR) dont le rapprochement reste tr\u00e8s incertain en raison de leurs importantes divergences en particulier sur la Russie.<\/p>\n<h3>\u00a0\u00ab\u00a0La Voix\u00a0 de la droite\u00a0 Nationaliste \u00ab\u00a0<\/h3>\n<p>\u00ab\u00a0Les voix d&rsquo;extr\u00eame droite et de droite souverainiste ne sont pas additionnables, ceci va limiter leur poids direct dans la l\u00e9gislature\u00a0\u00bb, explique \u00e0 l&rsquo;AFP S\u00e9bastien Maillard, de l&rsquo;Institut Jacques Delors.<\/p>\n<p>\u00ab\u00a0Mais la vague brune, \u00e9clatante en France notamment, va in\u00e9vitablement impr\u00e9gner le climat politique dans laquelle agira la Commission et la majorit\u00e9 devra en tenir compte\u00a0\u00bb, ajoute-t-il. \u00ab\u00a0A d\u00e9faut de peser directement, l&rsquo;extr\u00eame-droite pourra influer insidieusement\u00a0\u00bb, pr\u00e9vient-il.<\/p>\n<p>Alors que les eurod\u00e9put\u00e9s adoptent les l\u00e9gislations de concert avec les Etats membres, les droites radicales pourraient se faire entendre sur des dossiers cruciaux : d\u00e9fense contre une Russie expansionniste, politique agricole, migrations, objectif climatique 2040, poursuite des mesures environnementales auxquelles elles sont farouchement hostiles..<\/p>\n<p>La \u00ab\u00a0grande coalition\u00a0\u00bb centriste de la droite (PPE), des sociaux-d\u00e9mocrates (S&amp;D) et des lib\u00e9raux (Renew), au sein de laquelle se forgent traditionnellement les compromis au Parlement europ\u00e9en, devrait conserver la majorit\u00e9.<\/p>\n<p>Selon des projections publi\u00e9es dimanche par l&rsquo;institution elle-m\u00eame, le PPE d\u00e9crocherait 181 si\u00e8ges, les S&amp;D 135 et Renew Europe 82, soit 398 si\u00e8ges sur un total de 720. Les Verts chuteraient eux \u00e0 53 si\u00e8ges (contre plus de 70 actuellement).<\/p>\n<p>\u00ab\u00a0Le PPE est le groupe politique le plus puissant (&#8230;) Et c&rsquo;est important, nous construirons un rempart contre les extr\u00eames de gauche et de droite, nous les arr\u00eaterons\u00a0\u00bb, a n\u00e9anmoins assur\u00e9 dimanche la pr\u00e9sidente de la Commission europ\u00e9enne Ursula von der Leyen, issue du PPE, et candidate \u00e0 sa reconduction.<\/p>\n<p>Elle devra obtenir l&rsquo;aval des dirigeants des Vingt-Sept puis un vote favorable des eurod\u00e9put\u00e9s &#8211; qui en 2019 ne lui avaient accord\u00e9 sa confiance qu&rsquo;\u00e0 une tr\u00e8s courte majorit\u00e9 (neuf voix).<\/p>\n<h3>\u00a0\u00ab\u00a0Pr\u00eats \u00e0 n\u00e9gocier\u00a0\u00bb<\/h3>\n<p>Mme von der Leyen avait courtis\u00e9 la cheffe de gouvernement italienne Giorgia Meloni et son parti post-fasciste Fratelli d&rsquo;Italia (FDI), en qui elle voit une partenaire fr\u00e9quentable, pro-europ\u00e9enne et pro-Ukraine &#8211; au grand dam des alli\u00e9s lib\u00e9raux et socialistes du PPE, mais aussi des Verts.<\/p>\n<p>\u00ab\u00a0Soutiendrons-nous Ursula von der Leyen? C&rsquo;est trop t\u00f4t pour le dire. Tr\u00e8s clairement, nous sommes pr\u00eats \u00e0 n\u00e9gocier\u00a0\u00bb, mais \u00e0 condition d&rsquo;exclure tout rapprochement \u00e0 Mme Meloni, a soutenu le chef de file \u00e9cologiste pour les europ\u00e9ennes, Bas Eickhout.<\/p>\n<p>Il fait de l&rsquo;approfondissement du Pacte vert \u00ab\u00a0un \u00e9l\u00e9ment tr\u00e8s important\u00a0\u00bb du futur programme de la Commission, alors m\u00eame que le PPE s&rsquo;y montre extr\u00eamement r\u00e9ticent.<\/p>\n<p>Mme Meloni, qui s&rsquo;est pr\u00e9sent\u00e9e comme t\u00eate de liste \u00e0 cette \u00e9lection, a r\u00e9affirm\u00e9 de son c\u00f4t\u00e9 vouloir \u00ab\u00a0d\u00e9fendre les fronti\u00e8res contre l&rsquo;immigration ill\u00e9gale, prot\u00e9ger l&rsquo;\u00e9conomie r\u00e9elle, lutter contre la concurrence d\u00e9loyale\u00a0\u00bb.<\/p>\n<p>Giorgia Meloni soutient par ailleurs fortement l&rsquo;aide \u00e0 l&rsquo;Ukraine &#8211; \u00e0 l&rsquo;inverse du Premier ministre hongrois Viktor Orban : tr\u00e8s critique de Bruxelles, le dirigeant nationaliste multiplie par ailleurs les attaques contre l&rsquo;Otan, l&rsquo;accusant d&rsquo;entra\u00eener les pays de l&rsquo;Alliance dans une \u00ab\u00a0conflagration mondiale\u00a0\u00bb.<\/p>\n<p>Les divisions de l&rsquo;extr\u00eame droite sur l&rsquo;attitude \u00e0 adopter face \u00e0 Moscou pourraient compliquer les n\u00e9gociations dans l&rsquo;UE \u00e0 l&rsquo;heure o\u00f9 les Vingt-Sept cherchent \u00e0 renforcer leur industrie de d\u00e9fense tout en peinant \u00e0 d\u00e9gager les fonds n\u00e9cessaires.<\/p>\n<p>\u00ab\u00a0L&rsquo;enjeu est de taille\u00a0\u00bb, avait soulign\u00e9 dimanche la Premi\u00e8re ministre danoise Mette Frederiksen, deux jours apr\u00e8s avoir \u00e9t\u00e9 agress\u00e9e \u00e0 Copenhague, citant \u00ab\u00a0la s\u00fbret\u00e9 et la s\u00e9curit\u00e9 avec la guerre en Europe\u00a0\u00bb, \u00ab\u00a0le changement climatique\u00a0\u00bb, \u00ab\u00a0la pression sur les fronti\u00e8res de l&rsquo;Europe\u00a0\u00bb, et l&rsquo;impact des \u00ab\u00a0g\u00e9ants de la technologie\u00a0\u00bb. (AFP &amp; CL)<\/p>\n","protected":false},"excerpt":{"rendered":"<p>Les \u00e9lections europ\u00e9ennes, marqu\u00e9es par une pouss\u00e9e de la\u00a0 droite nationaliste dans nombre de pays, ont provoqu\u00e9 un s\u00e9isme politique en France, sans pour autant bouleverser les \u00e9quilibres politiques \u00e0 Bruxelles. Les premi\u00e8res estimations ont confirm\u00e9 une nette progression des droites nationalistes et radicales, et un revers cuisant pour les dirigeants des deux premi\u00e8res puissances [&hellip;]<\/p>\n","protected":false},"author":1,"featured_media":6937,"comment_status":"open","ping_status":"closed","sticky":false,"template":"","format":"standard","meta":{"footnotes":""},"categories":[30],"tags":[3079,3080],"class_list":["post-12798","post","type-post","status-publish","format-standard","has-post-thumbnail","hentry","category-actualite","tag-elections-europeennes-2024","tag-la-voix-de-la-droite-nationaliste"],"aioseo_notices":[],"_links":{"self":[{"href":"https:\/\/www.culturalusa.com\/news\/wp-json\/wp\/v2\/posts\/12798","targetHints":{"allow":["GET"]}}],"collection":[{"href":"https:\/\/www.culturalusa.com\/news\/wp-json\/wp\/v2\/posts"}],"about":[{"href":"https:\/\/www.culturalusa.com\/news\/wp-json\/wp\/v2\/types\/post"}],"author":[{"embeddable":true,"href":"https:\/\/www.culturalusa.com\/news\/wp-json\/wp\/v2\/users\/1"}],"replies":[{"embeddable":true,"href":"https:\/\/www.culturalusa.com\/news\/wp-json\/wp\/v2\/comments?post=12798"}],"version-history":[{"count":1,"href":"https:\/\/www.culturalusa.com\/news\/wp-json\/wp\/v2\/posts\/12798\/revisions"}],"predecessor-version":[{"id":12799,"href":"https:\/\/www.culturalusa.com\/news\/wp-json\/wp\/v2\/posts\/12798\/revisions\/12799"}],"wp:featuredmedia":[{"embeddable":true,"href":"https:\/\/www.culturalusa.com\/news\/wp-json\/wp\/v2\/media\/6937"}],"wp:attachment":[{"href":"https:\/\/www.culturalusa.com\/news\/wp-json\/wp\/v2\/media?parent=12798"}],"wp:term":[{"taxonomy":"category","embeddable":true,"href":"https:\/\/www.culturalusa.com\/news\/wp-json\/wp\/v2\/categories?post=12798"},{"taxonomy":"post_tag","embeddable":true,"href":"https:\/\/www.culturalusa.com\/news\/wp-json\/wp\/v2\/tags?post=12798"}],"curies":[{"name":"wp","href":"https:\/\/api.w.org\/{rel}","templated":true}]}}