{"id":1283,"date":"2013-12-17T20:20:50","date_gmt":"2013-12-17T19:20:50","guid":{"rendered":"http:\/\/www.culturalusa.com\/news\/?p=1283"},"modified":"2013-12-17T20:20:50","modified_gmt":"2013-12-17T19:20:50","slug":"le-portugal-passe-sans-encombre-un-nouvel-examen-de-la-troika","status":"publish","type":"post","link":"https:\/\/www.culturalusa.com\/news\/portugal\/le-portugal-passe-sans-encombre-un-nouvel-examen-de-la-troika\/","title":{"rendered":"Le Portugal passe sans encombre un nouvel examen de la tro\u00efka"},"content":{"rendered":"<p><img loading=\"lazy\" decoding=\"async\" src=\"http:\/\/www.culturalusa.com\/news\/wp-content\/uploads\/2012\/07\/ue-fmi.jpg\" alt=\"FMI\" width=\"467\" height=\"280\" class=\"aligncenter size-full wp-image-694\" srcset=\"https:\/\/www.culturalusa.com\/news\/wp-content\/uploads\/2012\/07\/ue-fmi.jpg 467w, https:\/\/www.culturalusa.com\/news\/wp-content\/uploads\/2012\/07\/ue-fmi-275x165.jpg 275w\" sizes=\"auto, (max-width: 467px) 100vw, 467px\" \/>Le Portugal s&rsquo;est vu d\u00e9cerner un nouveau satisfecit par ses cr\u00e9anciers internationaux pour la mise en oeuvre de son plan de rigueur, une \u00e9tape importante en attendant la sortie du pays de son programme d&rsquo;assistance pr\u00e9vue en juin 2014.<\/p>\n<p>Le feu vert des experts de la tro\u00efka (UE-BCE-FMI) ouvre la voie au versement d&rsquo;une nouvelle tranche de cr\u00e9dit de 2,7 milliards d&rsquo;euros, sur un total de 78 milliards d&rsquo;euros pr\u00e9vus par le plan d&rsquo;aide n\u00e9goci\u00e9 en mai 2011.<\/p>\n<p>\u00ab\u00a0Le programme est sur la bonne voie et les autorit\u00e9s sont d\u00e9termin\u00e9es \u00e0 assurer sa mise en oeuvre\u00a0\u00bb, ont jug\u00e9 dans un communiqu\u00e9 conjoint la Commission europ\u00e9enne, la Banque centrale europ\u00e9enne et le Fonds mon\u00e9taire international.<\/p>\n<p>\u00ab\u00a0C&rsquo;\u00e9tait une mission tr\u00e8s tranquille. A partir de janvier, nous allons discuter de la strat\u00e9gie de sortie du programme avec les institutions europ\u00e9ennes\u00a0\u00bb, a comment\u00e9 devant la presse la ministre des Finances, Maria Luis Albuquerque.<\/p>\n<p>La fin du programme \u00ab\u00a0nous permettra de retrouver la part de souverainet\u00e9 perdue depuis 2011 et donner un sens aux efforts tr\u00e8s importants faits par la soci\u00e9t\u00e9 portugaise\u00a0\u00bb, a estim\u00e9 le vice-Premier ministre, Paulo Portas.<\/p>\n<p>M. Portas avait d&rsquo;ailleurs d\u00e9voil\u00e9 dimanche une horloge num\u00e9rique qui \u00e9gr\u00e8ne, sur un fond bleu clair, les mois, les jours, les heures, les minutes et les secondes jusqu&rsquo;\u00e0 \u00ab\u00a0la sortie de la tro\u00efka du Portugal\u00a0\u00bb.<\/p>\n<p>Alors que l&rsquo;Irlande est devenue dimanche le premier pays de la zone euro \u00e0 sortir d&rsquo;un plan d&rsquo;aide international, le Portugal esp\u00e8re \u00eatre le prochain \u00e0 retrouver son autonomie financi\u00e8re.<\/p>\n<p>En attendant, l&rsquo;aust\u00e9rit\u00e9 reste s\u00e9v\u00e8re, avec des \u00e9conomies et hausses d&rsquo;imp\u00f4t de 3,9 milliards d&rsquo;euros pr\u00e9vues par le budget 2014.<\/p>\n<p>Les inspecteurs de la tro\u00efka, qui ont rencontr\u00e9 tour \u00e0 tour syndicats, patrons et d\u00e9put\u00e9s portugais, sont rest\u00e9s sourds aux appels en faveur de l&rsquo;assouplissement de la politique de rigueur.<\/p>\n<p>En septembre, le pays lui avait demand\u00e9 en vain de desserrer la bride et de porter l&rsquo;objectif de d\u00e9ficit de 4% \u00e0 4,5% du PIB l&rsquo;an prochain.<\/p>\n<p>EN ATTENDANT LE VERDICT DES JUGES<\/p>\n<p>Des incertitudes persistent sur la capacit\u00e9 du gouvernement \u00e0 mettre en oeuvre le budget car certaines mesures risquent d&rsquo;\u00eatre censur\u00e9es par la Cour constitutionnelle.<\/p>\n<p>Saisis par le pr\u00e9sident portugais, Anibal Cavaco Silva, les 13 juges de la Cour doivent ainsi se prononcer avant la fin de la semaine sur une mesure phare tr\u00e8s contest\u00e9e qui pr\u00e9voit des coupes de pr\u00e8s de 10% dans les retraites des fonctionnaires.<\/p>\n<p>\u00ab\u00a0Si les coupes dans les pensions sont invalid\u00e9es par la Cour, le Portugal doit pr\u00e9senter rapidement une alternative cr\u00e9dible pour \u00e9viter que ses taux d&#8217;emprunt ne d\u00e9rapent\u00a0\u00bb, a d\u00e9clar\u00e9 \u00e0 l&rsquo;AFP Pedro Lino, analyste de Dif Broker.<\/p>\n<p>D&rsquo;accord sur le principe, le gouvernement a toutefois refus\u00e9 de pr\u00e9senter un plan B pendant ses n\u00e9gociations avec la tro\u00efka, qui a finalement accept\u00e9 de conclure sa mission avant de conna\u00eetre le verdict de la Cour constitutionnelle.<\/p>\n<p>\u00ab\u00a0Nous respecterons les d\u00e9cisions de la Cour ainsi que nos engagements\u00a0\u00bb vis-\u00e0-vis de la tro\u00efka, a assur\u00e9 M. Portas.<\/p>\n<p>Les cr\u00e9anciers du Portugal ont mis en garde lundi contre un rejet de mesures d&rsquo;aust\u00e9rit\u00e9 par la justice, qui risque de \u00ab\u00a0r\u00e9duire les perspectives d&rsquo;un retour durable sur les march\u00e9s financiers\u00a0\u00bb.<\/p>\n<p>Soucieux de donner des gages \u00e0 ses cr\u00e9anciers, le Portugal envisage de lancer un emprunt \u00e0 long terme \u00ab\u00a0durant les premiers mois de 2014\u00a0\u00bb, a confirm\u00e9 la ministre des Finances. \u00ab\u00a0Tout d\u00e9pendra des conditions de march\u00e9. Aucune date n&rsquo;a \u00e9t\u00e9 fix\u00e9e\u00a0\u00bb, a-t-elle toutefois nuanc\u00e9.<\/p>\n<p>Et les analystes restent sceptiques: \u00ab\u00a0on a du mal \u00e0 imaginer comment un emprunt \u00e0 dix ans peut \u00eatre un succ\u00e8s tant que les taux d&rsquo;int\u00e9r\u00eat restent \u00e0 6%\u00a0\u00bb, a comment\u00e9 \u00e0 l&rsquo;AFP Joao Pereira Leite, analyste de Banco Carregosa. (AFP)<\/p>\n<p style=\"text-align:center;\"><script type=\"text\/javascript\"><!--\ngoogle_ad_client = \"ca-pub-2727717456356200\";\n\/* CulturaLusa 468x60 *\/\ngoogle_ad_slot = \"2785499263\";\ngoogle_ad_width = 468;\ngoogle_ad_height = 60;\n\/\/-->\n<\/script><br \/>\n<script type=\"text\/javascript\"\nsrc=\"http:\/\/pagead2.googlesyndication.com\/pagead\/show_ads.js\">\n<\/script><\/p>\n","protected":false},"excerpt":{"rendered":"<p>Le Portugal s&rsquo;est vu d\u00e9cerner un nouveau satisfecit par ses cr\u00e9anciers internationaux pour la mise en oeuvre de son plan de rigueur, une \u00e9tape importante en attendant la sortie du pays de son programme d&rsquo;assistance pr\u00e9vue en juin 2014. Le feu vert des experts de la tro\u00efka (UE-BCE-FMI) ouvre la voie au versement d&rsquo;une nouvelle [&hellip;]<\/p>\n","protected":false},"author":1,"featured_media":0,"comment_status":"open","ping_status":"closed","sticky":false,"template":"","format":"standard","meta":{"footnotes":""},"categories":[3],"tags":[],"class_list":["post-1283","post","type-post","status-publish","format-standard","hentry","category-portugal"],"aioseo_notices":[],"_links":{"self":[{"href":"https:\/\/www.culturalusa.com\/news\/wp-json\/wp\/v2\/posts\/1283","targetHints":{"allow":["GET"]}}],"collection":[{"href":"https:\/\/www.culturalusa.com\/news\/wp-json\/wp\/v2\/posts"}],"about":[{"href":"https:\/\/www.culturalusa.com\/news\/wp-json\/wp\/v2\/types\/post"}],"author":[{"embeddable":true,"href":"https:\/\/www.culturalusa.com\/news\/wp-json\/wp\/v2\/users\/1"}],"replies":[{"embeddable":true,"href":"https:\/\/www.culturalusa.com\/news\/wp-json\/wp\/v2\/comments?post=1283"}],"version-history":[{"count":0,"href":"https:\/\/www.culturalusa.com\/news\/wp-json\/wp\/v2\/posts\/1283\/revisions"}],"wp:attachment":[{"href":"https:\/\/www.culturalusa.com\/news\/wp-json\/wp\/v2\/media?parent=1283"}],"wp:term":[{"taxonomy":"category","embeddable":true,"href":"https:\/\/www.culturalusa.com\/news\/wp-json\/wp\/v2\/categories?post=1283"},{"taxonomy":"post_tag","embeddable":true,"href":"https:\/\/www.culturalusa.com\/news\/wp-json\/wp\/v2\/tags?post=1283"}],"curies":[{"name":"wp","href":"https:\/\/api.w.org\/{rel}","templated":true}]}}