{"id":12840,"date":"2024-07-08T19:07:03","date_gmt":"2024-07-08T17:07:03","guid":{"rendered":"https:\/\/www.culturalusa.com\/news\/?p=12840"},"modified":"2024-07-08T19:24:54","modified_gmt":"2024-07-08T17:24:54","slug":"legislatives-en-france-une-assemblee-fragmentee-a-lepreuve-de-la-culture-du-compromis","status":"publish","type":"post","link":"https:\/\/www.culturalusa.com\/news\/actualite\/legislatives-en-france-une-assemblee-fragmentee-a-lepreuve-de-la-culture-du-compromis\/","title":{"rendered":"L\u00e9gislatives en France: une Assembl\u00e9e fragment\u00e9e \u00e0 l&rsquo;\u00e9preuve de la culture du compromis"},"content":{"rendered":"<h2>Au lendemain d\u2019\u00e9lections l\u00e9gislatives historiques, la France est plong\u00e9e dans l\u2019incertitude : sans majorit\u00e9 nette \u00e0 l&rsquo;Assembl\u00e9e nationale, la perspective d\u2019un pays ingouvernable inqui\u00e8te. D\u2019autant que les compromis, les coalitions, les n\u00e9gociations transpartisanes ne sont pas dans sa culture politique.<\/h2>\n<blockquote><p>L&rsquo;incertitude p\u00e8se sur la future architecture gouvernementale au lendemain de la victoire inattendue du Nouveau Front populaire (NFP), une alliance de <span style=\"color: #800000;\"><strong>gauche radicale<\/strong><\/span> h\u00e9t\u00e9rog\u00e8ne fragilis\u00e9e par une majorit\u00e9 relative, face \u00e0 un p\u00f4le pr\u00e9sidentiel qui ne s&rsquo;avoue pas vaincu, malgr\u00e9 un net recul. Aucun camp n&rsquo;est en mesure de gouverner seul.<\/p><\/blockquote>\n<p>Les macronistes plaident donc pour une coalition autour de leur \u00ab bloc central \u00bb. Mais si sur le papier, l&rsquo;option est envisageable, dans la r\u00e9alit\u00e9 politique, elle para\u00eet difficile \u00e0 construire.<\/p>\n<p>Le NFP, par la voix d\u2019Olivier Faure, s\u2019est dit oppos\u00e9 \u00e0 toute \u00ab coalition des contraires \u00bb, alors qu\u2019\u00e0 droite, il \u00ab n&rsquo;y aura ni coalition ni compromission \u00bb de la part de LR, a d\u00e9clar\u00e9 Laurent Wauquiez, \u00e0 l&rsquo;issue du second tour des \u00e9lections l\u00e9gislatives.<\/p>\n<h3>Un paysage polaris\u00e9<\/h3>\n<p>Le clivage gauche-droite risque d\u2019\u00eatre le premier frein \u00e0 toute tentative de b\u00e2tir une majorit\u00e9. Le programme du NFP, de l&rsquo;abrogation de la r\u00e9forme des retraites et de la loi immigration au Smic \u00e0 1 600 euros net, para\u00eet peu compatible avec les ambitions du camp pr\u00e9sidentiel ou de la droite. Or, l\u2019union de la gauche n\u2019est pour l\u2019instant pas dispos\u00e9 \u00e0 reculer sur ces questions. L\u2019impasse guette.<\/p>\n<p>\u00ab Les forces r\u00e9publicaines ont une responsabilit\u00e9 \u00e9vidente sur le plan historique, pointe Arnaud Benedetti, professeur associ\u00e9 \u00e0 l&rsquo;universit\u00e9 Paris-Sorbonne et r\u00e9dacteur en chef de la Revue politique et parlementaire.<\/p>\n<h3>Mais comment peuvent-elles s\u2019entendre ?<\/h3>\n<p>Quand on entend les d\u00e9clarations des uns et des autres, l\u2019\u00e9cart id\u00e9ologique est tel qu\u2019on voit mal comment ils peuvent rentrer &#8211; en tout cas rapidement &#8211; dans une culture de compromis. \u00bb<\/p>\n<p>Or, cette culture du compromis est pr\u00e9cis\u00e9ment ce qui permettrait d\u2019\u00e9viter les blocages institutionnels et de se retrouver avec \u00ab une France ingouvernable \u00bb, estiment certains observateurs.<\/p>\n<p>Mais ce n\u2019est pas une habitude ancr\u00e9e dans la vie politique fran\u00e7aise, qui reste tr\u00e8s polaris\u00e9e et domin\u00e9e par la division gauche-droite, comme l\u2019ont rappel\u00e9 ces \u00e9lections. Un changement de mentalit\u00e9 semble donc n\u00e9cessaire pour faire face \u00e0 cette situation in\u00e9dite. (<strong><a href=\"https:\/\/www.rfi.fr\/fr\/france\/20240708-l%C3%A9gislatives-en-france-une-assembl%C3%A9e-fragment%C3%A9e-%C3%A0-l-%C3%A9preuve-de-la-culture-du-compromis\" target=\"_blank\" rel=\"noopener\">RFI Plus<\/a><\/strong>)<\/p>\n","protected":false},"excerpt":{"rendered":"<p>Au lendemain d\u2019\u00e9lections l\u00e9gislatives historiques, la France est plong\u00e9e dans l\u2019incertitude : sans majorit\u00e9 nette \u00e0 l&rsquo;Assembl\u00e9e nationale, la perspective d\u2019un pays ingouvernable inqui\u00e8te. D\u2019autant que les compromis, les coalitions, les n\u00e9gociations transpartisanes ne sont pas dans sa culture politique. L&rsquo;incertitude p\u00e8se sur la future architecture gouvernementale au lendemain de la victoire inattendue du Nouveau [&hellip;]<\/p>\n","protected":false},"author":1,"featured_media":12841,"comment_status":"open","ping_status":"closed","sticky":false,"template":"","format":"standard","meta":{"footnotes":""},"categories":[30],"tags":[3091,3090],"class_list":["post-12840","post","type-post","status-publish","format-standard","has-post-thumbnail","hentry","category-actualite","tag-assemblee-fragmentee","tag-legislatives-en-france"],"aioseo_notices":[],"_links":{"self":[{"href":"https:\/\/www.culturalusa.com\/news\/wp-json\/wp\/v2\/posts\/12840","targetHints":{"allow":["GET"]}}],"collection":[{"href":"https:\/\/www.culturalusa.com\/news\/wp-json\/wp\/v2\/posts"}],"about":[{"href":"https:\/\/www.culturalusa.com\/news\/wp-json\/wp\/v2\/types\/post"}],"author":[{"embeddable":true,"href":"https:\/\/www.culturalusa.com\/news\/wp-json\/wp\/v2\/users\/1"}],"replies":[{"embeddable":true,"href":"https:\/\/www.culturalusa.com\/news\/wp-json\/wp\/v2\/comments?post=12840"}],"version-history":[{"count":3,"href":"https:\/\/www.culturalusa.com\/news\/wp-json\/wp\/v2\/posts\/12840\/revisions"}],"predecessor-version":[{"id":12844,"href":"https:\/\/www.culturalusa.com\/news\/wp-json\/wp\/v2\/posts\/12840\/revisions\/12844"}],"wp:featuredmedia":[{"embeddable":true,"href":"https:\/\/www.culturalusa.com\/news\/wp-json\/wp\/v2\/media\/12841"}],"wp:attachment":[{"href":"https:\/\/www.culturalusa.com\/news\/wp-json\/wp\/v2\/media?parent=12840"}],"wp:term":[{"taxonomy":"category","embeddable":true,"href":"https:\/\/www.culturalusa.com\/news\/wp-json\/wp\/v2\/categories?post=12840"},{"taxonomy":"post_tag","embeddable":true,"href":"https:\/\/www.culturalusa.com\/news\/wp-json\/wp\/v2\/tags?post=12840"}],"curies":[{"name":"wp","href":"https:\/\/api.w.org\/{rel}","templated":true}]}}