{"id":12879,"date":"2024-07-23T17:13:03","date_gmt":"2024-07-23T15:13:03","guid":{"rendered":"https:\/\/www.culturalusa.com\/news\/?p=12879"},"modified":"2024-07-23T17:13:03","modified_gmt":"2024-07-23T15:13:03","slug":"emmanuel-macron-va-preciser-sa-treve-politique-et-ses-intentions","status":"publish","type":"post","link":"https:\/\/www.culturalusa.com\/news\/politique\/emmanuel-macron-va-preciser-sa-treve-politique-et-ses-intentions\/","title":{"rendered":"Emmanuel Macron va pr\u00e9ciser sa \u00ab\u00a0tr\u00eave politique\u00a0\u00bb et ses intentions"},"content":{"rendered":"<h2>Emmanuel Macron va rompre son silence pour pr\u00e9ciser ses intentions apr\u00e8s les l\u00e9gislatives et d\u00e9finir la \u00ab\u00a0tr\u00eave olympique et politique\u00a0\u00bb qu&rsquo;il invoque, face \u00e0 une gauche qui r\u00e9clame toujours de gouverner malgr\u00e9 ses divisions et une droite qui propose une entente a minima.<\/h2>\n<blockquote><p>Accus\u00e9 par ses opposants de ne pas avoir reconnu sa d\u00e9faite aux \u00e9lections des 30 juin et 7 juillet, le chef de l&rsquo;Etat sera interview\u00e9 \u00e0 20H10 sur France 2, France Inter et franceinfo. L&rsquo;occasion, \u00e0 J-3 de la c\u00e9r\u00e9monie d&rsquo;ouverture, ce sont les Jeux olympiques, qui occupent d\u00e9sormais tout son agenda.<\/p><\/blockquote>\n<p>Mais il reviendra aussi sur la situation cr\u00e9\u00e9e par sa dissolution controvers\u00e9e de l&rsquo;Assembl\u00e9e nationale: le pr\u00e9sident est rest\u00e9 quasiment muet sur ce sujet depuis le premier tour, s&rsquo;exprimant seulement dans une lettre aux Fran\u00e7ais apr\u00e8s le second tour dans laquelle il avait appel\u00e9 les \u00ab\u00a0forces r\u00e9publicaines\u00a0\u00bb \u00e0 \u00ab\u00a0b\u00e2tir une majorit\u00e9 solide\u00a0\u00bb.<\/p>\n<p>Lundi, en marge de ses nombreux engagements olympiques, il a \u00e9voqu\u00e9 une \u00ab\u00a0tr\u00eave politique\u00a0\u00bb le temps des JO, qui dureront jusqu&rsquo;au 11 ao\u00fbt, avant les Jeux paralympiques du 28 ao\u00fbt au 8 septembre.<\/p>\n<p>\u00ab\u00a0Les Fran\u00e7ais ont envie maintenant d&rsquo;un peu de repos\u00a0\u00bb pour \u00ab\u00a0rentrer dans les Jeux\u00a0\u00bb, a-t-il plaid\u00e9, renvoyant les tractations pour d\u00e9gager une majorit\u00e9 aux coulisses partisanes. \u00ab\u00a0C&rsquo;est aux responsables politiques de travailler\u00a0\u00bb, a-t-il lanc\u00e9, tout \u00e0 son nouveau motto de \u00ab\u00a0pr\u00e9sident qui pr\u00e9side\u00a0\u00bb, en prenant de la hauteur, apr\u00e8s avoir gouvern\u00e9 dans les moindres d\u00e9tails sept ans durant.<\/p>\n<p>Jusqu&rsquo;ici, Emmanuel Macron n&rsquo;a pas fix\u00e9 de date-butoir pour nommer un Premier ministre en replacement du d\u00e9missionnaire Gabriel Attal, charg\u00e9 des affaires courantes.<\/p>\n<p>Son entourage a pr\u00e9cis\u00e9 lundi \u00e0 l&rsquo;AFP qu&rsquo;une nomination \u00e9tait peu probable avant les JO \u00ab\u00a0sauf acc\u00e9l\u00e9ration formidable\u00a0\u00bb des tractations.<\/p>\n<p>Mais une tr\u00eave, \u00ab\u00a0c&rsquo;est tout simplement une interruption de la d\u00e9mocratie et pour nous, c&rsquo;est inacceptable\u00a0\u00bb, a protest\u00e9 mardi la cheffe de file des d\u00e9put\u00e9s de La France insoumise, Mathilde Panot, sur France inter. Elle reproche au pr\u00e9sident, comme ses alli\u00e9s de gauche, son \u00ab\u00a0refus de nommer \u00e0 Matignon\u00a0\u00bb un repr\u00e9sentant du Nouveau Front populaire.<\/p>\n<h3>\u00a0\u00ab\u00a0trop tard\u00a0\u00bb<\/h3>\n<p>Sauf que le NFP use les noms les uns apr\u00e8s les autres sans parvenir \u00e0 s&rsquo;entendre sur un candidat commun. \u00ab\u00a0On avance pas \u00e0 pas\u00a0\u00bb, \u00ab\u00a0j&rsquo;ose esp\u00e9rer que nous arriverons extr\u00eamement vite \u00e0 nous mettre d&rsquo;accord\u00a0\u00bb, a assur\u00e9 l&rsquo;Insoumise.<\/p>\n<p>\u00ab\u00a0C&rsquo;est trop tard\u00a0\u00bb, s&rsquo;est d\u00e9sol\u00e9 au contraire le d\u00e9put\u00e9 Fran\u00e7ois Ruffin, ex-LFI, accusant ses camarades de gauche d&rsquo;avoir privil\u00e9gi\u00e9 \u00ab\u00a0calculs cyniques\u00a0\u00bb et \u00ab\u00a0int\u00e9r\u00eats particuliers\u00a0\u00bb \u00e0 une entente rapide. Du coup, la tr\u00eave \u00ab\u00a0a lieu de fait, parce qu&rsquo;il n&rsquo;y a pas de combattants\u00a0\u00bb.<\/p>\n<h3>Rendez-vous donc \u00e0 la rentr\u00e9e, sugg\u00e8re-t-il.<\/h3>\n<p>Le patron des s\u00e9nateurs de droite Bruno Retailleau est aussi d&rsquo;accord pour laisser le gouvernement d\u00e9missionnaire \u00ab\u00a0tenir le temps d&rsquo;une tr\u00eave olympique, mais certainement pas au-del\u00e0\u00a0\u00bb. \u00ab\u00a0Septembre c&rsquo;est trop long\u00a0\u00bb pour avoir un vrai ex\u00e9cutif, \u00ab\u00a0\u00e0 mon avis en ao\u00fbt\u00a0\u00bb, a-t-il affirm\u00e9 sur BFMTV et RMC.<\/p>\n<p>Il a propos\u00e9 lundi, avec La Droite R\u00e9publicaine de Laurent Wauquiez, groupe charni\u00e8re \u00e0 l&rsquo;Assembl\u00e9e, un \u00ab\u00a0pacte l\u00e9gislatif\u00a0\u00bb pour faire adopter des textes \u00ab\u00a0d&rsquo;urgence\u00a0\u00bb sans participer directement \u00e0 une coalition gouvernementale.<\/p>\n<p>Les strat\u00e8ges de l&rsquo;Elys\u00e9e voient d&rsquo;un bon oeil cette main tendue, et consid\u00e8rent que l&rsquo;alliance qui s&rsquo;est nou\u00e9e entre le camp pr\u00e9sidentiel et La Droite R\u00e9publicaine pour faire r\u00e9\u00e9lire la macroniste Ya\u00ebl Braun-Pivet \u00e0 la pr\u00e9sidence de l&rsquo;Assembl\u00e9e peut constituer un \u00ab\u00a0embryon\u00a0\u00bb de coalition. La preuve en tout cas que \u00ab\u00a0le barycentre\u00a0\u00bb politique est plut\u00f4t \u00ab\u00a0au centre\u00a0\u00bb, voire \u00ab\u00a0au centre-droit\u00a0\u00bb, et que la gauche n&rsquo;est pas en mesure de former une majorit\u00e9, explique l&rsquo;un d&rsquo;eux.<\/p>\n<p>Mais plusieurs t\u00e9nors centristes continuent de plaider pour que la future coalition aille \u00ab\u00a0de la gauche mod\u00e9r\u00e9e \u00e0 la droite mod\u00e9r\u00e9e\u00a0\u00bb, comme l&rsquo;a exprim\u00e9 le MoDem Jean-No\u00ebl Barrot sur Europe 1.<\/p>\n<p>D\u00e9sormais \u00e0 la t\u00eate des d\u00e9put\u00e9s macronistes, Gabriel Attal a demand\u00e9 \u00e0 deux \u00e9lus de consolider des propositions pour avancer son propre \u00ab\u00a0pacte de coalition\u00a0\u00bb susceptible d&rsquo;attirer \u00ab\u00a0la gauche et\/ou la droite r\u00e9publicaines\u00a0\u00bb.<\/p>\n<p>Le paysage issu du scrutin est plus morcel\u00e9 que jamais, avec trois blocs minoritaires: le NFP arriv\u00e9 en t\u00eate; le camp pr\u00e9sidentiel deuxi\u00e8me mais en net recul; le Rassemblement national troisi\u00e8me malgr\u00e9 son succ\u00e8s au premier tour.<\/p>\n<p>Mardi soir, Emmanuel Macron va donc \u00ab\u00a0poser quelques rep\u00e8res dans cet oc\u00e9an d\u2019incertitude\u00a0\u00bb, dit un proche. Une mani\u00e8re de reconna\u00eetre, en creux, que la \u00ab\u00a0clarification\u00a0\u00bb souhait\u00e9e par l&rsquo;homme de l&rsquo;Elys\u00e9e n&rsquo;est pas encore \u00e9vidente. (AFP)<\/p>\n","protected":false},"excerpt":{"rendered":"<p>Emmanuel Macron va rompre son silence pour pr\u00e9ciser ses intentions apr\u00e8s les l\u00e9gislatives et d\u00e9finir la \u00ab\u00a0tr\u00eave olympique et politique\u00a0\u00bb qu&rsquo;il invoque, face \u00e0 une gauche qui r\u00e9clame toujours de gouverner malgr\u00e9 ses divisions et une droite qui propose une entente a minima. Accus\u00e9 par ses opposants de ne pas avoir reconnu sa d\u00e9faite aux [&hellip;]<\/p>\n","protected":false},"author":1,"featured_media":12880,"comment_status":"open","ping_status":"closed","sticky":false,"template":"","format":"standard","meta":{"footnotes":""},"categories":[1494],"tags":[642,680,3108],"class_list":["post-12879","post","type-post","status-publish","format-standard","has-post-thumbnail","hentry","category-politique","tag-emmanuel-macron","tag-legislatives","tag-treve-politique"],"aioseo_notices":[],"_links":{"self":[{"href":"https:\/\/www.culturalusa.com\/news\/wp-json\/wp\/v2\/posts\/12879","targetHints":{"allow":["GET"]}}],"collection":[{"href":"https:\/\/www.culturalusa.com\/news\/wp-json\/wp\/v2\/posts"}],"about":[{"href":"https:\/\/www.culturalusa.com\/news\/wp-json\/wp\/v2\/types\/post"}],"author":[{"embeddable":true,"href":"https:\/\/www.culturalusa.com\/news\/wp-json\/wp\/v2\/users\/1"}],"replies":[{"embeddable":true,"href":"https:\/\/www.culturalusa.com\/news\/wp-json\/wp\/v2\/comments?post=12879"}],"version-history":[{"count":1,"href":"https:\/\/www.culturalusa.com\/news\/wp-json\/wp\/v2\/posts\/12879\/revisions"}],"predecessor-version":[{"id":12881,"href":"https:\/\/www.culturalusa.com\/news\/wp-json\/wp\/v2\/posts\/12879\/revisions\/12881"}],"wp:featuredmedia":[{"embeddable":true,"href":"https:\/\/www.culturalusa.com\/news\/wp-json\/wp\/v2\/media\/12880"}],"wp:attachment":[{"href":"https:\/\/www.culturalusa.com\/news\/wp-json\/wp\/v2\/media?parent=12879"}],"wp:term":[{"taxonomy":"category","embeddable":true,"href":"https:\/\/www.culturalusa.com\/news\/wp-json\/wp\/v2\/categories?post=12879"},{"taxonomy":"post_tag","embeddable":true,"href":"https:\/\/www.culturalusa.com\/news\/wp-json\/wp\/v2\/tags?post=12879"}],"curies":[{"name":"wp","href":"https:\/\/api.w.org\/{rel}","templated":true}]}}