{"id":12885,"date":"2024-07-31T15:40:41","date_gmt":"2024-07-31T13:40:41","guid":{"rendered":"https:\/\/www.culturalusa.com\/news\/?p=12885"},"modified":"2024-07-31T15:40:41","modified_gmt":"2024-07-31T13:40:41","slug":"norvege-quand-la-montagne-accouchera-dun-tsunami","status":"publish","type":"post","link":"https:\/\/www.culturalusa.com\/news\/monde\/norvege-quand-la-montagne-accouchera-dun-tsunami\/","title":{"rendered":"Norv\u00e8ge : quand la montagne accouchera d&rsquo;un tsunami"},"content":{"rendered":"<div class=\"text-color text-font block-html mb-4\">\n<h2>Un jour, c&rsquo;est une certitude, une partie de la montagne finira par s&rsquo;\u00e9crouler dans l&rsquo;eau en contrebas, provoquant des vagues gigantesques.<\/h2>\n<h3>Pas de quoi inqui\u00e9ter cependant les habitants qui vivent autour de ce fjord de l&rsquo;ouest de la Norv\u00e8ge, sereins face \u00e0 ce tsunami annonc\u00e9.<\/h3>\n<blockquote><p>Depuis des d\u00e9cennies, la montagne d&rsquo;\u00c5kerneset, mastodonte min\u00e9ral verdi par la mousse et les arbustes, se scinde: son flanc oriental se d\u00e9solidarise peu \u00e0 peu, jusqu&rsquo;\u00e0 10 cm par an, et glisse irr\u00e9m\u00e9diablement vers le Sunnylvsfjord \u00e0 ses pieds.<\/p><\/blockquote>\n<p>\u00ab\u00a0Tout ce versant de la montagne est instable et en mouvement, ce qui peut provoquer un gros \u00e9boulement\u00a0\u00bb, explique le g\u00e9ologue Lars Harald Blikra au bord de la fissure qu&rsquo;il surveille depuis une vingtaine d&rsquo;ann\u00e9es pour le compte de la Direction des ressources en eau et de l&rsquo;\u00e9nergie (NVE).<\/p>\n<p>Cet effondrement \u00ab\u00a0d\u00e9valera jusqu&rsquo;au fjord et provoquera la formation de grands tsunamis\u00a0\u00bb, dit-il, casque orange solidement fich\u00e9 sur la t\u00eate. \u00ab\u00a0Cela peut se produire dans deux ou trois ans ou dans 50 ans, on ne sait pas\u00a0\u00bb.<\/p>\n<p>Selon un rapport d&rsquo;\u00e9valuation des risques publi\u00e9 en 2016 par la S\u00e9curit\u00e9 civile norv\u00e9gienne, ce sont 54 millions de m3 de roc qui pourraient s&rsquo;affaisser, d&rsquo;un bloc ou en plusieurs sections, et g\u00e9n\u00e9rer des vagues de plusieurs dizaines de m\u00e8tres de haut, susceptibles de toucher une dizaine de villages en bordure du syst\u00e8me de fjords en quelques minutes.<\/p>\n<p>S&rsquo;il a inspir\u00e9 le film-catastrophe \u00ab\u00a0B\u00f8lgen\u00a0\u00bb (\u00ab\u00a0La vague\u00a0\u00bb), ce sc\u00e9nario n&rsquo;est pas une simple fiction. En 1934, \u00e0 quelques kilom\u00e8tres de l\u00e0, un glissement de terrain avait d\u00e9clench\u00e9 un tsunami meurtrier: 40 personnes avaient perdu la vie dans des vagues atteignant jusqu&rsquo;\u00e0 64 m\u00e8tres.<\/p>\n<p>\u00ab\u00a0On n&rsquo;est pas ici pour s&rsquo;amuser\u00a0\u00bb, insiste Lars Harald Blikra. \u00ab\u00a0Il y a une forte probabilit\u00e9 qu&rsquo;un \u00e9v\u00e9nement majeur se produise, repr\u00e9sentant une menace s\u00e9rieuse pour la soci\u00e9t\u00e9\u00a0\u00bb.<\/p>\n<h3>\u00a0Vagues de 80 m\u00e8tres?<\/h3>\n<p>Lotis tout au fond du fjord, les villages de Hellesylt et Geiranger sont les plus expos\u00e9s. Selon les projections les plus alarmistes, ces hauts lieux touristiques pourraient \u00eatre submerg\u00e9s par des vagues de 70 \u00e0 80 m\u00e8tres.<\/p>\n<p>Olav Arne Merok, septuag\u00e9naire qui a v\u00e9cu toute sa vie \u00e0 Geiranger, serait aux premi\u00e8res loges.<\/p>\n<p>\u00ab\u00a0Ici, on est \u00e0 environ 30-40 m\u00e8tres (d&rsquo;altitude). C&rsquo;est s\u00fbr que si la vague atteint 90 m\u00e8tres, on sera sous l&rsquo;eau\u00a0\u00bb, confie-t-il, dans un grand rire, depuis la terrasse de sa maison.<\/p>\n<p>\u00ab\u00a0Mais on ne peut pas vivre constamment avec cette id\u00e9e en t\u00eate. Sinon, on ne vit plus\u00a0\u00bb.<\/p>\n<p>Sur le quai o\u00f9 accostent les navires de croisi\u00e8re, nombreux en \u00e9t\u00e9, Geir Gj\u00f8rva, agent maritime de 69 ans, est lui aussi serein.<\/p>\n<p>La vague? \u00ab\u00a0Personne ne sait quelle sera sa taille, si elle sera comme ci, comme \u00e7a ou encore comme \u00e7a\u00a0\u00bb, dit-il en relevant sa main en guise de toise. \u00ab\u00a0Elle peut arriver lentement (&#8230;) ou rapidement. Personne ne sait\u00a0\u00bb.<\/p>\n<p>\u00ab\u00a0Ce n&rsquo;est pas un sujet dans la vie quotidienne\u00a0\u00bb, poursuit-il. \u00ab\u00a0Tout le monde sait que le syst\u00e8me d&rsquo;alerte et les mesures (d&rsquo;urgence) sont tr\u00e8s efficaces\u00a0\u00bb.<\/p>\n<h3>\u00a0\u00ab\u00a0Sc\u00e9nario cauchemardesque\u00a0\u00bb<\/h3>\n<p>Car, en raison du danger qu&rsquo;elle repr\u00e9sente, \u00c5kerneset est sans doute l&rsquo;une des montagnes les plus surveill\u00e9es au monde. Toute une batterie d&rsquo;instruments, GPS et topographiques \u00e0 sa surface et sondes dans ses entrailles, mesure ses moindres mouvements pour sonner l&rsquo;alarme si n\u00e9cessaire.<\/p>\n<p>Selon les g\u00e9ologues, la masse rocheuse ne s&rsquo;effondrera pas subitement dans le fjord. L&rsquo;affaissement principal devrait \u00eatre pr\u00e9c\u00e9d\u00e9 de signes avant-coureurs qui laisseront suffisamment de temps pour \u00e9vacuer les populations.<\/p>\n<p>\u00ab\u00a0Devoir \u00e9vacuer des milliers de personnes d&rsquo;une petite zone \u00e0 cause d&rsquo;un risque de glissement de terrain est un sc\u00e9nario cauchemardesque pour un maire\u00a0\u00bb, admet Einar Arve Nordang, nouvellement \u00e9lu maire de Stranda, la commune qui englobe les villages de Hellesylt et Geiranger.<\/p>\n<h3>Mais, assure-t-il, \u00ab\u00a0on est pr\u00eat\u00a0\u00bb.<\/h3>\n<p>Tous les plans sont en bo\u00eete, chaque autorit\u00e9 sait ce qu&rsquo;elle aura \u00e0 faire et la population est r\u00e9guli\u00e8rement tenue inform\u00e9e des derniers d\u00e9veloppements.<\/p>\n<p>Le jour venu, \u00ab\u00a0on aura de multiples moyens de communiquer\u00a0\u00bb, pr\u00e9cise M. Nordang. \u00ab\u00a0On peut utiliser un service de SMS g\u00e9olocalis\u00e9s, internet, Facebook, TikTok&#8230;\u00a0\u00bb.<\/p>\n<p>Sur les hauteurs d&rsquo;\u00c5kerneset, les experts cherchent, eux, \u00e0 repousser l&rsquo;\u00e9ch\u00e9ance. Une piste serait de drainer la montagne de son eau qui agit \u00e0 la fois comme lubrifiant et comme pressuriseur, mais cette solution est complexe et co\u00fbteuse, d&rsquo;autant que les op\u00e9rations, vu la g\u00e9ographie locale, n\u00e9cessitent l&#8217;emploi d&rsquo;un h\u00e9licopt\u00e8re.<\/p>\n<p>\u00ab\u00a0On pense que cela ralentirait (le tassement de versant) de mani\u00e8re significative\u00a0\u00bb, affirme Sverre Magnus Havig, un haut responsable de NVE. \u00ab\u00a0Au lieu que cela se produise dans 100 ou 200 ans, cela se produirait peut-\u00eatre plut\u00f4t au cours du millier d&rsquo;ann\u00e9es \u00e0 venir\u00a0\u00bb.<\/p>\n<\/div>\n","protected":false},"excerpt":{"rendered":"<p>Un jour, c&rsquo;est une certitude, une partie de la montagne finira par s&rsquo;\u00e9crouler dans l&rsquo;eau en contrebas, provoquant des vagues gigantesques. Pas de quoi inqui\u00e9ter cependant les habitants qui vivent autour de ce fjord de l&rsquo;ouest de la Norv\u00e8ge, sereins face \u00e0 ce tsunami annonc\u00e9. Depuis des d\u00e9cennies, la montagne d&rsquo;\u00c5kerneset, mastodonte min\u00e9ral verdi par [&hellip;]<\/p>\n","protected":false},"author":1,"featured_media":12886,"comment_status":"open","ping_status":"closed","sticky":false,"template":"","format":"standard","meta":{"footnotes":""},"categories":[1372],"tags":[3111,3035,3112],"class_list":["post-12885","post","type-post","status-publish","format-standard","has-post-thumbnail","hentry","category-monde","tag-la-montagne-accouchera-dun-tsunami","tag-norvege","tag-tsunami"],"aioseo_notices":[],"_links":{"self":[{"href":"https:\/\/www.culturalusa.com\/news\/wp-json\/wp\/v2\/posts\/12885","targetHints":{"allow":["GET"]}}],"collection":[{"href":"https:\/\/www.culturalusa.com\/news\/wp-json\/wp\/v2\/posts"}],"about":[{"href":"https:\/\/www.culturalusa.com\/news\/wp-json\/wp\/v2\/types\/post"}],"author":[{"embeddable":true,"href":"https:\/\/www.culturalusa.com\/news\/wp-json\/wp\/v2\/users\/1"}],"replies":[{"embeddable":true,"href":"https:\/\/www.culturalusa.com\/news\/wp-json\/wp\/v2\/comments?post=12885"}],"version-history":[{"count":1,"href":"https:\/\/www.culturalusa.com\/news\/wp-json\/wp\/v2\/posts\/12885\/revisions"}],"predecessor-version":[{"id":12887,"href":"https:\/\/www.culturalusa.com\/news\/wp-json\/wp\/v2\/posts\/12885\/revisions\/12887"}],"wp:featuredmedia":[{"embeddable":true,"href":"https:\/\/www.culturalusa.com\/news\/wp-json\/wp\/v2\/media\/12886"}],"wp:attachment":[{"href":"https:\/\/www.culturalusa.com\/news\/wp-json\/wp\/v2\/media?parent=12885"}],"wp:term":[{"taxonomy":"category","embeddable":true,"href":"https:\/\/www.culturalusa.com\/news\/wp-json\/wp\/v2\/categories?post=12885"},{"taxonomy":"post_tag","embeddable":true,"href":"https:\/\/www.culturalusa.com\/news\/wp-json\/wp\/v2\/tags?post=12885"}],"curies":[{"name":"wp","href":"https:\/\/api.w.org\/{rel}","templated":true}]}}