{"id":12888,"date":"2024-08-02T17:12:06","date_gmt":"2024-08-02T15:12:06","guid":{"rendered":"https:\/\/www.culturalusa.com\/news\/?p=12888"},"modified":"2024-08-02T17:12:06","modified_gmt":"2024-08-02T15:12:06","slug":"ceremonie-douverture-des-jo-enquete-ouverte-pour-un-cyberharcelement-visant-thomas-jolly","status":"publish","type":"post","link":"https:\/\/www.culturalusa.com\/news\/politique\/ceremonie-douverture-des-jo-enquete-ouverte-pour-un-cyberharcelement-visant-thomas-jolly\/","title":{"rendered":"C\u00e9r\u00e9monie d&rsquo;ouverture des JO : enqu\u00eate ouverte pour un cyberharc\u00e8lement visant Thomas Jolly"},"content":{"rendered":"<h2>La spectaculaire c\u00e9r\u00e9monie d&rsquo;ouverture des Jeux olympiques de Paris, critiqu\u00e9e par des autorit\u00e9s religieuses et des responsables politiques conservateurs \u00e0 travers le monde, continue sur le terrain judiciaire avec l&rsquo;ouverture d&rsquo;une enqu\u00eate en France pour cyberharc\u00e8lement au pr\u00e9judice de son directeur artistique Thomas Jolly.<\/h2>\n<blockquote><p>Le parquet de Paris a ouvert mercredi cette enqu\u00eate apr\u00e8s que Thomas Jolly, responsable artistique des quatre c\u00e9r\u00e9monies des Jeux, a port\u00e9 plainte la veille, a appris vendredi l&rsquo;AFP de sources proches du dossier.<\/p><\/blockquote>\n<p>Le metteur en sc\u00e8ne a d\u00e9pos\u00e9 une plainte \u00e0 la Brigade de r\u00e9pression de la d\u00e9linquance contre la personne (BRDP), \u00ab\u00a0expliquant \u00eatre la cible sur les r\u00e9seaux sociaux de messages de menaces et d&rsquo;injures critiquant son orientation sexuelle et ses origines isra\u00e9liennes suppos\u00e9es \u00e0 tort\u00a0\u00bb, a confirm\u00e9 le parquet de Paris.<\/p>\n<p>Les chefs d&rsquo;accusation retenus dans sa plainte sont \u00ab\u00a0menaces de mort en raison de son origine, menace de mort en raison de son orientation sexuelle, injure publique en raison de son origine, injure publique en raison de son orientation sexuelle et diffamation\u00a0\u00bb.<\/p>\n<p>Interrog\u00e9 par l&rsquo;AFP, le Comit\u00e9 d&rsquo;organisation des Jeux olympiques et paralympiques de Paris a indiqu\u00e9 lui \u00ab\u00a0apporter son soutien (&#8230;) ainsi qu&rsquo;aux auteurs et artistes de la c\u00e9r\u00e9monie face aux attaques dirig\u00e9es contre eux\u00a0\u00bb.<\/p>\n<p>\u00ab\u00a0Nous condamnons fermement les menaces et le harc\u00e8lement dont ils sont victimes\u00a0\u00bb, a-t-il ajout\u00e9.<\/p>\n<p>La maire de Paris, Anne Hidalgo, a de son c\u00f4t\u00e9 apport\u00e9 \u00ab\u00a0(son) ind\u00e9fectible soutien \u00e0 Thomas Jolly face aux menaces et harc\u00e8lement dont il est victime depuis plusieurs jours\u00a0\u00bb.<\/p>\n<p>\u00ab\u00a0A l&rsquo;occasion de la c\u00e9r\u00e9monie d&rsquo;ouverture, Thomas Jolly a port\u00e9 haut nos valeurs. Ce fut pour Paris une fiert\u00e9 et un honneur de pouvoir compter sur son talent pour magnifier notre ville et dire au monde ce que nous sommes\u00a0\u00bb, a-t-elle poursuivi dans un communiqu\u00e9.<\/p>\n<p>Une autre enqu\u00eate avait \u00e9t\u00e9 ouverte mardi \u00e0 Paris, pour cyberharc\u00e8lement aggrav\u00e9 et menaces de mort \u00e0 l&rsquo;\u00e9gard la DJ fran\u00e7aise, Barbara Butch, militante f\u00e9ministe et lesbienne, qui \u00e9tait mise \u00e0 l&rsquo;honneur dans un tableau controvers\u00e9, incarn\u00e9 par des <span style=\"color: #800000;\"><strong>drag queens<\/strong><\/span>.<\/p>\n<h3>\u00a0\u00ab\u00a0Auteurs \u00e0 l&rsquo;\u00e9tranger\u00a0\u00bb<\/h3>\n<blockquote><p>Alors que la cr\u00e9ativit\u00e9 de la c\u00e9r\u00e9monie, qui s&rsquo;est tenue le 26 juillet, a \u00e9t\u00e9 salu\u00e9e par de nombreux spectateurs, ce tableau intitul\u00e9 \u00ab\u00a0Festivit\u00e9\u00a0\u00bb, alimente une pol\u00e9mique dans des milieux conservateurs et de droite radicale \u00e0 l&rsquo;\u00e9tranger comme en France.<\/p><\/blockquote>\n<p>Commen\u00e7ant par l&rsquo;image d&rsquo;un groupe attabl\u00e9, dont plusieurs drag queens c\u00e9l\u00e8bres (Nicky Doll, Paloma et Piche), il a \u00e9t\u00e9 interpr\u00e9t\u00e9 par certains comme une parodie moqueuse du <span style=\"color: #800000;\"><strong>dernier repas de J\u00e9sus avec ses ap\u00f4tres<\/strong><\/span>, la C\u00e8ne, telle que repr\u00e9sent\u00e9e par L\u00e9onard de Vinci, ce que les organisateurs d\u00e9mentent, Thomas Jolly expliquant avoir voulu repr\u00e9senter une \u00ab\u00a0grande f\u00eate pa\u00efenne reli\u00e9e aux dieux de l&rsquo;Olympe\u00a0\u00bb.<\/p>\n<p>L&rsquo;ex-pr\u00e9sident am\u00e9ricain et candidat \u00e0 la Maison Blanche Donald Trump l&rsquo;a qualifi\u00e9e de \u00ab\u00a0honte\u00a0\u00bb, tandis que le pr\u00e9sident turc Recep Tayyip Erdogan a exhort\u00e9 le pape Fran\u00e7ois \u00e0 \u00ab\u00a0\u00e9lever la voix\u00a0\u00bb \u00e0 ses c\u00f4t\u00e9s contre la \u00ab\u00a0propagande perverse\u00a0\u00bb diffus\u00e9e selon lui par la c\u00e9r\u00e9monie.<\/p>\n<p>Sollicit\u00e9 par l&rsquo;AFP, l&rsquo;entourage du directeur artistique n&rsquo;avait pas r\u00e9pondu dans l&rsquo;imm\u00e9diat.<\/p>\n<p>L&rsquo;enqu\u00eate au pr\u00e9judice de Thomas Jolly, dirig\u00e9e par le P\u00f4le national de la lutte contre la haine en ligne (PNLH) du parquet, a \u00e9t\u00e9 confi\u00e9e \u00e0 l&rsquo;Office central de lutte contre les crimes contre l&rsquo;humanit\u00e9 et les crimes de haine (OCLCH), ont pr\u00e9cis\u00e9 les sources proches du dossier.<\/p>\n<p>\u00ab\u00a0Beaucoup de messages\u00a0\u00bb haineux ont \u00e9t\u00e9 r\u00e9dig\u00e9s \u00ab\u00a0en anglais\u00a0\u00bb, a not\u00e9 l&rsquo;une d&rsquo;entre elles. Si l&rsquo;origine g\u00e9ographique des messages n&rsquo;avait pas encore \u00e9t\u00e9 identifi\u00e9e vendredi, \u00ab\u00a0il y a sans doute des auteurs \u00e0 l&rsquo;\u00e9tranger\u00a0\u00bb, a avanc\u00e9 cette source, soulignant que l&rsquo;enqu\u00eate \u00e9tait encore \u00e0 ses d\u00e9buts.<\/p>\n<p>Outre les critiques, une vague de messages haineux a d\u00e9ferl\u00e9 sur les r\u00e9seaux. De nombreux messages aux propos violents visent la personne m\u00eame de Thomas Jolly, a soulign\u00e9 l&rsquo;une des sources proches du dossier. (<strong>AFP<\/strong>)<\/p>\n","protected":false},"excerpt":{"rendered":"<p>La spectaculaire c\u00e9r\u00e9monie d&rsquo;ouverture des Jeux olympiques de Paris, critiqu\u00e9e par des autorit\u00e9s religieuses et des responsables politiques conservateurs \u00e0 travers le monde, continue sur le terrain judiciaire avec l&rsquo;ouverture d&rsquo;une enqu\u00eate en France pour cyberharc\u00e8lement au pr\u00e9judice de son directeur artistique Thomas Jolly. Le parquet de Paris a ouvert mercredi cette enqu\u00eate apr\u00e8s que [&hellip;]<\/p>\n","protected":false},"author":1,"featured_media":12889,"comment_status":"open","ping_status":"closed","sticky":false,"template":"","format":"standard","meta":{"footnotes":""},"categories":[1494],"tags":[3113,3114,3115],"class_list":["post-12888","post","type-post","status-publish","format-standard","has-post-thumbnail","hentry","category-politique","tag-ceremonie-douverture-des-jo","tag-cyberharcelement-visant-thomas-jolly","tag-drag-queens"],"aioseo_notices":[],"_links":{"self":[{"href":"https:\/\/www.culturalusa.com\/news\/wp-json\/wp\/v2\/posts\/12888","targetHints":{"allow":["GET"]}}],"collection":[{"href":"https:\/\/www.culturalusa.com\/news\/wp-json\/wp\/v2\/posts"}],"about":[{"href":"https:\/\/www.culturalusa.com\/news\/wp-json\/wp\/v2\/types\/post"}],"author":[{"embeddable":true,"href":"https:\/\/www.culturalusa.com\/news\/wp-json\/wp\/v2\/users\/1"}],"replies":[{"embeddable":true,"href":"https:\/\/www.culturalusa.com\/news\/wp-json\/wp\/v2\/comments?post=12888"}],"version-history":[{"count":1,"href":"https:\/\/www.culturalusa.com\/news\/wp-json\/wp\/v2\/posts\/12888\/revisions"}],"predecessor-version":[{"id":12890,"href":"https:\/\/www.culturalusa.com\/news\/wp-json\/wp\/v2\/posts\/12888\/revisions\/12890"}],"wp:featuredmedia":[{"embeddable":true,"href":"https:\/\/www.culturalusa.com\/news\/wp-json\/wp\/v2\/media\/12889"}],"wp:attachment":[{"href":"https:\/\/www.culturalusa.com\/news\/wp-json\/wp\/v2\/media?parent=12888"}],"wp:term":[{"taxonomy":"category","embeddable":true,"href":"https:\/\/www.culturalusa.com\/news\/wp-json\/wp\/v2\/categories?post=12888"},{"taxonomy":"post_tag","embeddable":true,"href":"https:\/\/www.culturalusa.com\/news\/wp-json\/wp\/v2\/tags?post=12888"}],"curies":[{"name":"wp","href":"https:\/\/api.w.org\/{rel}","templated":true}]}}