{"id":12903,"date":"2024-08-19T17:36:13","date_gmt":"2024-08-19T15:36:13","guid":{"rendered":"https:\/\/www.culturalusa.com\/news\/?p=12903"},"modified":"2024-08-19T17:51:03","modified_gmt":"2024-08-19T15:51:03","slug":"video-les-pensions-de-misere-au-portugal","status":"publish","type":"post","link":"https:\/\/www.culturalusa.com\/news\/portugal\/video-les-pensions-de-misere-au-portugal\/","title":{"rendered":"Vid\u00e9o : les Pensions de mis\u00e8re au Portugal."},"content":{"rendered":"<h2>Le suppl\u00e9ment extraordinaire pour les pensions les plus basses, annonc\u00e9 par le premier ministre, ne r\u00e9sout pas le probl\u00e8me des retrait\u00e9s et n\u00e9cessite des solutions plus structurelles, ont d\u00e9clar\u00e9 \u00e0 Lusa deux associations qui les repr\u00e9sentent.<\/h2>\n<p>\u00ab Il nous semble que cela ne r\u00e9sout rien \u00bb, a soulign\u00e9 Isabel Gomes, pr\u00e9sidente du conseil d&rsquo;administration de la Conf\u00e9d\u00e9ration nationale des retrait\u00e9s, pensionn\u00e9s et personnes \u00e2g\u00e9es (MURPI), soulignant que \u00ab ce ne sont que des pansements qui sont \u00e9tant mis en place \u00bb.<\/p>\n<h3>&lsquo;Ce dont nous avons besoin, en fait, c&rsquo;est d&rsquo;une augmentation des retraites et ce que nous mettons au d\u00e9but de cette ann\u00e9e, 7,5% de la valeur de d\u00e9cembre, \u00e0 un minimum de 70 euros, est fondamental, car 100, 150 ou 200 euros maintenant&rsquo; ne \u00ab se r\u00e9p\u00e9tera pas le mois suivant \u00bb, a-t-il d\u00e9clar\u00e9.<\/h3>\n<p>Maria do Ros\u00e1rio Gama, pr\u00e9sidente du conseil d&rsquo;administration de l&rsquo;Association des retrait\u00e9s, pensionn\u00e9s et retrait\u00e9s (Apre), a un avis similaire.<\/p>\n<p>\u00ab\u00a0C&rsquo;est une situation ponctuelle, elle n&rsquo;est pas structurelle, c&rsquo;est-\u00e0-dire qu&rsquo;elle commence et se termine le m\u00eame mois, elle est pay\u00e9e en octobre et ne le sera plus et, par cons\u00e9quent, elle ne r\u00e9sout pas le probl\u00e8me des personnes. avec des pensions tr\u00e8s faibles \u00bb, a-t-il d\u00e9clar\u00e9.<\/p>\n<blockquote><p>Il a \u00e9galement rappel\u00e9 qu&rsquo;il existe plus de 1,5 million de pensions inf\u00e9rieures \u00e0 500 euros, soulignant que le seuil de pauvret\u00e9 est de 591 euros. \u00ab\u00a0Ce qui nous inqui\u00e8te, c&rsquo;est le fait qu&rsquo;il n&rsquo;y a pas d&rsquo;augmentation des retraites qui pourrait signifier qu&rsquo;il n&rsquo;y a plus de retrait\u00e9s avec une pension inf\u00e9rieure \u00e0 591 euros\u00a0\u00bb, a-t-il d\u00e9clar\u00e9.<\/p><\/blockquote>\n<p>Isabel Gomes, \u00e0 son tour, a rappel\u00e9 que \u00ab les retrait\u00e9s ont encore besoin de manger, d&rsquo;acheter leurs m\u00e9dicaments \u00bb et de faire toutes les choses habituelles, et \u00ab auxquelles ils ont droit parce qu&rsquo;ils ont travaill\u00e9 toute leur vie, ils ont pay\u00e9 la s\u00e9curit\u00e9 sociale \u00bb.<\/p>\n<p>Le Premier ministre Lu\u00eds Mont\u00e9n\u00e9gro a annonc\u00e9 que le gouvernement approuverait un suppl\u00e9ment extraordinaire pour les pensions les plus basses, qui variera entre 100 et 200 euros, et qui sera vers\u00e9 en octobre.<\/p>\n<p>Dans une intervention de pr\u00e8s de 45 minutes \u00e0 la Festa do Pontal, \u00e0 Quarteira, district de Faro, qui marque le \u00ab retour \u00bb politique du PSD, Lu\u00eds Mont\u00e9n\u00e9gro a annonc\u00e9 un \u00ab suppl\u00e9ment extraordinaire \u00bb vers\u00e9 en octobre et qui sera de 200 euros, pour ceux qui avoir une pension \u00e0 hauteur de 509,26 euros, 150 euros pour les pensions comprises entre 509,26 et 1018,52 euros et 100 euros pour les pensions comprises entre 1018,52 et 1527,78.<\/p>\n<p>Le pr\u00e9sident du conseil d&rsquo;administration du MURPI a reconnu que, malgr\u00e9 cela, \u00ab \u00e9videmment les gens sont contents \u00bb de cette mesure, mais il a soulign\u00e9 encore une fois que cela \u00ab n&rsquo;apporte rien de nouveau, car le mois suivant ils auront \u00e0 nouveau les m\u00eames probl\u00e8mes \u00bb.<\/p>\n<p>La Conf\u00e9d\u00e9ration promet de continuer \u00e0 d\u00e9velopper des initiatives visant \u00e0 aider les retrait\u00e9s \u00e0 am\u00e9liorer leur qualit\u00e9 de vie.<\/p>\n<p>Ainsi, outre une \u00ab p\u00e9tition sur les logements qui devrait \u00eatre soumise \u00e0 l&rsquo;Assembl\u00e9e de la R\u00e9publique en septembre, car elle compte d\u00e9j\u00e0 plus de 8 000 signatures \u00bb, l&rsquo;entit\u00e9 veut \u00ab profiter de ce moment \u00bb pour revenir au premier point de le \u00ab livre de revendications, qui est le probl\u00e8me de l\u2019augmentation des r\u00e9formes \u00bb.<\/p>\n<p>L&rsquo;Apre, selon son pr\u00e9sident, \u00e9tait pr\u00e9sente \u00e0 une r\u00e9union avec le secr\u00e9taire d&rsquo;\u00c9tat \u00e0 la S\u00e9curit\u00e9 sociale et attend actuellement une audition avec le ministre du Travail, de la Solidarit\u00e9 et de la S\u00e9curit\u00e9 sociale.<\/p>\n<p>\u00ab Dans toutes les situations, nous avons exig\u00e9 une augmentation des pensions inf\u00e9rieures, et c&rsquo;est ce que nous voulons faire, avec le gouvernement et les partis politiques \u00bb, a conclu Maria do Ros\u00e1rio Gama, soulignant qu&rsquo;\u00ab une pension inf\u00e9rieure \u00e0 500 euros ne nous permet pas de vivre avec dignit\u00e9, ne permet m\u00eame pas, par exemple, de payer une institution o\u00f9 [la personne] pourra \u00eatre admise \u00bb si n\u00e9cessaire.<\/p>\n<p><iframe loading=\"lazy\" title=\"Pens\u00f5es de mis\u00e9ria em Portugal\" src=\"https:\/\/www.youtube.com\/embed\/JMn-0tpHk1g\" width=\"850\" height=\"478\" frameborder=\"0\" allowfullscreen=\"allowfullscreen\"><\/iframe><\/p>\n","protected":false},"excerpt":{"rendered":"<p>Le suppl\u00e9ment extraordinaire pour les pensions les plus basses, annonc\u00e9 par le premier ministre, ne r\u00e9sout pas le probl\u00e8me des retrait\u00e9s et n\u00e9cessite des solutions plus structurelles, ont d\u00e9clar\u00e9 \u00e0 Lusa deux associations qui les repr\u00e9sentent. \u00ab Il nous semble que cela ne r\u00e9sout rien \u00bb, a soulign\u00e9 Isabel Gomes, pr\u00e9sidente du conseil d&rsquo;administration de [&hellip;]<\/p>\n","protected":false},"author":1,"featured_media":12904,"comment_status":"open","ping_status":"closed","sticky":false,"template":"","format":"standard","meta":{"footnotes":""},"categories":[3],"tags":[3119,288],"class_list":["post-12903","post","type-post","status-publish","format-standard","has-post-thumbnail","hentry","category-portugal","tag-pensions-de-misere-au-portugal","tag-retraites-au-portugal"],"aioseo_notices":[],"_links":{"self":[{"href":"https:\/\/www.culturalusa.com\/news\/wp-json\/wp\/v2\/posts\/12903","targetHints":{"allow":["GET"]}}],"collection":[{"href":"https:\/\/www.culturalusa.com\/news\/wp-json\/wp\/v2\/posts"}],"about":[{"href":"https:\/\/www.culturalusa.com\/news\/wp-json\/wp\/v2\/types\/post"}],"author":[{"embeddable":true,"href":"https:\/\/www.culturalusa.com\/news\/wp-json\/wp\/v2\/users\/1"}],"replies":[{"embeddable":true,"href":"https:\/\/www.culturalusa.com\/news\/wp-json\/wp\/v2\/comments?post=12903"}],"version-history":[{"count":3,"href":"https:\/\/www.culturalusa.com\/news\/wp-json\/wp\/v2\/posts\/12903\/revisions"}],"predecessor-version":[{"id":12907,"href":"https:\/\/www.culturalusa.com\/news\/wp-json\/wp\/v2\/posts\/12903\/revisions\/12907"}],"wp:featuredmedia":[{"embeddable":true,"href":"https:\/\/www.culturalusa.com\/news\/wp-json\/wp\/v2\/media\/12904"}],"wp:attachment":[{"href":"https:\/\/www.culturalusa.com\/news\/wp-json\/wp\/v2\/media?parent=12903"}],"wp:term":[{"taxonomy":"category","embeddable":true,"href":"https:\/\/www.culturalusa.com\/news\/wp-json\/wp\/v2\/categories?post=12903"},{"taxonomy":"post_tag","embeddable":true,"href":"https:\/\/www.culturalusa.com\/news\/wp-json\/wp\/v2\/tags?post=12903"}],"curies":[{"name":"wp","href":"https:\/\/api.w.org\/{rel}","templated":true}]}}