{"id":12912,"date":"2024-08-26T12:39:08","date_gmt":"2024-08-26T10:39:08","guid":{"rendered":"https:\/\/www.culturalusa.com\/news\/?p=12912"},"modified":"2024-08-26T12:39:08","modified_gmt":"2024-08-26T10:39:08","slug":"espagne-face-a-une-hausse-spectaculaire-des-arrivees-de-migrants","status":"publish","type":"post","link":"https:\/\/www.culturalusa.com\/news\/monde\/espagne-face-a-une-hausse-spectaculaire-des-arrivees-de-migrants\/","title":{"rendered":"Espagne face \u00e0 une hausse spectaculaire des arriv\u00e9es de migrants"},"content":{"rendered":"<h2>Le gouvernement espagnol du socialiste Pedro S\u00e1nchez est confront\u00e9 en cette rentr\u00e9e \u00e0 une hausse spectaculaire des arriv\u00e9es de migrants clandestins, principalement dans l&rsquo;archipel des Canaries qui se sent abandonn\u00e9 par Madrid et l&rsquo;Europe.<\/h2>\n<blockquote><p>Pas un jour ne passe sans que les services de secours ne signalent l&rsquo;arriv\u00e9e d&rsquo;une embarcation de fortune transportant des dizaines de migrants africains dans l&rsquo;une des \u00eeles des Canaries, situ\u00e9es au large des c\u00f4tes nord-ouest du continent africain.<\/p><\/blockquote>\n<p>A tel point que M. S\u00e1nchez a d\u00e9cid\u00e9 d&rsquo;effectuer de mardi \u00e0 jeudi une tourn\u00e9e dans trois pays concern\u00e9s au premier chef: la Mauritanie, la Gambie et le S\u00e9n\u00e9gal.<\/p>\n<p>On ne conna\u00eet pas encore la nature et le montant de l&rsquo;aide qu&rsquo;il compte offrir \u00e0 ces pays &#8211; notamment la Mauritanie, o\u00f9 il s&rsquo;\u00e9tait d\u00e9j\u00e0 rendu en f\u00e9vrier et qui serait le principal point de d\u00e9part des migrants &#8211; pour les inciter \u00e0 tout faire afin d&#8217;emp\u00eacher ces d\u00e9parts.<\/p>\n<p>Le pr\u00e9sident du gouvernement r\u00e9gional des Canaries, Fernando Clavijo, qui a rencontr\u00e9 vendredi M. S\u00e1nchez, a estim\u00e9 qu&rsquo;il y avait \u00ab\u00a0plus de 150.000 r\u00e9fugi\u00e9s\u00a0\u00bb pr\u00eats \u00e0 prendre la mer pour se rendre vers son archipel depuis la Mauritanie.<\/p>\n<p>Il a surtout exhort\u00e9 l&rsquo;UE \u00e0 prendre ses responsabilit\u00e9s, \u00ab\u00a0afin que les Canaries n&rsquo;aient pas \u00e0 supporter seule toute la pression migratoire de l&rsquo;Europe\u00a0\u00bb, parce que ces migrants \u00ab\u00a0arrivent en Europe, en Espagne, et pas seulement aux Canaries\u00a0\u00bb.<\/p>\n<p>De fait, les Canaries, et plus g\u00e9n\u00e9ralement l&rsquo;Espagne, ne sont souvent qu&rsquo;une \u00e9tape sur la voie d&rsquo;autres pays europ\u00e9ens, au premier rang desquels la France.<\/p>\n<h3>\u00a0Migrants mineurs<\/h3>\n<p>Les derniers chiffres du minist\u00e8re espagnol de l&rsquo;Int\u00e9rieur sont \u00e9loquents. Entre le 1er janvier et le 15 ao\u00fbt de cette ann\u00e9e, 22.304 migrants sont arriv\u00e9s aux Canaries, contre 9.864 pour la m\u00eame p\u00e9riode de l&rsquo;an dernier, soit une augmentation de 126%. Pour l&rsquo;ensemble de l&rsquo;Espagne, la hausse est de 66,2% (de 18.745 \u00e0 31.155).<\/p>\n<p>De plus, cette tendance \u00e0 la hausse est appel\u00e9e \u00e0 s&rsquo;accentuer d&rsquo;ici \u00e0 la fin de l&rsquo;ann\u00e9e, en raison de l&rsquo;am\u00e9lioration attendue des conditions de navigation dans cette zone de l&rsquo;Atlantique.<\/p>\n<h3>Le chiffre record de 39.910 arriv\u00e9es enregistr\u00e9 l&rsquo;an dernier pourrait donc \u00eatre pulv\u00e9ris\u00e9, confirmant que cette route de l&rsquo;Atlantique vers les Canaries est devenue la voie d&rsquo;acc\u00e8s principale des migrants vers l&rsquo;Espagne, malgr\u00e9 son extr\u00eame dangerosit\u00e9, qui provoque chaque ann\u00e9e la mort de milliers d&rsquo;entre eux.<\/h3>\n<p>Mais les Canaries ne sont pas la seule r\u00e9gion du sud de d&rsquo;Espagne affect\u00e9e par ce ph\u00e9nom\u00e8ne. La petite ville de Ceuta, une enclave espagnole sur la c\u00f4te nord du Maroc, enregistre \u00e9galement depuis quelques semaines une forte hausse des arriv\u00e9es.<\/p>\n<p>Ceuta est l&rsquo;une des deux seules fronti\u00e8res terrestres de l&rsquo;UE avec le continent africain &#8211; l&rsquo;autre \u00e9tant \u00e0 Melilla, une autre enclave espagnole plus \u00e0 l&rsquo;est.<\/p>\n<p>Pour ces r\u00e9gions, le probl\u00e8me le plus pressant est celui des migrants mineurs arrivant seuls, connus en Espagne sous le terme de Mena (mineurs \u00e9trangers non accompagn\u00e9s), leur situation ayant des implications de politique int\u00e9rieure majeures.<\/p>\n<h3>\u00a0Abandonn\u00e9<\/h3>\n<p>Car si les migrants adultes rel\u00e8vent de la comp\u00e9tence financi\u00e8re de l&rsquo;Etat central, ceux ayant moins de 18 ans, en revanche, sont de la responsabilit\u00e9 exclusive des r\u00e9gions.<\/p>\n<p>Les r\u00e9gions espagnoles situ\u00e9es en premi\u00e8re ligne sont donc compl\u00e8tement d\u00e9bord\u00e9es face \u00e0 l&rsquo;explosion du nombre de migrants mineurs qu&rsquo;elles doivent prendre en charge.<\/p>\n<p>Aux Canaries, le gouvernement r\u00e9gional doit actuellement subvenir aux besoins de 5.100 mineurs \u00e9trangers, alors que la capacit\u00e9 de ses centres d&rsquo;accueil n&rsquo;est que de 2.000 personnes. La situation est similaire \u00e0 Ceuta.<\/p>\n<p>Pour r\u00e9soudre ce probl\u00e8me, le gouvernement de Pedro S\u00e1nchez a essay\u00e9 de faire voter en juillet par le Parlement une modification de la loi sur l&rsquo;immigration, afin de donner au gouvernement central le droit de r\u00e9partir les mineurs \u00e9trangers entre toutes les r\u00e9gions du pays.<\/p>\n<p>Mais le Parti populaire (droite), Vox (extr\u00eame-droite) et le parti ind\u00e9pendantiste catalan de Carles Puigdemont, qui pr\u00f4nent un durcissement de la politique contre l&rsquo;immigration clandestine, ont emp\u00each\u00e9 toute discussion du texte de loi.<\/p>\n<p>Pour l&rsquo;heure, le gouvernement des Canaries est donc livr\u00e9 \u00e0 lui-m\u00eame et se sent abandonn\u00e9.<\/p>\n<p>Vendredi, M. Clavijo a simplement obtenu de M. S\u00e1nchez la reconduction cette ann\u00e9e d&rsquo;une aide de l&rsquo;Etat de 50 millions d&rsquo;euros, \u00e9gale \u00e0 celle re\u00e7ue en 2022 et 2023, mais loin des 150 millions d&rsquo;euros qu&rsquo;il dit avoir d\u00e9pens\u00e9s depuis le d\u00e9but de l&rsquo;ann\u00e9e.<\/p>\n","protected":false},"excerpt":{"rendered":"<p>Le gouvernement espagnol du socialiste Pedro S\u00e1nchez est confront\u00e9 en cette rentr\u00e9e \u00e0 une hausse spectaculaire des arriv\u00e9es de migrants clandestins, principalement dans l&rsquo;archipel des Canaries qui se sent abandonn\u00e9 par Madrid et l&rsquo;Europe. Pas un jour ne passe sans que les services de secours ne signalent l&rsquo;arriv\u00e9e d&rsquo;une embarcation de fortune transportant des dizaines [&hellip;]<\/p>\n","protected":false},"author":1,"featured_media":12913,"comment_status":"open","ping_status":"closed","sticky":false,"template":"","format":"standard","meta":{"footnotes":""},"categories":[1372],"tags":[407,3121,3122,3123],"class_list":["post-12912","post","type-post","status-publish","format-standard","has-post-thumbnail","hentry","category-monde","tag-espagne","tag-espagne-hausse-spectaculaire-de-migrants","tag-migrants-clandestins","tag-migrants-mineurs"],"aioseo_notices":[],"_links":{"self":[{"href":"https:\/\/www.culturalusa.com\/news\/wp-json\/wp\/v2\/posts\/12912","targetHints":{"allow":["GET"]}}],"collection":[{"href":"https:\/\/www.culturalusa.com\/news\/wp-json\/wp\/v2\/posts"}],"about":[{"href":"https:\/\/www.culturalusa.com\/news\/wp-json\/wp\/v2\/types\/post"}],"author":[{"embeddable":true,"href":"https:\/\/www.culturalusa.com\/news\/wp-json\/wp\/v2\/users\/1"}],"replies":[{"embeddable":true,"href":"https:\/\/www.culturalusa.com\/news\/wp-json\/wp\/v2\/comments?post=12912"}],"version-history":[{"count":1,"href":"https:\/\/www.culturalusa.com\/news\/wp-json\/wp\/v2\/posts\/12912\/revisions"}],"predecessor-version":[{"id":12914,"href":"https:\/\/www.culturalusa.com\/news\/wp-json\/wp\/v2\/posts\/12912\/revisions\/12914"}],"wp:featuredmedia":[{"embeddable":true,"href":"https:\/\/www.culturalusa.com\/news\/wp-json\/wp\/v2\/media\/12913"}],"wp:attachment":[{"href":"https:\/\/www.culturalusa.com\/news\/wp-json\/wp\/v2\/media?parent=12912"}],"wp:term":[{"taxonomy":"category","embeddable":true,"href":"https:\/\/www.culturalusa.com\/news\/wp-json\/wp\/v2\/categories?post=12912"},{"taxonomy":"post_tag","embeddable":true,"href":"https:\/\/www.culturalusa.com\/news\/wp-json\/wp\/v2\/tags?post=12912"}],"curies":[{"name":"wp","href":"https:\/\/api.w.org\/{rel}","templated":true}]}}