{"id":12919,"date":"2024-09-04T15:29:24","date_gmt":"2024-09-04T13:29:24","guid":{"rendered":"https:\/\/www.culturalusa.com\/news\/?p=12919"},"modified":"2024-09-04T15:29:24","modified_gmt":"2024-09-04T13:29:24","slug":"la-derive-des-depenses-publiques-est-tres-inquietante","status":"publish","type":"post","link":"https:\/\/www.culturalusa.com\/news\/economie\/la-derive-des-depenses-publiques-est-tres-inquietante\/","title":{"rendered":"La d\u00e9rive des d\u00e9penses publiques est tr\u00e8s inqui\u00e9tante"},"content":{"rendered":"<h2>Fran\u00e7ois Ecalle: Ancien magistrat de la Cour des comptes, le fondateur de Fipeco r\u00e9agit \u00e0 l\u2019annonce d\u2019un d\u00e9ficit public qui pourrait d\u00e9raper cette ann\u00e9e \u00e0 5,6 % du PIB.<\/h2>\n<p>C&rsquo;est une annonce qui vient mettre encore plus la pression sur le budget que devra concocter le prochain gouvernement d&rsquo;ici au 1er octobre. Un cadeau de bienvenue empoisonn\u00e9 laiss\u00e9 par Bruno Le Maire, le ministre de l&rsquo;\u00c9conomie d\u00e9missionnaire : le d\u00e9ficit public pourrait finalement atteindre 5,6 % du produit int\u00e9rieur brut (PIB) \u00e0 la fin de l&rsquo;ann\u00e9e \u2013 apr\u00e8s 5,5 % du PIB en 2023 \u2013, ce qui reste loin des 5,1 % du PIB initialement vis\u00e9s par Bercy. Il monterait m\u00eame \u00e0 6,2 % en 2025, au lieu de 4,1 %.<\/p>\n<p>Plac\u00e9e par la Commission europ\u00e9enne sous le coup d&rsquo;une proc\u00e9dure pour d\u00e9ficit excessif, la France avait pourtant promis de revenir dans les clous, \u00e0 savoir un d\u00e9ficit sous les 3 % du PIB, d&rsquo;ici \u00e0 2027.<\/p>\n<blockquote><p>Pour Fran\u00e7ois Ecalle, ancien magistrat de la Cour des comptes et fondateur de Fipeco, le site de r\u00e9f\u00e9rence sur le suivi des finances publiques, la France se trouve dans \u00ab une situation dangereuse \u00bb.<\/p><\/blockquote>\n<p>Fran\u00e7ois Ecalle : Pas vraiment. Le gouvernement avait annul\u00e9 des milliards de cr\u00e9dits budg\u00e9taires au mois de mars et affirm\u00e9 que, pour atteindre l&rsquo;objectif de 5,1 % de d\u00e9ficit, il fallait faire des \u00e9conomies suppl\u00e9mentaires, avec une loi de finances rectificative et, par exemple, des efforts sur la s\u00e9curit\u00e9 sociale.<\/p>\n<p>Cela n&rsquo;a pas \u00e9t\u00e9 fait. Par ailleurs, les recettes fiscales sont un peu moins bonnes que pr\u00e9vu. L&rsquo;inflation est plus faible que pr\u00e9vu en France [1,9 % en ao\u00fbt, NDLR], ce qui est une bonne nouvelle pour les Fran\u00e7ais, mais pas pour la TVA bas\u00e9e sur les prix.<\/p>\n<p>Il y a aussi un d\u00e9rapage des d\u00e9penses du c\u00f4t\u00e9 des collectivit\u00e9s locales. Dans le programme de stabilit\u00e9 transmis par la France \u00e0 la Commission europ\u00e9enne qui expose la trajectoire de finances publiques, un d\u00e9ficit de l&rsquo;ordre d&rsquo;une dizaine de milliards d&rsquo;euros des collectivit\u00e9s locales \u00e9tait envisag\u00e9.<\/p>\n<p>Mais nous sommes \u00e0 deux ans des \u00e9lections municipales et l&rsquo;investissement communal augmente toujours fortement \u00e0 cette p\u00e9riode. Pourquoi ? Car les maires finalisent leurs projets d&rsquo;investissement afin d&rsquo;avoir un bilan \u00e0 d\u00e9fendre aux prochaines \u00e9lections de 2026.<\/p>\n<h3>\u00c0 quel point cette perspective d&rsquo;un d\u00e9ficit de 5,6 % du PIB cette ann\u00e9e est-elle alarmante ?<\/h3>\n<p>C&rsquo;est une situation dangereuse. La probl\u00e9matique des nouvelles r\u00e8gles budg\u00e9taires europ\u00e9ennes n&rsquo;est pas tant de respecter un objectif de d\u00e9ficit que de donner une trajectoire d&rsquo;\u00e9volution des d\u00e9penses et de s&rsquo;y tenir.<\/p>\n<p>Si le d\u00e9ficit est plus fort que pr\u00e9vu parce que la croissance en volume et en prix est moins forte, cela n&rsquo;est pas tr\u00e8s grave. En revanche, la d\u00e9rive des d\u00e9penses publiques est plus inqui\u00e9tante, notamment le fait d&rsquo;arr\u00eater de faire des \u00e9conomies pr\u00e9vues sur les d\u00e9penses de l&rsquo;\u00c9tat ou de la s\u00e9curit\u00e9 sociale. L&rsquo;incertitude politique n&rsquo;est pas propice \u00e0 la r\u00e9duction des d\u00e9penses.<\/p>\n<p>Il existe aussi une incertitude sociale. En France, il est tr\u00e8s difficile de prendre des mesures impopulaires en faisant des \u00e9conomies ou en augmentant les imp\u00f4ts.<\/p>\n<p>Certains proposent de taxer les riches et les grandes entreprises, qui sont pourtant d\u00e9j\u00e0 beaucoup tax\u00e9s. Or nous avons d\u00e9j\u00e0 des probl\u00e8mes de comp\u00e9titivit\u00e9 et de d\u00e9ficit r\u00e9current depuis vingt-cinq ans de nos \u00e9changes ext\u00e9rieurs, donc cela risquerait de les aggraver.<\/p>\n<h3>Que doit faire le prochain Premier ministre pour redresser la barre ?<\/h3>\n<p>La piste que je d\u00e9fends mais que beaucoup de partis politiques \u00e9cartent est celle de la sous-indexation des pensions de retraite sur l&rsquo;inflation. Cette ann\u00e9e, on a mis sur la table 15 milliards d&rsquo;euros pour les indexer sur les prix, soit une hausse d&rsquo;environ 5 % des pensions. Il ne faudrait peut-\u00eatre pas recommencer l&rsquo;ann\u00e9e prochaine. Chaque fois qu&rsquo;on indexe les retraites sur un point de moins que l&rsquo;inflation, l&rsquo;\u00c9tat \u00e9conomise automatiquement 3 milliards d&rsquo;euros sur les seules retraites de base.<\/p>\n<p>Si on ajoute les retraites compl\u00e9mentaires, on arrive \u00e0 4 milliards d&rsquo;euros. H\u00e9las, aucun dirigeant politique n&rsquo;est pr\u00eat \u00e0 se risquer \u00e0 des mesures d&rsquo;\u00e9conomies impopulaires. En France, il n&rsquo;y a pas de consensus sur la politique \u00e9conomique. Les gens se disent pr\u00eats \u00e0 faire des efforts \u00e0 condition que ce soient les autres qui le fassent\u2026<\/p>\n<h3>Quelles seraient les cons\u00e9quences de modifier la r\u00e9forme des retraites ?<\/h3>\n<p>La r\u00e9forme des retraites ne permet pas seulement de r\u00e9duire le d\u00e9ficit des seuls r\u00e9gimes de retraite. Son principal int\u00e9r\u00eat du recul de l&rsquo;\u00e2ge de d\u00e9part est d&rsquo;augmenter la population active et donc, finalement, \u00e7a augmente l&#8217;emploi et les capacit\u00e9s de production, surtout \u00e0 un moment comme aujourd&rsquo;hui o\u00f9 l&rsquo;on a des difficult\u00e9s de recrutement dans tous les secteurs.<\/p>\n<p>Cela fait des recettes en moins pour toutes les administrations publiques, pas seulement les r\u00e9gimes de retraite, mais aussi l&rsquo;\u00c9tat, les collectivit\u00e9s locales et plusieurs branches de la s\u00e9curit\u00e9 sociale. Y renoncer repr\u00e9senterait un tr\u00e8s gros manque \u00e0 gagner pour les finances publiques. Malheureusement, la probabilit\u00e9 que cela se produise est forte.<\/p>\n<p>En effet, beaucoup d&rsquo;\u00e9conomistes fran\u00e7ais qui veulent annuler la r\u00e9forme tentent d&rsquo;expliquer que cela ne co\u00fbtera pas tr\u00e8s cher, que le d\u00e9ficit des r\u00e9gimes de retraite n&rsquo;est pas si important, qu&rsquo;on peut le combler en augmentant les cotisations. (<a href=\"https:\/\/www.lepoint.fr\/economie\/francois-ecalle-la-derive-des-depenses-publiques-est-tres-inquietante-04-09-2024-2569428_28.php\" target=\"_blank\" rel=\"noopener\">LePoint<\/a>)<\/p>\n","protected":false},"excerpt":{"rendered":"<p>Fran\u00e7ois Ecalle: Ancien magistrat de la Cour des comptes, le fondateur de Fipeco r\u00e9agit \u00e0 l\u2019annonce d\u2019un d\u00e9ficit public qui pourrait d\u00e9raper cette ann\u00e9e \u00e0 5,6 % du PIB. C&rsquo;est une annonce qui vient mettre encore plus la pression sur le budget que devra concocter le prochain gouvernement d&rsquo;ici au 1er octobre. Un cadeau de [&hellip;]<\/p>\n","protected":false},"author":1,"featured_media":12920,"comment_status":"open","ping_status":"closed","sticky":false,"template":"","format":"standard","meta":{"footnotes":""},"categories":[1],"tags":[3127,601,3125,3126],"class_list":["post-12919","post","type-post","status-publish","format-standard","has-post-thumbnail","hentry","category-economie","tag-cour-des-comptes","tag-deficit-public","tag-depenses-publiques","tag-francois-ecalle"],"aioseo_notices":[],"_links":{"self":[{"href":"https:\/\/www.culturalusa.com\/news\/wp-json\/wp\/v2\/posts\/12919","targetHints":{"allow":["GET"]}}],"collection":[{"href":"https:\/\/www.culturalusa.com\/news\/wp-json\/wp\/v2\/posts"}],"about":[{"href":"https:\/\/www.culturalusa.com\/news\/wp-json\/wp\/v2\/types\/post"}],"author":[{"embeddable":true,"href":"https:\/\/www.culturalusa.com\/news\/wp-json\/wp\/v2\/users\/1"}],"replies":[{"embeddable":true,"href":"https:\/\/www.culturalusa.com\/news\/wp-json\/wp\/v2\/comments?post=12919"}],"version-history":[{"count":1,"href":"https:\/\/www.culturalusa.com\/news\/wp-json\/wp\/v2\/posts\/12919\/revisions"}],"predecessor-version":[{"id":12921,"href":"https:\/\/www.culturalusa.com\/news\/wp-json\/wp\/v2\/posts\/12919\/revisions\/12921"}],"wp:featuredmedia":[{"embeddable":true,"href":"https:\/\/www.culturalusa.com\/news\/wp-json\/wp\/v2\/media\/12920"}],"wp:attachment":[{"href":"https:\/\/www.culturalusa.com\/news\/wp-json\/wp\/v2\/media?parent=12919"}],"wp:term":[{"taxonomy":"category","embeddable":true,"href":"https:\/\/www.culturalusa.com\/news\/wp-json\/wp\/v2\/categories?post=12919"},{"taxonomy":"post_tag","embeddable":true,"href":"https:\/\/www.culturalusa.com\/news\/wp-json\/wp\/v2\/tags?post=12919"}],"curies":[{"name":"wp","href":"https:\/\/api.w.org\/{rel}","templated":true}]}}