{"id":12924,"date":"2024-09-05T14:50:24","date_gmt":"2024-09-05T12:50:24","guid":{"rendered":"https:\/\/www.culturalusa.com\/news\/?p=12924"},"modified":"2024-09-05T14:50:24","modified_gmt":"2024-09-05T12:50:24","slug":"michel-barnier-est-nomme-premier-ministre-par-emmanuel-macron","status":"publish","type":"post","link":"https:\/\/www.culturalusa.com\/news\/politique\/michel-barnier-est-nomme-premier-ministre-par-emmanuel-macron\/","title":{"rendered":"Michel Barnier est nomm\u00e9 Premier ministre par Emmanuel Macron"},"content":{"rendered":"<h2>Pr\u00e8s de deux mois apr\u00e8s les \u00e9lections l\u00e9gislatives et la d\u00e9mission de Gabriel Attal, le pr\u00e9sident de la R\u00e9publique vient de nommer un homme de droite, aguerri de la politique et du compromis, \u00e0 Matignon.<\/h2>\n<blockquote><p>Fin du suspense. Cinquante et un jours apr\u00e8s la d\u00e9mission du gouvernement Attal, Emmanuel Macron a annonc\u00e9 la nomination du nouveau Premier ministre ce jeudi 5 septembre. C&rsquo;est finalement Michel Barnier, 73 ans, qui devient le nouveau locataire de Matignon, a fait savoir l&rsquo;\u00c9lys\u00e9e par voie d&rsquo;un communiqu\u00e9.<\/p><\/blockquote>\n<p>Apr\u00e8s avoir refus\u00e9 la candidature de Lucie Castets, choisie par la coalition des gauches du Nouveau Front populaire (NFP), le pr\u00e9sident de la R\u00e9publique fait ainsi le choix d&rsquo;un homme de droite, qui a \u00e9t\u00e9 encart\u00e9 pratiquement toute sa vie dans les partis gaullistes.<\/p>\n<p>Michel Barnier a en effet rejoint l&rsquo;UDR avant m\u00eame sa majorit\u00e9, avant d&rsquo;\u00eatre membre du RPR, de l&rsquo;UMP puis des LR, chez qui il est toujours membre.<\/p>\n<h3>D\u00e9put\u00e9, s\u00e9nateur, ministre, commissaire europ\u00e9en<\/h3>\n<p>Conseiller g\u00e9n\u00e9ral d\u00e8s 22 ans en Savoie, cet aguerri du compromis a occup\u00e9 la plupart des hautes fonctions que compte la France : il a \u00e9t\u00e9 \u00e9lu d\u00e9put\u00e9 \u00e0 plusieurs reprises dans son fief savoyard, la 2e circonscription.<\/p>\n<p>En 1993, il est entr\u00e9 pour la premi\u00e8re fois au gouvernement, devenant ministre de l&rsquo;Environnement pour les deux ultimes ann\u00e9es de la pr\u00e9sidence de Fran\u00e7ois Mitterrand. Sous Jacques Chirac et Alain Jupp\u00e9, c&rsquo;est avec le portefeuille d\u00e9l\u00e9gu\u00e9 aux Affaires europ\u00e9ennes qu&rsquo;il a offici\u00e9, jusqu&rsquo;\u00e0 la dissolution de 1997.<\/p>\n<p>L&rsquo;occasion, pour Michel Barnier, de d\u00e9couvrir l&rsquo;autre face du Parlement, devenant s\u00e9nateur.<\/p>\n<p>En 1999 a d\u00e9but\u00e9 la premi\u00e8re aventure bruxelloise pour Michel Barnier, nomm\u00e9 commissaire europ\u00e9en \u00e0 la Politique r\u00e9gionale pendant pr\u00e8s de 15 ans, avant un nouveau retour au gouvernement en tant que ministre des Affaires \u00e9trang\u00e8res sous la tutelle de Jean-Pierre Raffarin, puis de l&rsquo;Agriculture et de la P\u00eache durant le quinquennat de Nicolas Sarkozy.<\/p>\n<p>\u00c9lu d\u00e9put\u00e9 europ\u00e9en apr\u00e8s ses derni\u00e8res fonctions minist\u00e9rielles, il a renou\u00e9 avec un nouveau mandat de 4 ans, de 2010 et \u00e0 2014, en tant que commissaire europ\u00e9en, ce coup-ci charg\u00e9 du March\u00e9 int\u00e9rieur et aux Services.<\/p>\n<p>Ce fin connaisseur des arcanes bruxellois a ensuite \u00e9t\u00e9 charg\u00e9 des d\u00e9licates n\u00e9gociations avec le Royaume-Uni, \u00e0 la suite de leur d\u00e9cision de quitter l&rsquo;Union europ\u00e9enne, le fameux Brexit. Un poste qu&rsquo;il a occup\u00e9 jusqu&rsquo;\u00e0 la fin mars 2021.<\/p>\n<p>Seule ombre au tableau de cet impressionnant CV, son \u00e9chec, en d\u00e9cembre 2021, \u00e0 se qualifier pour le second tour du congr\u00e8s des R\u00e9publicains, en vue de repr\u00e9senter la droite \u00e0 la pr\u00e9sidentielle 2022, laissant \u00c9ric Ciotti et Val\u00e9rie P\u00e9cresse s&rsquo;affronter en finale.<\/p>\n<h3>Les interminables consultations<\/h3>\n<p>Avec cette nomination, Emmanuel Macron met un terme \u00e0 deux semaines de longues consultations, ayant re\u00e7u la quasi-int\u00e9gralit\u00e9 des forces politiques \u00e0 l&rsquo;\u00c9lys\u00e9e, du Nouveau Front populaire au Rassemblement national.<\/p>\n<p>Une s\u00e9quence o\u00f9 le chef de l&rsquo;\u00c9tat a m\u00eame fait appel \u00e0 ses pr\u00e9d\u00e9cesseurs Nicolas Sarkozy et Fran\u00e7ois Hollande, mais aussi \u00e0 des proches comme Fran\u00e7ois Bayrou, ou encore une personnalit\u00e9 syndicale comme l&rsquo;ancien dirigeant de la CFDT, Laurent Berger.<\/p>\n<p>S&rsquo;il a bien re\u00e7u d&#8217;embl\u00e9e Lucie Castets, cette haute fonctionnaire d\u00e9sign\u00e9e par le NFP, avant de l&rsquo;\u00e9carter dans la foul\u00e9e, d&rsquo;autres noms ont \u00e9t\u00e9 r\u00e9guli\u00e8rement sortis du chapeau. Apr\u00e8s la piste de Thierry Beaudet, inconnu du grand public, rapidement \u00e9voqu\u00e9e lundi 2 septembre, la balance a ensuite oscill\u00e9 entre deux personnalit\u00e9s de droite et de gauche : Xavier Bertrand, pr\u00e9sident de la r\u00e9gion Hauts-de-France, et l&rsquo;ex-Premier ministre socialiste Bernard Cazeneuve.<\/p>\n<p>Le nom de David Lisnard, maire de Cannes (Les R\u00e9publicains) et pr\u00e9sident de l&rsquo;Association des maires de France, avait \u00e9galement circul\u00e9 en fin d&rsquo;apr\u00e8s-midi ce mercredi.<\/p>\n<p>Avec la fin de cette s\u00e9quence, des questions demeurent, et pas des moindres : Michel Barnier va-t-il \u00eatre en mesure de former un gouvernement, et avec qui ? Surtout, peut-il \u00e9chapper \u00e0 une censure imm\u00e9diate, tant les diff\u00e9rents partis n&rsquo;ont eu de cesse de brandir cette menace durant cet \u00e9t\u00e9 bien particulier. Fort de sa riche exp\u00e9rience en n\u00e9gociations, le nouveau Premier ministre va tr\u00e8s vite pouvoir mettre ses comp\u00e9tences en action. (<a href=\"https:\/\/www.lepoint.fr\/politique\/matignon-michel-barnier-nomme-premier-ministre-par-emmanuel-macron-05-09-2024-2569500_20.php\" target=\"_blank\" rel=\"noopener\">LePoint<\/a>)<\/p>\n","protected":false},"excerpt":{"rendered":"<p>Pr\u00e8s de deux mois apr\u00e8s les \u00e9lections l\u00e9gislatives et la d\u00e9mission de Gabriel Attal, le pr\u00e9sident de la R\u00e9publique vient de nommer un homme de droite, aguerri de la politique et du compromis, \u00e0 Matignon. Fin du suspense. Cinquante et un jours apr\u00e8s la d\u00e9mission du gouvernement Attal, Emmanuel Macron a annonc\u00e9 la nomination du [&hellip;]<\/p>\n","protected":false},"author":1,"featured_media":12925,"comment_status":"open","ping_status":"closed","sticky":false,"template":"","format":"standard","meta":{"footnotes":""},"categories":[1494],"tags":[3128,3129],"class_list":["post-12924","post","type-post","status-publish","format-standard","has-post-thumbnail","hentry","category-politique","tag-michel-barnier","tag-michel-barnier-est-nomme-premier-ministre"],"aioseo_notices":[],"_links":{"self":[{"href":"https:\/\/www.culturalusa.com\/news\/wp-json\/wp\/v2\/posts\/12924","targetHints":{"allow":["GET"]}}],"collection":[{"href":"https:\/\/www.culturalusa.com\/news\/wp-json\/wp\/v2\/posts"}],"about":[{"href":"https:\/\/www.culturalusa.com\/news\/wp-json\/wp\/v2\/types\/post"}],"author":[{"embeddable":true,"href":"https:\/\/www.culturalusa.com\/news\/wp-json\/wp\/v2\/users\/1"}],"replies":[{"embeddable":true,"href":"https:\/\/www.culturalusa.com\/news\/wp-json\/wp\/v2\/comments?post=12924"}],"version-history":[{"count":1,"href":"https:\/\/www.culturalusa.com\/news\/wp-json\/wp\/v2\/posts\/12924\/revisions"}],"predecessor-version":[{"id":12926,"href":"https:\/\/www.culturalusa.com\/news\/wp-json\/wp\/v2\/posts\/12924\/revisions\/12926"}],"wp:featuredmedia":[{"embeddable":true,"href":"https:\/\/www.culturalusa.com\/news\/wp-json\/wp\/v2\/media\/12925"}],"wp:attachment":[{"href":"https:\/\/www.culturalusa.com\/news\/wp-json\/wp\/v2\/media?parent=12924"}],"wp:term":[{"taxonomy":"category","embeddable":true,"href":"https:\/\/www.culturalusa.com\/news\/wp-json\/wp\/v2\/categories?post=12924"},{"taxonomy":"post_tag","embeddable":true,"href":"https:\/\/www.culturalusa.com\/news\/wp-json\/wp\/v2\/tags?post=12924"}],"curies":[{"name":"wp","href":"https:\/\/api.w.org\/{rel}","templated":true}]}}