{"id":12979,"date":"2024-09-14T10:39:51","date_gmt":"2024-09-14T08:39:51","guid":{"rendered":"https:\/\/www.culturalusa.com\/news\/?p=12979"},"modified":"2024-09-14T10:44:06","modified_gmt":"2024-09-14T08:44:06","slug":"le-pape-francois-affirme-que-le-vatican-savait-pour-les-agressions-sexuelles-commises-par-le-pretre-abbe-pierre","status":"publish","type":"post","link":"https:\/\/www.culturalusa.com\/news\/monde\/le-pape-francois-affirme-que-le-vatican-savait-pour-les-agressions-sexuelles-commises-par-le-pretre-abbe-pierre\/","title":{"rendered":"Le pape Fran\u00e7ois affirme que le Vatican savait pour les agressions sexuelles commises par le pr\u00eatre Abb\u00e9 Pierre"},"content":{"rendered":"<h2>Le Vatican \u00e9tait inform\u00e9 des accusations de violences sexuelles visant l&rsquo;Abb\u00e9 Pierre, au moins \u00ab\u00a0apr\u00e8s sa mort\u00a0\u00bb en 2007, a assur\u00e9 le pape Fran\u00e7ois lors d&rsquo;une conf\u00e9rence de presse, qualifiant le fondateur d&rsquo;Emma\u00fcs de \u00ab\u00a0<span style=\"color: #800000;\">terrible p\u00e9cheur<\/span>\u00ab\u00a0.<\/h2>\n<p><span style=\"color: #800000;\"><strong>Que savait le Vatican de l&rsquo;abb\u00e9 Pierre?<\/strong> <\/span><\/p>\n<blockquote><p>\u00ab\u00a0Je ne sais pas quand le Vatican l&rsquo;a appris (&#8230;). Je ne sais pas parce que je n&rsquo;\u00e9tais pas ici (pape), et \u00e7a ne m&rsquo;est pas venu \u00e0 l\u2019esprit d&rsquo;effectuer une recherche sur cela\u00a0\u00bb, a d\u00e9clar\u00e9 Fran\u00e7ois \u00e0 bord de l&rsquo;avion le ramenant \u00e0 Rome, au retour de sa tourn\u00e9e en Asie-Pacifique.<\/p><\/blockquote>\n<p>\u00ab\u00a0Certainement, apr\u00e8s [s]a mort, c&rsquo;est s\u00fbr. Mais avant, je ne sais pas\u00a0\u00bb, a-t-il dit aux journalistes l&rsquo;accompagnant, qualifiant l&rsquo;abb\u00e9 de \u00ab\u00a0terrible p\u00e9cheur\u00a0\u00bb.<\/p>\n<p>Sept semaines apr\u00e8s de premi\u00e8res r\u00e9v\u00e9lations l&rsquo;accusant d&rsquo;agressions sexuelles, l&rsquo;abb\u00e9 Pierre, mort en 2007 \u00e0 l&rsquo;\u00e2ge de 94 ans, est vis\u00e9 par 17 nouveaux t\u00e9moignages l&rsquo;accusant de violences sexuelles qui auraient \u00e9t\u00e9 commises entre les ann\u00e9es 50 et les ann\u00e9es 2000.<\/p>\n<p>Le pape Fran\u00e7ois a estim\u00e9 qu&rsquo;il s&rsquo;agissait d&rsquo;un dossier \u00ab\u00a0tr\u00e8s douloureux, tr\u00e8s d\u00e9licat\u00a0\u00bb.<\/p>\n<p>\u00ab\u00a0Les gens bons, les gens, les gens qui font le bien &#8211; tu as cit\u00e9 l&rsquo;abb\u00e9 Pierre &#8211; plus tard, malgr\u00e9 tout le bien (qu\u2019il a fait), on d\u00e9couvre que cette personne est un terrible p\u00e9cheur. C\u2019est notre condition humaine\u00a0\u00bb, a d\u00e9clar\u00e9 le pape argentin en r\u00e9ponse \u00e0 la question d&rsquo;un journaliste.<\/p>\n<p>\u00ab\u00a0On ne doit pas dire : couvrons, couvrons pour que \u00e7a ne se voie pas ! <span style=\"color: #800000;\"><strong>Les p\u00e9ch\u00e9s publics sont publics. Et ils doivent \u00eatre condamn\u00e9s.<\/strong><\/span> L\u2019abb\u00e9 Pierre est un homme qui a fait tant de bien, mais c&rsquo;est aussi un p\u00e9cheur\u00a0\u00bb, a-t-il ajout\u00e9.<\/p>\n<p>\u00ab\u00a0On doit \u00eatre clairs sur ces choses, ne pas dissimuler, le travail contre les agressions est une chose que nous devons tous faire. Pas seulement contre les agressions sexuelles, mais contre tout type d\u2019abus : l\u2019abus social, l\u2019abus \u00e9ducatif, changer la mentalit\u00e9 des gens, attenter \u00e0 la libert\u00e9\u2026 l&rsquo;abus est, \u00e0 mes yeux, une chose d\u00e9moniaque ! \u00a0\u00bb<\/p>\n<p>\u00ab\u00a0Car tout type d\u2019abus d\u00e9truit la dignit\u00e9 de la personne. Tout type d\u2019abus cherche \u00e0 d\u00e9truire ce que nous sommes tous : l\u2019image de Dieu. Je suis heureux quand ces cas sortent (sont rendus publics)\u00a0\u00bb, a encore poursuivi le chef de l&rsquo;Eglise catholique.<\/p>\n<h3>\u00ab\u00a0Les agressions sexuelles contre les enfants et les mineurs sont un crime ! C&rsquo;est une honte !\u00a0\u00bb, a-t-il conclu. (AFP)<\/h3>\n","protected":false},"excerpt":{"rendered":"<p>Le Vatican \u00e9tait inform\u00e9 des accusations de violences sexuelles visant l&rsquo;Abb\u00e9 Pierre, au moins \u00ab\u00a0apr\u00e8s sa mort\u00a0\u00bb en 2007, a assur\u00e9 le pape Fran\u00e7ois lors d&rsquo;une conf\u00e9rence de presse, qualifiant le fondateur d&rsquo;Emma\u00fcs de \u00ab\u00a0terrible p\u00e9cheur\u00ab\u00a0. Que savait le Vatican de l&rsquo;abb\u00e9 Pierre? \u00ab\u00a0Je ne sais pas quand le Vatican l&rsquo;a appris (&#8230;). Je ne [&hellip;]<\/p>\n","protected":false},"author":1,"featured_media":12980,"comment_status":"open","ping_status":"closed","sticky":false,"template":"","format":"standard","meta":{"footnotes":""},"categories":[1372],"tags":[2513,2470,350,3139,1387,3140],"class_list":["post-12979","post","type-post","status-publish","format-standard","has-post-thumbnail","hentry","category-monde","tag-agressions-sexuelles","tag-eglise-catholique","tag-pape-francois","tag-pretre-abbe-pierre","tag-vatican","tag-vatican-savait-pour-les-agressions-sexuelles"],"aioseo_notices":[],"_links":{"self":[{"href":"https:\/\/www.culturalusa.com\/news\/wp-json\/wp\/v2\/posts\/12979","targetHints":{"allow":["GET"]}}],"collection":[{"href":"https:\/\/www.culturalusa.com\/news\/wp-json\/wp\/v2\/posts"}],"about":[{"href":"https:\/\/www.culturalusa.com\/news\/wp-json\/wp\/v2\/types\/post"}],"author":[{"embeddable":true,"href":"https:\/\/www.culturalusa.com\/news\/wp-json\/wp\/v2\/users\/1"}],"replies":[{"embeddable":true,"href":"https:\/\/www.culturalusa.com\/news\/wp-json\/wp\/v2\/comments?post=12979"}],"version-history":[{"count":3,"href":"https:\/\/www.culturalusa.com\/news\/wp-json\/wp\/v2\/posts\/12979\/revisions"}],"predecessor-version":[{"id":12983,"href":"https:\/\/www.culturalusa.com\/news\/wp-json\/wp\/v2\/posts\/12979\/revisions\/12983"}],"wp:featuredmedia":[{"embeddable":true,"href":"https:\/\/www.culturalusa.com\/news\/wp-json\/wp\/v2\/media\/12980"}],"wp:attachment":[{"href":"https:\/\/www.culturalusa.com\/news\/wp-json\/wp\/v2\/media?parent=12979"}],"wp:term":[{"taxonomy":"category","embeddable":true,"href":"https:\/\/www.culturalusa.com\/news\/wp-json\/wp\/v2\/categories?post=12979"},{"taxonomy":"post_tag","embeddable":true,"href":"https:\/\/www.culturalusa.com\/news\/wp-json\/wp\/v2\/tags?post=12979"}],"curies":[{"name":"wp","href":"https:\/\/api.w.org\/{rel}","templated":true}]}}