{"id":12995,"date":"2024-10-10T12:52:00","date_gmt":"2024-10-10T10:52:00","guid":{"rendered":"https:\/\/www.culturalusa.com\/news\/?p=12995"},"modified":"2024-10-10T12:52:00","modified_gmt":"2024-10-10T10:52:00","slug":"le-transfert-de-migrants-hors-de-lue-au-menu-des-ministres-europeens","status":"publish","type":"post","link":"https:\/\/www.culturalusa.com\/news\/actualite\/le-transfert-de-migrants-hors-de-lue-au-menu-des-ministres-europeens\/","title":{"rendered":"Le transfert de migrants hors de l&rsquo;UE, au menu des ministres europ\u00e9ens"},"content":{"rendered":"<h2>Les questions migratoires reviennent en force dans l&rsquo;agenda europ\u00e9en. Les ministres de l&rsquo;Int\u00e9rieur de l&rsquo;UE sont r\u00e9unis \u00e0 Luxembourg jeudi pour \u00e9voquer notamment une proposition inflammable de transfert des migrants dans des centres d&rsquo;accueil de pays tiers.<\/h2>\n<blockquote><p>Ces \u00ab\u00a0hubs de retour\u00a0\u00bb, o\u00f9 seraient renvoy\u00e9s des migrants ill\u00e9gaux dans des pays en dehors de l&rsquo;UE, figurent parmi les \u00ab\u00a0solutions innovantes\u00a0\u00bb que les ministres des 27 sont invit\u00e9s \u00e0 explorer lors d&rsquo;un d\u00e9jeuner de travail.<\/p><\/blockquote>\n<p>\u00ab\u00a0Il faut qu&rsquo;on n&rsquo;\u00e9carte aucune solution a priori\u00a0\u00bb, a dit le nouveau ministre fran\u00e7ais de l&rsquo;Int\u00e9rieur Bruno Retailleau \u00e0 son arriv\u00e9e, \u00e0 propos de cette simple piste de travail pouss\u00e9e par la Hongrie de Viktor Orban et l&rsquo;Italie de Giorgia Meloni.<\/p>\n<p>Le ministre a toutefois distingu\u00e9 \u00ab\u00a0diff\u00e9rents publics\u00a0\u00bb de migrants, laissant entendre qu&rsquo;une telle mesure ne pourrait pas s&rsquo;appliquer aux \u00ab\u00a0demandeurs d&rsquo;asile\u00a0\u00bb en France, au nom du pr\u00e9ambule de la Constitution de 1946.<\/p>\n<p>Son homologue allemande Nancy Faeser s&rsquo;est montr\u00e9e prudente, rappelant que les retours passent par un \u00ab\u00a0accord avec un Etat (tiers) partenaire\u00a0\u00bb, principal \u00ab\u00a0probl\u00e8me pratique\u00a0\u00bb.<\/p>\n<p>La discussion a peu de chances d&rsquo;aboutir, selon des sources diplomatiques, mais elle illustre le durcissement de ton sur l&rsquo;immigration en Europe, dans un contexte de pouss\u00e9e de l&rsquo;extr\u00eame droite.<\/p>\n<p>Ces \u00ab\u00a0hubs\u00a0\u00bb s&rsquo;inspirent de l&rsquo;accord controvers\u00e9 conclu par le gouvernement de Giorgia Meloni, cheffe du parti post-fasciste Fratelli d&rsquo;Italia, avec l&rsquo;Albanie, o\u00f9 deux centres doivent recevoir des migrants arr\u00eat\u00e9s dans les eaux italiennes.<\/p>\n<p>Ils rappellent aussi le projet abandonn\u00e9 par la Grande-Bretagne d&rsquo;expulser au Rwanda des migrants arriv\u00e9s ill\u00e9galement au Royaume-Uni.<\/p>\n<p>Plus concr\u00e8tement sur le plan l\u00e9gislatif, plusieurs pays europ\u00e9ens r\u00e9clament une r\u00e9vision de la \u00ab\u00a0directive retour\u00a0\u00bb de 2008 qui harmonise les r\u00e8gles en mati\u00e8re de reconduction aux fronti\u00e8res.<\/p>\n<p>Une r\u00e9cente note des Pays-Bas et de l&rsquo;Autriche sur le sujet a re\u00e7u le soutien de l&rsquo;Allemagne et de la France afin de \u00ab\u00a0faciliter\u00a0\u00bb et \u00ab\u00a0acc\u00e9l\u00e9rer\u00a0\u00bb les retours.<\/p>\n<h3>\u00a0\u00ab\u00a0Convergence\u00a0\u00bb pour revoir la directive retour<\/h3>\n<p>Bruno Retailleau, qui en a fait son cheval de bataille et ne cesse d&rsquo;afficher sa fermet\u00e9 en mati\u00e8re migratoire, s&rsquo;est r\u00e9joui d&rsquo;une \u00ab\u00a0convergence\u00a0\u00bb europ\u00e9enne. Ce tenant de la droite conservatrice a plaid\u00e9 pour que la directive europ\u00e9enne soit revue \u00ab\u00a0dans les quelques mois qui viennent\u00a0\u00bb.<\/p>\n<p>L&rsquo;immigration sera \u00e0 l&rsquo;ordre du jour du sommet des 17 et 18 octobre \u00e0 Bruxelles, o\u00f9 les chefs d&rsquo;Etat et de gouvernement doivent notamment aborder le renforcement des contr\u00f4les aux fronti\u00e8res ext\u00e9rieures de l&rsquo;UE et l&rsquo;acc\u00e9l\u00e9ration des retours.<\/p>\n<p>Le sujet semblait pourtant balis\u00e9 apr\u00e8s l&rsquo;adoption mi-mai du pacte asile et migration qui durcit les contr\u00f4les et \u00e9tablit un m\u00e9canisme de solidarit\u00e9 entre les 27 dans la prise en charge des demandeurs d&rsquo;asile.<\/p>\n<p>L&rsquo;entr\u00e9e en application de cette vaste r\u00e9forme est pr\u00e9vue mi-2026 mais de nombreux Etats membres poussent pour aller plus loin.<\/p>\n<p>A peine le pacte scell\u00e9, une quinzaine de pays, dont la Gr\u00e8ce et l&rsquo;Italie, avaient r\u00e9clam\u00e9 une politique d&rsquo;expulsion \u00ab\u00a0plus efficace\u00a0\u00bb, qui \u00ab\u00a0pourrait\u00a0\u00bb inclure des \u00ab\u00a0m\u00e9canismes\u00a0\u00bb de \u00ab\u00a0hubs\u00a0\u00bb, en dehors de l&rsquo;Europe.<\/p>\n<p>En 2023, 484.160 ressortissants de pays tiers ont re\u00e7u l&rsquo;ordre de quitter l&rsquo;UE, et 91.465 (18,9%) ont fait l&rsquo;objet d&rsquo;un retour effectif, selon Eurostat.<\/p>\n<p>Apr\u00e8s une s\u00e9rie de succ\u00e8s \u00e9lectoraux de l&rsquo;extr\u00eame droite, comme en Autriche tout r\u00e9cemment, \u00ab\u00a0le sujet migratoire est de retour\u00a0\u00bb, souligne l&rsquo;analyste Eric Maurice, de l&rsquo;European Policy Centre \u00e0 Bruxelles.<\/p>\n<p>\u00ab\u00a0Il y a un affichage politique\u00a0\u00bb en Europe, \u00ab\u00a0car il y a une \u00e9norme pression des partis d&rsquo;extr\u00eame droite. On n&rsquo;est pourtant pas dans la crise migratoire de 2015\u00a0\u00bb, abonde Sophie Pornschlegel, du think-tank Europe Jacques Delors.<\/p>\n<p>En d\u00e9but de semaine, la Hongrie du nationaliste Viktor Orban a demand\u00e9 \u00e0 Bruxelles une d\u00e9rogation aux r\u00e8gles de l&rsquo;UE sur l&rsquo;asile, embo\u00eetant le pas aux Pays-Bas, m\u00eame si cette proc\u00e9dure a peu de chances d&rsquo;aboutir.<\/p>\n<p>\u00ab\u00a0Ce n&rsquo;est pas possible selon les trait\u00e9s\u00a0\u00bb europ\u00e9ens, a soulign\u00e9 Ylva Johansson, la commissaire europ\u00e9enne aux Affaires int\u00e9rieures, \u00e0 son arriv\u00e9e \u00e0 Luxembourg.<\/p>\n<p>En Allemagne, apr\u00e8s l&rsquo;\u00e9motion suscit\u00e9e par des attaques islamistes et face aux succ\u00e8s \u00e9lectoraux de l&rsquo;AfD (extr\u00eame droite), le gouvernement du social-d\u00e9mocrate Olaf Scholz a r\u00e9cemment r\u00e9tabli des contr\u00f4les \u00e0 l&rsquo;ensemble de ses fronti\u00e8res, pour une dur\u00e9e de six mois.<\/p>\n<p>Entorse au principe de \u00ab\u00a0libre-circulation\u00a0\u00bb, la d\u00e9cision n&rsquo;est pas interdite par les r\u00e8gles Schengen mais a provoqu\u00e9 l&#8217;embarras de la Commission europ\u00e9enne, qui souligne que de telles mesures doivent rester \u00ab\u00a0exceptionnelles\u00a0\u00bb et \u00ab\u00a0proportionn\u00e9es\u00a0\u00bb. (AFP)<\/p>\n","protected":false},"excerpt":{"rendered":"<p>Les questions migratoires reviennent en force dans l&rsquo;agenda europ\u00e9en. Les ministres de l&rsquo;Int\u00e9rieur de l&rsquo;UE sont r\u00e9unis \u00e0 Luxembourg jeudi pour \u00e9voquer notamment une proposition inflammable de transfert des migrants dans des centres d&rsquo;accueil de pays tiers. Ces \u00ab\u00a0hubs de retour\u00a0\u00bb, o\u00f9 seraient renvoy\u00e9s des migrants ill\u00e9gaux dans des pays en dehors de l&rsquo;UE, figurent [&hellip;]<\/p>\n","protected":false},"author":1,"featured_media":2268,"comment_status":"open","ping_status":"closed","sticky":false,"template":"","format":"standard","meta":{"footnotes":""},"categories":[30],"tags":[244,3146],"class_list":["post-12995","post","type-post","status-publish","format-standard","has-post-thumbnail","hentry","category-actualite","tag-migrants","tag-transfert-de-migrants-hors-de-lue"],"aioseo_notices":[],"_links":{"self":[{"href":"https:\/\/www.culturalusa.com\/news\/wp-json\/wp\/v2\/posts\/12995","targetHints":{"allow":["GET"]}}],"collection":[{"href":"https:\/\/www.culturalusa.com\/news\/wp-json\/wp\/v2\/posts"}],"about":[{"href":"https:\/\/www.culturalusa.com\/news\/wp-json\/wp\/v2\/types\/post"}],"author":[{"embeddable":true,"href":"https:\/\/www.culturalusa.com\/news\/wp-json\/wp\/v2\/users\/1"}],"replies":[{"embeddable":true,"href":"https:\/\/www.culturalusa.com\/news\/wp-json\/wp\/v2\/comments?post=12995"}],"version-history":[{"count":1,"href":"https:\/\/www.culturalusa.com\/news\/wp-json\/wp\/v2\/posts\/12995\/revisions"}],"predecessor-version":[{"id":12996,"href":"https:\/\/www.culturalusa.com\/news\/wp-json\/wp\/v2\/posts\/12995\/revisions\/12996"}],"wp:featuredmedia":[{"embeddable":true,"href":"https:\/\/www.culturalusa.com\/news\/wp-json\/wp\/v2\/media\/2268"}],"wp:attachment":[{"href":"https:\/\/www.culturalusa.com\/news\/wp-json\/wp\/v2\/media?parent=12995"}],"wp:term":[{"taxonomy":"category","embeddable":true,"href":"https:\/\/www.culturalusa.com\/news\/wp-json\/wp\/v2\/categories?post=12995"},{"taxonomy":"post_tag","embeddable":true,"href":"https:\/\/www.culturalusa.com\/news\/wp-json\/wp\/v2\/tags?post=12995"}],"curies":[{"name":"wp","href":"https:\/\/api.w.org\/{rel}","templated":true}]}}