{"id":13011,"date":"2024-10-20T15:43:33","date_gmt":"2024-10-20T13:43:33","guid":{"rendered":"https:\/\/www.culturalusa.com\/news\/?p=13011"},"modified":"2024-10-20T15:43:33","modified_gmt":"2024-10-20T13:43:33","slug":"economie-michel-barnier-budget-2025-tout-le-monde-va-devoir-se-retrousser-les-manches","status":"publish","type":"post","link":"https:\/\/www.culturalusa.com\/news\/economie\/economie-michel-barnier-budget-2025-tout-le-monde-va-devoir-se-retrousser-les-manches\/","title":{"rendered":"Economie. Michel Barnier: Budget 2025 \u00abTout le monde va devoir se retrousser les manches\u00bb"},"content":{"rendered":"<h2>Dernier entretien avant le grand saut. A la veille de l\u2019ouverture des d\u00e9bats \u00e0 l\u2019Assembl\u00e9e sur son budget, Michel Barnier a choisi de s\u2019exprimer longuement dans le JDD. Outre l\u2019immigration, le Premier ministre y a \u00e9voqu\u00e9 les mesures qu\u2019il s\u2019appr\u00eate \u00e0 d\u00e9fendre, malgr\u00e9 un texte fortement revu en commission.<\/h2>\n<p>Dans cette version retouch\u00e9e, \u00ab les amendements du NFP ne s\u2019articulaient m\u00eame pas entre eux \u00bb, tacle-t-il, d\u00e9non\u00e7ant \u00ab des dizaines de milliards d\u2019imp\u00f4ts suppl\u00e9mentaires [qui] conduiraient \u00e0 fragiliser nos entreprises et le pouvoir d\u2019achat de nos concitoyens \u00bb.<\/p>\n<blockquote><p>Michel Barnier a aussi critiqu\u00e9 la p\u00e9rennisation de la contribution suppl\u00e9mentaire des grandes entreprises, vot\u00e9e par le Modem.<\/p><\/blockquote>\n<p>\u00ab Je m\u2019engage \u00e0 ce qu\u2019aucune taxe temporaire ne devienne permanente \u00bb, promet-il dans le m\u00e9dia d\u00e9tenu par le milliardaire conservateur Vincent Bollor\u00e9. \u00ab C\u2019est \u00e0 cette seule condition que les contribuables \u00e0 qui on demande de faire un effort suppl\u00e9mentaire accepteront de le faire. \u00bb<\/p>\n<h3>\u00ab Une trajectoire de r\u00e9formes allant jusqu\u2019\u00e0 2029 \u00bb<\/h3>\n<p>Car pour le Premier ministre LR, \u00ab tout le monde va devoir se retrousser les manches \u00bb. Y compris les plus pr\u00e9caires. \u00ab Les retraites sont parfois tr\u00e8s faibles. N\u00e9anmoins, elles ont b\u00e9n\u00e9fici\u00e9 d\u2019un coup de pouce important en janvier dernier \u00bb, pointe-t-il pour justifier le report pr\u00e9vu de l\u2019indexation des retraites, qui crispe jusqu\u2019au sein de son parti.<\/p>\n<p>Autre entit\u00e9 \u00e0 devoir faire un effort : l\u2019administration d\u2019Etat. Pr\u00e9cautionneux sur les mots pour ne pas accuser ou froisser, souhaitant \u00ab s\u2019adresser directement aux agents et cadres de chaque administration \u00bb, Michel Barnier n\u2019en trace pas moins l\u2019objectif : \u00ab mieux utiliser l\u2019argent public \u00bb et \u00ab la diminution de 10 % du nombre des op\u00e9rateurs de l\u2019Etat \u00bb d\u2019ici quatre ans.<\/p>\n<p>Michel Barnier est en effet un ambitieux, qui souhaite aller m\u00eame au-del\u00e0 du mandat d\u2019Emmanuel Macron et inscrire le Budget 2025 \u00ab dans une trajectoire de r\u00e9formes allant jusqu\u2019\u00e0 2029 \u00bb.<\/p>\n<p>M\u00eame s\u2019il regrette de \u00ab devoir pr\u00e9senter des mesures d\u00e9fensives et dans une telle urgence \u00bb, \u00e9gratignant au passage Gabriel Attal et d\u00e9taillant les chiffres de la dette. Mais il n\u2019est pas du genre \u00ab pessimiste \u00bb, et rappelle que \u00ab nous b\u00e9n\u00e9ficions d\u2019un taux de croissance de 1,1 % et l\u2019inflation continue de baisser \u00bb, ce qu\u2019il voit comme un bon signe pour les entreprises.<\/p>\n<p>Y compris pour les secteurs en difficult\u00e9, comme l\u2019automobile ou le logement. \u00ab Nous allons faire face \u00bb, mart\u00e8le-t-il. \u00ab Une des clefs de la croissance et de l\u2019investissement, c\u2019est la stabilit\u00e9 et le cap en faveur de la comp\u00e9titivit\u00e9 de notre \u00e9conomie \u00bb, selon lui. Et Michel Barnier se veut inflexible sur cette stabilit\u00e9, quitte \u00e0 utiliser le 49.3 pour \u00ab \u00e9viter un blocage \u00bb parlementaire. (<a href=\"https:\/\/www.20minutes.fr\/politique\/\">20minutes<\/a>)<\/p>\n","protected":false},"excerpt":{"rendered":"<p>Dernier entretien avant le grand saut. A la veille de l\u2019ouverture des d\u00e9bats \u00e0 l\u2019Assembl\u00e9e sur son budget, Michel Barnier a choisi de s\u2019exprimer longuement dans le JDD. Outre l\u2019immigration, le Premier ministre y a \u00e9voqu\u00e9 les mesures qu\u2019il s\u2019appr\u00eate \u00e0 d\u00e9fendre, malgr\u00e9 un texte fortement revu en commission. Dans cette version retouch\u00e9e, \u00ab les [&hellip;]<\/p>\n","protected":false},"author":1,"featured_media":12925,"comment_status":"open","ping_status":"closed","sticky":false,"template":"","format":"standard","meta":{"footnotes":""},"categories":[1],"tags":[1189,3159,3128],"class_list":["post-13011","post","type-post","status-publish","format-standard","has-post-thumbnail","hentry","category-economie","tag-economie","tag-budget-2025","tag-michel-barnier"],"aioseo_notices":[],"_links":{"self":[{"href":"https:\/\/www.culturalusa.com\/news\/wp-json\/wp\/v2\/posts\/13011","targetHints":{"allow":["GET"]}}],"collection":[{"href":"https:\/\/www.culturalusa.com\/news\/wp-json\/wp\/v2\/posts"}],"about":[{"href":"https:\/\/www.culturalusa.com\/news\/wp-json\/wp\/v2\/types\/post"}],"author":[{"embeddable":true,"href":"https:\/\/www.culturalusa.com\/news\/wp-json\/wp\/v2\/users\/1"}],"replies":[{"embeddable":true,"href":"https:\/\/www.culturalusa.com\/news\/wp-json\/wp\/v2\/comments?post=13011"}],"version-history":[{"count":1,"href":"https:\/\/www.culturalusa.com\/news\/wp-json\/wp\/v2\/posts\/13011\/revisions"}],"predecessor-version":[{"id":13012,"href":"https:\/\/www.culturalusa.com\/news\/wp-json\/wp\/v2\/posts\/13011\/revisions\/13012"}],"wp:featuredmedia":[{"embeddable":true,"href":"https:\/\/www.culturalusa.com\/news\/wp-json\/wp\/v2\/media\/12925"}],"wp:attachment":[{"href":"https:\/\/www.culturalusa.com\/news\/wp-json\/wp\/v2\/media?parent=13011"}],"wp:term":[{"taxonomy":"category","embeddable":true,"href":"https:\/\/www.culturalusa.com\/news\/wp-json\/wp\/v2\/categories?post=13011"},{"taxonomy":"post_tag","embeddable":true,"href":"https:\/\/www.culturalusa.com\/news\/wp-json\/wp\/v2\/tags?post=13011"}],"curies":[{"name":"wp","href":"https:\/\/api.w.org\/{rel}","templated":true}]}}