{"id":13028,"date":"2024-10-26T14:51:51","date_gmt":"2024-10-26T12:51:51","guid":{"rendered":"https:\/\/www.culturalusa.com\/news\/?p=13028"},"modified":"2024-10-26T14:51:51","modified_gmt":"2024-10-26T12:51:51","slug":"free-les-donnees-personnelles-de-clients-derobees-dans-une-cyberattaque","status":"publish","type":"post","link":"https:\/\/www.culturalusa.com\/news\/actualite\/free-les-donnees-personnelles-de-clients-derobees-dans-une-cyberattaque\/","title":{"rendered":"Free : les donn\u00e9es personnelles de clients d\u00e9rob\u00e9es dans une cyberattaque"},"content":{"rendered":"<h2>Free a \u00e9t\u00e9 \u00ab\u00a0victime d&rsquo;une cyberattaque ciblant un outil de gestion\u00a0\u00bb entrainant \u00ab\u00a0un acc\u00e8s non autoris\u00e9 \u00e0 une partie des donn\u00e9es personnelles associ\u00e9es aux comptes de certains abonn\u00e9s\u00a0\u00bb, a confirm\u00e9 le deuxi\u00e8me op\u00e9rateur de t\u00e9l\u00e9phonie en France \u00e0 l&rsquo;AFP<\/h2>\n<blockquote><p>\u00ab\u00a0Aucun mot de passe\u00a0\u00bb, \u00ab\u00a0aucune carte bancaire\u00a0\u00bb, \u00ab\u00a0aucun contenu des communications (emails, SMS, messages vocaux&#8230;)\u00a0\u00bb ne sont concern\u00e9s par cette attaque dont ni la date ni l&rsquo;ampleur n&rsquo;ont \u00e9t\u00e9 pr\u00e9cis\u00e9es, a ajout\u00e9 l&rsquo;entreprise. \u00ab\u00a0Aucun impact op\u00e9rationnel n&rsquo;a \u00e9t\u00e9 constat\u00e9 sur (ses) activit\u00e9s et (ses) services\u00a0\u00bb.<\/p><\/blockquote>\n<h3>\u00ab\u00a0Une plainte p\u00e9nale a \u00e9t\u00e9 d\u00e9pos\u00e9e aupr\u00e8s du Procureur de la R\u00e9publique\u00a0\u00bb, indique Free.<\/h3>\n<p>La Commission nationale de l&rsquo;informatique et des libert\u00e9s (Cnil) et \u00e0 l&rsquo;Agence nationale de la s\u00e9curit\u00e9 des syst\u00e8mes d&rsquo;information (Anssi) ont \u00e9t\u00e9 notifi\u00e9es, comme le pr\u00e9voit la loi.<\/p>\n<p>\u00ab\u00a0Les abonn\u00e9s concern\u00e9s ont \u00e9t\u00e9 ou seront inform\u00e9s par email d&rsquo;ici peu\u00a0\u00bb, fait savoir l&rsquo;op\u00e9rateur, qui assure que \u00ab\u00a0toutes les mesures n\u00e9cessaires ont \u00e9t\u00e9 prises imm\u00e9diatement pour mettre fin \u00e0 cette attaque et renforcer la protection de nos syst\u00e8mes d&rsquo;information\u00a0\u00bb.<\/p>\n<p>Le 19 septembre, un autre op\u00e9rateur, SFR, avait fait l&rsquo;objet d&rsquo;une fuite de donn\u00e9es de ses clients, dont des coordonn\u00e9es bancaires, suite \u00e0 ce qu&rsquo;il avait qualifi\u00e9 d'\u00a0\u00bbincident de s\u00e9curit\u00e9 portant sur un outil de gestion des commandes de ses clients\u00a0\u00bb. (AFP)<\/p>\n","protected":false},"excerpt":{"rendered":"<p>Free a \u00e9t\u00e9 \u00ab\u00a0victime d&rsquo;une cyberattaque ciblant un outil de gestion\u00a0\u00bb entrainant \u00ab\u00a0un acc\u00e8s non autoris\u00e9 \u00e0 une partie des donn\u00e9es personnelles associ\u00e9es aux comptes de certains abonn\u00e9s\u00a0\u00bb, a confirm\u00e9 le deuxi\u00e8me op\u00e9rateur de t\u00e9l\u00e9phonie en France \u00e0 l&rsquo;AFP \u00ab\u00a0Aucun mot de passe\u00a0\u00bb, \u00ab\u00a0aucune carte bancaire\u00a0\u00bb, \u00ab\u00a0aucun contenu des communications (emails, SMS, messages vocaux&#8230;)\u00a0\u00bb ne [&hellip;]<\/p>\n","protected":false},"author":1,"featured_media":11370,"comment_status":"open","ping_status":"closed","sticky":false,"template":"","format":"standard","meta":{"footnotes":""},"categories":[30],"tags":[217,663,1385,3160],"class_list":["post-13028","post","type-post","status-publish","format-standard","has-post-thumbnail","hentry","category-actualite","tag-cyberattaque","tag-donnees-personnelles","tag-free","tag-free-victime-dune-cyberattaque"],"aioseo_notices":[],"_links":{"self":[{"href":"https:\/\/www.culturalusa.com\/news\/wp-json\/wp\/v2\/posts\/13028","targetHints":{"allow":["GET"]}}],"collection":[{"href":"https:\/\/www.culturalusa.com\/news\/wp-json\/wp\/v2\/posts"}],"about":[{"href":"https:\/\/www.culturalusa.com\/news\/wp-json\/wp\/v2\/types\/post"}],"author":[{"embeddable":true,"href":"https:\/\/www.culturalusa.com\/news\/wp-json\/wp\/v2\/users\/1"}],"replies":[{"embeddable":true,"href":"https:\/\/www.culturalusa.com\/news\/wp-json\/wp\/v2\/comments?post=13028"}],"version-history":[{"count":1,"href":"https:\/\/www.culturalusa.com\/news\/wp-json\/wp\/v2\/posts\/13028\/revisions"}],"predecessor-version":[{"id":13029,"href":"https:\/\/www.culturalusa.com\/news\/wp-json\/wp\/v2\/posts\/13028\/revisions\/13029"}],"wp:featuredmedia":[{"embeddable":true,"href":"https:\/\/www.culturalusa.com\/news\/wp-json\/wp\/v2\/media\/11370"}],"wp:attachment":[{"href":"https:\/\/www.culturalusa.com\/news\/wp-json\/wp\/v2\/media?parent=13028"}],"wp:term":[{"taxonomy":"category","embeddable":true,"href":"https:\/\/www.culturalusa.com\/news\/wp-json\/wp\/v2\/categories?post=13028"},{"taxonomy":"post_tag","embeddable":true,"href":"https:\/\/www.culturalusa.com\/news\/wp-json\/wp\/v2\/tags?post=13028"}],"curies":[{"name":"wp","href":"https:\/\/api.w.org\/{rel}","templated":true}]}}