{"id":13053,"date":"2024-11-06T15:08:39","date_gmt":"2024-11-06T14:08:39","guid":{"rendered":"https:\/\/www.culturalusa.com\/news\/?p=13053"},"modified":"2024-11-06T15:08:39","modified_gmt":"2024-11-06T14:08:39","slug":"union-europeenne-felicite-trump-et-se-dit-prete-a-une-cooperation-constructive","status":"publish","type":"post","link":"https:\/\/www.culturalusa.com\/news\/actualite\/union-europeenne-felicite-trump-et-se-dit-prete-a-une-cooperation-constructive\/","title":{"rendered":"Union europ\u00e9enne f\u00e9licite Trump et se dit pr\u00eate \u00e0 une \u00ab\u00a0coop\u00e9ration constructive\u00a0\u00bb"},"content":{"rendered":"<h2>L&rsquo;Union europ\u00e9enne (UE) a f\u00e9licit\u00e9 aujourd&rsquo;hui Donald Trump pour sa victoire aux \u00e9lections pr\u00e9sidentielles am\u00e9ricaines, rappelant les liens entre les deux blocs et se disant pr\u00eate \u00e0 travailler avec Washington.<\/h2>\n<blockquote><p>Sur son compte du r\u00e9seau social X, le pr\u00e9sident du Conseil europ\u00e9en, Charles Michel, a rappel\u00e9 \u00ab\u00a0l&rsquo;alliance durable et le lien historique\u00a0\u00bb entre l&rsquo;UE et les Etats-Unis d&rsquo;Am\u00e9rique (USA).<\/p><\/blockquote>\n<p>\u00ab\u00a0En tant qu&rsquo;alli\u00e9s et amis\u00a0\u00bb, a-t-il ajout\u00e9, les Europ\u00e9ens esp\u00e8rent \u00ab\u00a0poursuivre leur coop\u00e9ration constructive\u00a0\u00bb avec les \u00c9tats-Unis, notant que l&rsquo;UE restera un \u00ab\u00a0partenaire fort, uni et souverain tout en d\u00e9fendant le syst\u00e8me multilat\u00e9ral fond\u00e9 sur des r\u00e8gles\u00a0\u00bb.<\/p>\n<p>La pr\u00e9sidente de la Commission europ\u00e9enne, Ursula von der Leyen, a soulign\u00e9, \u00e9galement sur le r\u00e9seau social X, que l&rsquo;UE et les \u00c9tats-Unis \u00ab travailleront ensemble sur un agenda transatlantique fort qui continue \u00e0 produire des r\u00e9sultats \u00bb pour les 800 millions de citoyens des deux blocs. .<\/p>\n<p>La pr\u00e9sidente du Parlement europ\u00e9en, Roberta Metsola, a assur\u00e9, \u00e9galement \u00e0 X, que l&rsquo;UE est pr\u00eate \u00e0 collaborer avec Washington et \u00e0 \u00ab maintenir des liens transatlantiques forts, enracin\u00e9s dans nos valeurs communes de libert\u00e9, de droits de l&rsquo;homme, de d\u00e9mocratie et d&rsquo;ouverture des march\u00e9s \u00bb. \u00ab\u00a0.<\/p>\n<p>Trump a proclam\u00e9 sa victoire sur la d\u00e9mocrate Kamala Harris aux \u00e9lections pr\u00e9sidentielles dans un discours prononc\u00e9 en Floride au petit matin aujourd&rsquo;hui, alors qu&rsquo;il attend sa confirmation et son officialisation, alors que les projections des m\u00e9dias am\u00e9ricains le placent \u00e0 seulement trois voix \u00e9lectorales d&rsquo;atteindre les 270 n\u00e9cessaires pour revenir \u00e0 l&rsquo;\u00e9lection pr\u00e9sidentielle. Maison Blanche.<\/p>\n","protected":false},"excerpt":{"rendered":"<p>L&rsquo;Union europ\u00e9enne (UE) a f\u00e9licit\u00e9 aujourd&rsquo;hui Donald Trump pour sa victoire aux \u00e9lections pr\u00e9sidentielles am\u00e9ricaines, rappelant les liens entre les deux blocs et se disant pr\u00eate \u00e0 travailler avec Washington. Sur son compte du r\u00e9seau social X, le pr\u00e9sident du Conseil europ\u00e9en, Charles Michel, a rappel\u00e9 \u00ab\u00a0l&rsquo;alliance durable et le lien historique\u00a0\u00bb entre l&rsquo;UE et [&hellip;]<\/p>\n","protected":false},"author":1,"featured_media":13054,"comment_status":"open","ping_status":"closed","sticky":false,"template":"","format":"standard","meta":{"footnotes":""},"categories":[30],"tags":[3168,1170,3167],"class_list":["post-13053","post","type-post","status-publish","format-standard","has-post-thumbnail","hentry","category-actualite","tag-cooperation-constructive","tag-eu","tag-union-europeenne-felicite-trump"],"aioseo_notices":[],"_links":{"self":[{"href":"https:\/\/www.culturalusa.com\/news\/wp-json\/wp\/v2\/posts\/13053","targetHints":{"allow":["GET"]}}],"collection":[{"href":"https:\/\/www.culturalusa.com\/news\/wp-json\/wp\/v2\/posts"}],"about":[{"href":"https:\/\/www.culturalusa.com\/news\/wp-json\/wp\/v2\/types\/post"}],"author":[{"embeddable":true,"href":"https:\/\/www.culturalusa.com\/news\/wp-json\/wp\/v2\/users\/1"}],"replies":[{"embeddable":true,"href":"https:\/\/www.culturalusa.com\/news\/wp-json\/wp\/v2\/comments?post=13053"}],"version-history":[{"count":1,"href":"https:\/\/www.culturalusa.com\/news\/wp-json\/wp\/v2\/posts\/13053\/revisions"}],"predecessor-version":[{"id":13055,"href":"https:\/\/www.culturalusa.com\/news\/wp-json\/wp\/v2\/posts\/13053\/revisions\/13055"}],"wp:featuredmedia":[{"embeddable":true,"href":"https:\/\/www.culturalusa.com\/news\/wp-json\/wp\/v2\/media\/13054"}],"wp:attachment":[{"href":"https:\/\/www.culturalusa.com\/news\/wp-json\/wp\/v2\/media?parent=13053"}],"wp:term":[{"taxonomy":"category","embeddable":true,"href":"https:\/\/www.culturalusa.com\/news\/wp-json\/wp\/v2\/categories?post=13053"},{"taxonomy":"post_tag","embeddable":true,"href":"https:\/\/www.culturalusa.com\/news\/wp-json\/wp\/v2\/tags?post=13053"}],"curies":[{"name":"wp","href":"https:\/\/api.w.org\/{rel}","templated":true}]}}