{"id":13060,"date":"2024-11-12T11:41:11","date_gmt":"2024-11-12T10:41:11","guid":{"rendered":"https:\/\/www.culturalusa.com\/news\/?p=13060"},"modified":"2024-11-12T11:48:58","modified_gmt":"2024-11-12T10:48:58","slug":"intelligence-artificielle-et-politique-au-web-summit-de-lisbonne","status":"publish","type":"post","link":"https:\/\/www.culturalusa.com\/news\/actualite\/intelligence-artificielle-et-politique-au-web-summit-de-lisbonne\/","title":{"rendered":"Intelligence artificielle et politique au Web Summit de Lisbonne"},"content":{"rendered":"<h2>L&rsquo;\u00e9lection de Donald Trump et les bouleversements li\u00e9s \u00e0 l&rsquo;intelligence artificielle g\u00e9n\u00e9rative, de ses cons\u00e9quences environnementales \u00e0 l&rsquo;impact sur la cr\u00e9ation artistique, s&rsquo;annoncent comme les deux th\u00e8mes majeurs au Web Summit, grand rassemblement europ\u00e9en de la tech qui a lieu cette semaine \u00e0 Lisbonne.<\/h2>\n<p>\u00ab\u00a0Une nouvelle \u00e8re Trump\u00a0\u00bb, \u00ab\u00a0Comprendre les r\u00e9sultats des \u00e9lections am\u00e9ricaines\u00a0\u00bb&#8230; Plusieurs sessions essaieront de d\u00e9crypter ce que ce second mandat du candidat r\u00e9publicain peut signifier pour l&rsquo;industrie technologique mondiale.<\/p>\n<p>Contrairement \u00e0 la prudence de mise lors de sa premi\u00e8re victoire en 2016, les grands patrons du secteur, de Jeff Bezos d&rsquo;Amazon \u00e0 Mark Zuckerberg de Meta, n&rsquo;ont pas tard\u00e9 \u00e0 f\u00e9liciter le milliardaire, dont la campagne a \u00e9t\u00e9 fortement soutenue par le magnat des technologies Elon Musk.<\/p>\n<p>Le 47e pr\u00e9sident des Etats-Unis pourrait notamment r\u00e9viser ou annuler un d\u00e9cret controvers\u00e9 de Joe Biden, qui fixe des normes volontaires pour la s\u00e9curit\u00e9 de l&rsquo;IA, en mettant l&rsquo;accent sur la protection de la vie priv\u00e9e et la lutte contre les biais.<\/p>\n<p>Et, ce, pour le plus grand bonheur des titans am\u00e9ricains du secteur, comme OpenAI &#8212; \u00e0 l&rsquo;origine de ChatGPT &#8212; ou Microsoft, qui craignent que les r\u00e8gles n&rsquo;\u00e9touffent l&rsquo;innovation.<\/p>\n<p>L&rsquo;essor de cette technologie, capable de produire toute sorte de contenus sur simple requ\u00eate en langage courant et qui a d\u00e9boul\u00e9 aupr\u00e8s du grand public il y a deux ans, sera ainsi au coeur de \u00ab\u00a0Davos des geeks\u00a0\u00bb.<\/p>\n<h3>\u00a0\u00ab\u00a0Crois\u00e9e des chemins\u00a0\u00bb<\/h3>\n<blockquote><p>\u00ab\u00a0Cette ann\u00e9e, le Web Summit est devenu l&rsquo;un des plus grands rassemblements sur l&rsquo;intelligence artificielle\u00a0\u00bb, a lanc\u00e9 lundi, lors de la soir\u00e9e d&rsquo;ouverture, Paddy Cosgrave, cofondateur de l&rsquo;\u00e9v\u00e9nement.<\/p><\/blockquote>\n<p>Plus de 70.000 participants, dont 3.000 start-up et 1.000 investisseurs, sont attendus pour \u00e9changer sur le sujet.<\/p>\n<p>\u00ab\u00a0Nous sommes \u00e0 la crois\u00e9e des chemins\u00a0\u00bb, a r\u00e9sum\u00e9 sur sc\u00e8ne l&rsquo;astrophysicien Max Tegmark, pr\u00e9sident de l&rsquo;association Future of Life Institute qui alerte r\u00e9guli\u00e8rement sur les possibles d\u00e9rives de l&rsquo;IA.<\/p>\n<p>\u00ab\u00a0Soit nous prenons la mauvaise route, nous construisons une intelligence artificielle g\u00e9n\u00e9rale (c&rsquo;est-\u00e0-dire comparable voire sup\u00e9rieure aux humains, NDLR), perdons le contr\u00f4le et il y a de bonnes chances que nous soyons tous morts dans dix ans\u00a0\u00bb, a-t-il r\u00e9sum\u00e9. \u00ab\u00a0Soit nous prenons le bon chemin et je pense qu&rsquo;il peut d\u00e9passer nos espoirs les plus fous\u00a0\u00bb.<\/p>\n<p>\u00ab\u00a0Il y aura des turbulences\u00a0\u00bb, a convenu de son c\u00f4t\u00e9 Thomas Wolf de la start-up Hugging Face, plateforme de partage de mod\u00e8les d&rsquo;intelligence artificielle en acc\u00e8s libre.<\/p>\n<p>Qu&rsquo;il soit dystopique ou enchanteur, une certitude: le futur ne se fera pas sans l&rsquo;IA.<\/p>\n<p>Les entreprises et de grands noms du secteur viendront ainsi discuter de la fa\u00e7on dont ils comptent s&rsquo;en emparer.<\/p>\n<p>Cristiano Amon, patron de Qualcomm, sp\u00e9cialiste am\u00e9ricain des technologies mobiles et des processeurs pour smartphones, mais aussi Brad Smith, pr\u00e9sident de Microsoft, viendront par exemple pr\u00e9senter leurs avanc\u00e9es dans ce domaine.<\/p>\n<p>Gabriele Mazzini, l&rsquo;un des auteurs du r\u00e8glement europ\u00e9en sur l&rsquo;intelligence artificielle, entr\u00e9 en vigueur en ao\u00fbt mais dont l&rsquo;essentiel des mesures ne s&rsquo;appliqueront qu&rsquo;en 2026, viendra lui discuter du d\u00e9fi consistant \u00e0 trouver un \u00e9quilibre entre innovation et limitation des risques.<\/p>\n<p>Le sc\u00e9nariste et r\u00e9alisateur de la s\u00e9rie britannique \u00ab\u00a0Peaky Blinders\u00a0\u00bb, Steven Knight, abordera pour sa part l&rsquo;impact de l&rsquo;intelligence artificielle sur le monde du cin\u00e9ma et des s\u00e9ries, tandis que la chanteuse britannique Imogen Heap expliquera en quoi l&rsquo;IA peut servir d&rsquo;outil \u00e0 la cr\u00e9ation musicale.<\/p>\n<p>Les cons\u00e9quences climatiques de l&rsquo;essor de cette technologie tr\u00e8s \u00e9nergivore seront aussi examin\u00e9es lors de conf\u00e9rences aux titres \u00e9vocateurs, comme \u00ab\u00a0Protection ou catastrophe ? L&rsquo;IA et l&rsquo;environnement\u00a0\u00bb ou encore \u00ab\u00a0L&rsquo;insatiable app\u00e9tit \u00e9nerg\u00e9tique de l&rsquo;IA\u00a0\u00bb.<\/p>\n<p>Parmi les autres t\u00eates d&rsquo;affiche, le chanteur et cr\u00e9ateur de mode Pharrell Williams a plaid\u00e9 lundi soir pour la diversit\u00e9 en entreprise et le pr\u00e9sident du g\u00e9ant du e-commerce chinois Alibaba, Kuo Zhang, est aussi attendu \u00e0 Lisbonne. (AFP)<\/p>\n","protected":false},"excerpt":{"rendered":"<p>L&rsquo;\u00e9lection de Donald Trump et les bouleversements li\u00e9s \u00e0 l&rsquo;intelligence artificielle g\u00e9n\u00e9rative, de ses cons\u00e9quences environnementales \u00e0 l&rsquo;impact sur la cr\u00e9ation artistique, s&rsquo;annoncent comme les deux th\u00e8mes majeurs au Web Summit, grand rassemblement europ\u00e9en de la tech qui a lieu cette semaine \u00e0 Lisbonne. \u00ab\u00a0Une nouvelle \u00e8re Trump\u00a0\u00bb, \u00ab\u00a0Comprendre les r\u00e9sultats des \u00e9lections am\u00e9ricaines\u00a0\u00bb&#8230; Plusieurs [&hellip;]<\/p>\n","protected":false},"author":1,"featured_media":13063,"comment_status":"open","ping_status":"closed","sticky":false,"template":"","format":"standard","meta":{"footnotes":""},"categories":[30],"tags":[3173,47,923,3172],"class_list":["post-13060","post","type-post","status-publish","format-standard","has-post-thumbnail","hentry","category-actualite","tag-intelligence-artificielle-generative","tag-lisbonne","tag-web-summit","tag-web-summit-de-lisbonne"],"aioseo_notices":[],"_links":{"self":[{"href":"https:\/\/www.culturalusa.com\/news\/wp-json\/wp\/v2\/posts\/13060","targetHints":{"allow":["GET"]}}],"collection":[{"href":"https:\/\/www.culturalusa.com\/news\/wp-json\/wp\/v2\/posts"}],"about":[{"href":"https:\/\/www.culturalusa.com\/news\/wp-json\/wp\/v2\/types\/post"}],"author":[{"embeddable":true,"href":"https:\/\/www.culturalusa.com\/news\/wp-json\/wp\/v2\/users\/1"}],"replies":[{"embeddable":true,"href":"https:\/\/www.culturalusa.com\/news\/wp-json\/wp\/v2\/comments?post=13060"}],"version-history":[{"count":2,"href":"https:\/\/www.culturalusa.com\/news\/wp-json\/wp\/v2\/posts\/13060\/revisions"}],"predecessor-version":[{"id":13062,"href":"https:\/\/www.culturalusa.com\/news\/wp-json\/wp\/v2\/posts\/13060\/revisions\/13062"}],"wp:featuredmedia":[{"embeddable":true,"href":"https:\/\/www.culturalusa.com\/news\/wp-json\/wp\/v2\/media\/13063"}],"wp:attachment":[{"href":"https:\/\/www.culturalusa.com\/news\/wp-json\/wp\/v2\/media?parent=13060"}],"wp:term":[{"taxonomy":"category","embeddable":true,"href":"https:\/\/www.culturalusa.com\/news\/wp-json\/wp\/v2\/categories?post=13060"},{"taxonomy":"post_tag","embeddable":true,"href":"https:\/\/www.culturalusa.com\/news\/wp-json\/wp\/v2\/tags?post=13060"}],"curies":[{"name":"wp","href":"https:\/\/api.w.org\/{rel}","templated":true}]}}