{"id":13065,"date":"2024-11-14T21:41:05","date_gmt":"2024-11-14T20:41:05","guid":{"rendered":"https:\/\/www.culturalusa.com\/news\/?p=13065"},"modified":"2024-11-14T21:41:05","modified_gmt":"2024-11-14T20:41:05","slug":"la-france-veut-ouvrir-une-troisieme-voie-pour-lia","status":"publish","type":"post","link":"https:\/\/www.culturalusa.com\/news\/technologie\/la-france-veut-ouvrir-une-troisieme-voie-pour-lia\/","title":{"rendered":"La France veut ouvrir une \u00ab\u00a0troisi\u00e8me voie\u00a0\u00bb pour l&rsquo;IA"},"content":{"rendered":"<h2>Puissance, \u00e9cologie, \u00e9thique: l&rsquo;intelligence artificielle (IA) \u00e0 la fran\u00e7aise a devant elle un cahier des charges exigeant, trac\u00e9 par la nouvelle secr\u00e9taire d&rsquo;Etat \u00e0 l&rsquo;Intelligence artificielle et au Num\u00e9rique Clara Chappaz, qui a pr\u00e9sent\u00e9 sa feuille de route.<\/h2>\n<blockquote><p>\u00ab\u00a0Nous avons les atouts pour pouvoir faire de la France une grande puissance de l&rsquo;intelligence artificielle\u00a0\u00bb, assure Clara Chappaz, nomm\u00e9e fin septembre, \u00e0 l&rsquo;AFP.<\/p><\/blockquote>\n<p>Anciennement \u00e0 la t\u00eate de la mission French Tech, rattach\u00e9e \u00e0 Bercy et charg\u00e9e de soutenir la croissance des start-up fran\u00e7aises, la premi\u00e8re secr\u00e9taire d&rsquo;Etat \u00e0 \u00eatre affubl\u00e9e d&rsquo;un portefeuille d\u00e9di\u00e9 \u00e0 l&rsquo;IA semble avoir largement embrass\u00e9 sa mission.<\/p>\n<p>Pour elle, l&rsquo;enjeu est \u00ab\u00a0d\u00e9terminant, non seulement d&rsquo;un point de vue \u00e9conomique, d&rsquo;un point de vue de la comp\u00e9titivit\u00e9, d&rsquo;un point de vue de l&rsquo;attractivit\u00e9 (&#8230;) mais aussi d&rsquo;un point de vue politique\u00a0\u00bb.<\/p>\n<p>Pr\u00e9sente jeudi soir \u00e0 l&rsquo;inauguration des bureaux parisiens d&rsquo;OpenAI, le cr\u00e9ateur de ChatGPT, elle y a vu le signe d&rsquo;une \u00ab\u00a0tr\u00e8s belle reconnaissance\u00a0\u00bb pour \u00ab\u00a0l&rsquo;\u00e9cosyst\u00e8me d&rsquo;intelligence artificielle le plus attractif en Europe\u00a0\u00bb.<\/p>\n<p>Mais \u00ab\u00a0avoir des technologies d&rsquo;intelligence artificielle propres, c&rsquo;est pouvoir porter une certaine vision du monde\u00a0\u00bb, souligne Clara Chappaz, s&rsquo;appuyant sur les pr\u00e9conisations du rapport Draghi sur la relance de l&rsquo;innovation europ\u00e9enne.<\/p>\n<h3>Plac\u00e9e sous la tutelle du minist\u00e8re de l&rsquo;Enseignement sup\u00e9rieur et de la Recherche, une nouvelle disposition qui avait cr\u00e9\u00e9 l&rsquo;\u00e9tonnement apr\u00e8s des ann\u00e9es de rattachement au minist\u00e8re de l&rsquo;Economie, elle y voit au contraire le socle de la puissance fran\u00e7aise dans le domaine.<\/h3>\n<p>La secr\u00e9taire d&rsquo;Etat \u00e9gr\u00e8ne ainsi les noms de \u00ab\u00a0talents\u00a0\u00bb form\u00e9s dans les universit\u00e9s et grandes \u00e9coles fran\u00e7aises: Yann Le Cun, directeur scientifique de l&rsquo;IA chez Meta, maison m\u00e8re de Facebook et Instagram, Mistral, la start-up fran\u00e7aise qui r\u00eave de concurrencer OpenAI, ou H, autre jeune pousse qui a lev\u00e9 220 millions d&rsquo;euros en ao\u00fbt.<\/p>\n<p>\u00ab\u00a0On a des talents ambitieux qui ont envie de lancer un certain nombre d&rsquo;entreprises qui d\u00e9ploient des solutions mais il leur faut aussi l&rsquo;infrastructure pour pouvoir avancer\u00a0\u00bb, d\u00e9clare Clara Chappaz, en s&rsquo;engageant \u00e0 continuer de soutenir les data centers et supercalculateurs.<\/p>\n<p>Si la secr\u00e9taire d&rsquo;Etat dit aussi compter sur le secteur priv\u00e9 pour soutenir l&rsquo;innovation, la France demeurera fatalement tr\u00e8s loin derri\u00e8re les financements records engag\u00e9s outre-Atlantique pour doper la croissance des entreprises de la tech.<\/p>\n<p>Mais pas question de s&rsquo;engager dans une concurrence frontale avec les \u00c9tats-Unis, selon elle. La membre du gouvernement veut ouvrir \u00ab\u00a0une troisi\u00e8me voie de l&rsquo;intelligence artificielle\u00a0\u00bb, qui rimerait avec \u00e9thique, frugalit\u00e9 et inclusivit\u00e9.<\/p>\n<h3>&#8211; Sommet mondial &#8211;<\/h3>\n<p>Une vision qu&rsquo;elle esp\u00e8re porter au sommet mondial sur l&rsquo;intelligence artificielle qui se tiendra \u00e0 Paris les 10 et 11 f\u00e9vrier.<\/p>\n<p>\u00ab\u00a0On ne peut pas laisser une technologie qui a des impacts aussi fondamentaux sur le monde \u00e9conomique et la soci\u00e9t\u00e9 ne pas \u00eatre au service du progr\u00e8s et au service de toutes et tous\u00a0\u00bb, mart\u00e8le-t-elle.<\/p>\n<p>Si le programme pr\u00e9cis du sommet n&rsquo;a pas encore \u00e9t\u00e9 d\u00e9voil\u00e9, la secr\u00e9taire d&rsquo;Etat y d\u00e9fendra la vision d&rsquo;une intelligence artificielle plus responsable et plus \u00ab\u00a0frugale\u00a0\u00bb.<\/p>\n<p>Invit\u00e9e au salon AI Pulse \u00e0 Paris d\u00e9but novembre, Clara Chappaz avait mis en avant la question de l&rsquo;impact \u00e9cologique de cette technologie tr\u00e8s \u00e9nergivore.<\/p>\n<p>\u00ab\u00a0Je pense qu&rsquo;il va devenir tr\u00e8s important de savoir comment alimenter ces mod\u00e8les (d&rsquo;intelligence artificielle) avec une \u00e9nergie verte, comment s&rsquo;assurer que nous continuons \u00e0 encourager l&rsquo;utilisation de cette technologie sans endommager la plan\u00e8te.\u00a0\u00bb<\/p>\n<p>Question rh\u00e9torique pour celle qui compte notamment sur l&rsquo;\u00e9nergie fran\u00e7aise, \u00ab\u00a0l&rsquo;une des plus vertes au monde\u00a0\u00bb, pour att\u00e9nuer le bilan carbone de l&rsquo;IA.<\/p>\n<p>Mais Clara Chappaz assure aussi ne pas seulement d\u00e9fendre les int\u00e9r\u00eats fran\u00e7ais, avec un discours oppos\u00e9 au monopole des mastodontes de la tech, essentiellement am\u00e9ricains.<\/p>\n<p>La secr\u00e9taire d&rsquo;Etat s&rsquo;est fix\u00e9 un cap: \u00ab\u00a0Ne pas concentrer les gains \u00e9vidents (&#8230;) aux mains des pays qui auraient les plus gros acteurs mais s&rsquo;assurer qu&rsquo;on peut collectivement prendre des engagements concrets pour que tous les pays, aussi bien du Sud que du Nord, puissent tirer parti de cette technologie.\u00a0\u00bb<\/p>\n","protected":false},"excerpt":{"rendered":"<p>Puissance, \u00e9cologie, \u00e9thique: l&rsquo;intelligence artificielle (IA) \u00e0 la fran\u00e7aise a devant elle un cahier des charges exigeant, trac\u00e9 par la nouvelle secr\u00e9taire d&rsquo;Etat \u00e0 l&rsquo;Intelligence artificielle et au Num\u00e9rique Clara Chappaz, qui a pr\u00e9sent\u00e9 sa feuille de route. \u00ab\u00a0Nous avons les atouts pour pouvoir faire de la France une grande puissance de l&rsquo;intelligence artificielle\u00a0\u00bb, assure [&hellip;]<\/p>\n","protected":false},"author":1,"featured_media":11726,"comment_status":"open","ping_status":"closed","sticky":false,"template":"","format":"standard","meta":{"footnotes":""},"categories":[6],"tags":[779,3174],"class_list":["post-13065","post","type-post","status-publish","format-standard","has-post-thumbnail","hentry","category-technologie","tag-intelligence-artificielle","tag-la-france-veut-ouvrir-une-troisieme-voie-pour-lia"],"aioseo_notices":[],"_links":{"self":[{"href":"https:\/\/www.culturalusa.com\/news\/wp-json\/wp\/v2\/posts\/13065","targetHints":{"allow":["GET"]}}],"collection":[{"href":"https:\/\/www.culturalusa.com\/news\/wp-json\/wp\/v2\/posts"}],"about":[{"href":"https:\/\/www.culturalusa.com\/news\/wp-json\/wp\/v2\/types\/post"}],"author":[{"embeddable":true,"href":"https:\/\/www.culturalusa.com\/news\/wp-json\/wp\/v2\/users\/1"}],"replies":[{"embeddable":true,"href":"https:\/\/www.culturalusa.com\/news\/wp-json\/wp\/v2\/comments?post=13065"}],"version-history":[{"count":1,"href":"https:\/\/www.culturalusa.com\/news\/wp-json\/wp\/v2\/posts\/13065\/revisions"}],"predecessor-version":[{"id":13066,"href":"https:\/\/www.culturalusa.com\/news\/wp-json\/wp\/v2\/posts\/13065\/revisions\/13066"}],"wp:featuredmedia":[{"embeddable":true,"href":"https:\/\/www.culturalusa.com\/news\/wp-json\/wp\/v2\/media\/11726"}],"wp:attachment":[{"href":"https:\/\/www.culturalusa.com\/news\/wp-json\/wp\/v2\/media?parent=13065"}],"wp:term":[{"taxonomy":"category","embeddable":true,"href":"https:\/\/www.culturalusa.com\/news\/wp-json\/wp\/v2\/categories?post=13065"},{"taxonomy":"post_tag","embeddable":true,"href":"https:\/\/www.culturalusa.com\/news\/wp-json\/wp\/v2\/tags?post=13065"}],"curies":[{"name":"wp","href":"https:\/\/api.w.org\/{rel}","templated":true}]}}