{"id":13097,"date":"2024-12-07T18:00:24","date_gmt":"2024-12-07T17:00:24","guid":{"rendered":"https:\/\/www.culturalusa.com\/news\/?p=13097"},"modified":"2024-12-07T18:00:24","modified_gmt":"2024-12-07T17:00:24","slug":"jose-socrates-operation-marques-un-groupe-de-travail-constitue-un-abus-de-pouvoir-flagrant","status":"publish","type":"post","link":"https:\/\/www.culturalusa.com\/news\/portugal\/jose-socrates-operation-marques-un-groupe-de-travail-constitue-un-abus-de-pouvoir-flagrant\/","title":{"rendered":"Jos\u00e9 S\u00f3crates : Op\u00e9ration Marqu\u00eas. \u00ab Un groupe de travail constitue un abus de pouvoir flagrant \u00bb"},"content":{"rendered":"<h2>L&rsquo;ancien Premier ministre Jos\u00e9 S\u00f3crates a r\u00e9agi, ce samedi matin, aux derniers d\u00e9veloppements concernant l&rsquo;Op\u00e9ration Marqu\u00eas. Il garantit qu&rsquo;il se d\u00e9fendra \u00ab contre un proc\u00e8s en janvier \u00bb, qu&rsquo;il juge \u00ab inf\u00e2me \u00bb.<\/h2>\n<blockquote><p>L&rsquo;ancien Premier ministre Jos\u00e9 S\u00f3crates a r\u00e9agi aux nouveaux d\u00e9veloppements concernant l&rsquo;Op\u00e9ration Marqu\u00eas et a d\u00e9clar\u00e9 que \u00ab ce que le Conseil judiciaire n&rsquo;a pas, c&rsquo;est la comp\u00e9tence pour conditionner l&rsquo;avenir d&rsquo;un processus \u00bb et \u00ab il n&rsquo;a pas la comp\u00e9tence pour influencer ce qui se passera \u00bb.<\/p><\/blockquote>\n<p>S&rsquo;adressant aux journalistes ce samedi 7 d\u00e9cembre, Jos\u00e9 S\u00f3crates accuse et garantit que \u00ab la d\u00e9cision de cr\u00e9er un groupe de travail constitue un abus de pouvoir flagrant. La r\u00e9solution extraordinaire visant \u00e0 cr\u00e9er ce groupe de travail met \u00e9galement en danger la libert\u00e9 et l&rsquo;ind\u00e9pendance des juges, qui doivent \u00eatre garanties par rapport \u00e0 tous les pouvoirs \u00bb.<\/p>\n<p>\u00ab\u00a0Le juge a l&rsquo;intention, d&rsquo;une mani\u00e8re qui nous appara\u00eet comme un abus jamais vu auparavant, \u2013 du moins autant que je sache au Portugal \u2013 de renvoyer une affaire devant un tribunal sans aucune accusation ni prononc\u00e9\u00a0\u00bb.<\/p>\n<p>\u00abIls \u00e9taient fantaisistes, incongrus et sp\u00e9culatifs. C&rsquo;est ainsi que la d\u00e9cision a class\u00e9 les accusations qui me sont adress\u00e9es. Toutes ces accusations sont tomb\u00e9es \u00bb, affirme-t-il, en \u00e9voquant la d\u00e9cision du juge Ivo Rosa, en 2021.<\/p>\n<h3>\u00ab\u00a0Je me d\u00e9fendrai contre un proc\u00e8s en janvier, que je consid\u00e8re inf\u00e2me\u00a0\u00bb, garantit l&rsquo;ancien premier ministre.<\/h3>\n<p>Il convient de rappeler que Jos\u00e9 S\u00f3crates a envoy\u00e9, en novembre de cette ann\u00e9e, une lettre au pr\u00e9sident du Conseil sup\u00e9rieur du pouvoir judiciaire (CSM), Jo\u00e3o Cura Mariano, remettant en question l&rsquo;objectif de cr\u00e9er un groupe de travail pour suivre les processus de l&rsquo;Op\u00e9ration Marqu\u00eas, en plus d&rsquo;avoir accus\u00e9 l&rsquo;organisation d&rsquo;agir \u00ab au service du journal Observador \u00bb.<\/p>\n<p>Vendredi, la Cour de justice de Lisbonne a d\u00e9cid\u00e9 que l&rsquo;appel toujours pendant n&rsquo;avait pas d&rsquo;effet suspensif et que, par cons\u00e9quent, l&rsquo;affaire de l&rsquo;Op\u00e9ration Marqu\u00eas pouvait \u00eatre jug\u00e9e.<\/p>\n<h3>Dans l&rsquo;affaire Op\u00e9ration Marqu\u00eas, Jos\u00e9 S\u00f3crates a \u00e9t\u00e9 accus\u00e9 par le minist\u00e8re public (MP), en 2017, de 31 d\u00e9lits, \u00e0 savoir corruption passive, blanchiment d&rsquo;argent, falsification de documents et fraude fiscale, mais dans la d\u00e9cision instructive, du 9 avril, En 2021, le juge Ivo Rosa a d\u00e9cid\u00e9 d&rsquo;innocenter l&rsquo;ancien dirigeant de 25 des 31 crimes, le condamnant \u00e0 un proc\u00e8s uniquement pour trois crimes de blanchiment d&rsquo;argent et trois de falsification.<\/h3>\n<p>Une d\u00e9cision ult\u00e9rieure de la Cour d&rsquo;appel de Lisbonne donnerait lieu \u00e0 un appel du d\u00e9put\u00e9 et, en janvier, elle a ordonn\u00e9 qu&rsquo;un total de 22 accus\u00e9s soient jug\u00e9s pour 118 d\u00e9lits \u00e9conomiques et financiers, annulant la d\u00e9cision d&rsquo;instruction, qui faisait r\u00e9f\u00e9rence uniquement au proc\u00e8s. Jos\u00e9 S\u00f3crates, Carlos Santos Silva, l&rsquo;ancien ministre Armando Vara, Ricardo Salgado et l&rsquo;ancien chauffeur de S\u00f3crates, Jo\u00e3o Perna. (Ag. Lusa)<\/p>\n","protected":false},"excerpt":{"rendered":"<p>L&rsquo;ancien Premier ministre Jos\u00e9 S\u00f3crates a r\u00e9agi, ce samedi matin, aux derniers d\u00e9veloppements concernant l&rsquo;Op\u00e9ration Marqu\u00eas. Il garantit qu&rsquo;il se d\u00e9fendra \u00ab contre un proc\u00e8s en janvier \u00bb, qu&rsquo;il juge \u00ab inf\u00e2me \u00bb. L&rsquo;ancien Premier ministre Jos\u00e9 S\u00f3crates a r\u00e9agi aux nouveaux d\u00e9veloppements concernant l&rsquo;Op\u00e9ration Marqu\u00eas et a d\u00e9clar\u00e9 que \u00ab ce que le Conseil [&hellip;]<\/p>\n","protected":false},"author":1,"featured_media":13098,"comment_status":"open","ping_status":"closed","sticky":false,"template":"","format":"standard","meta":{"footnotes":""},"categories":[3],"tags":[2812,117,3182],"class_list":["post-13097","post","type-post","status-publish","format-standard","has-post-thumbnail","hentry","category-portugal","tag-corruption-au-portugal","tag-jose-socrates","tag-operation-marques"],"aioseo_notices":[],"_links":{"self":[{"href":"https:\/\/www.culturalusa.com\/news\/wp-json\/wp\/v2\/posts\/13097","targetHints":{"allow":["GET"]}}],"collection":[{"href":"https:\/\/www.culturalusa.com\/news\/wp-json\/wp\/v2\/posts"}],"about":[{"href":"https:\/\/www.culturalusa.com\/news\/wp-json\/wp\/v2\/types\/post"}],"author":[{"embeddable":true,"href":"https:\/\/www.culturalusa.com\/news\/wp-json\/wp\/v2\/users\/1"}],"replies":[{"embeddable":true,"href":"https:\/\/www.culturalusa.com\/news\/wp-json\/wp\/v2\/comments?post=13097"}],"version-history":[{"count":1,"href":"https:\/\/www.culturalusa.com\/news\/wp-json\/wp\/v2\/posts\/13097\/revisions"}],"predecessor-version":[{"id":13099,"href":"https:\/\/www.culturalusa.com\/news\/wp-json\/wp\/v2\/posts\/13097\/revisions\/13099"}],"wp:featuredmedia":[{"embeddable":true,"href":"https:\/\/www.culturalusa.com\/news\/wp-json\/wp\/v2\/media\/13098"}],"wp:attachment":[{"href":"https:\/\/www.culturalusa.com\/news\/wp-json\/wp\/v2\/media?parent=13097"}],"wp:term":[{"taxonomy":"category","embeddable":true,"href":"https:\/\/www.culturalusa.com\/news\/wp-json\/wp\/v2\/categories?post=13097"},{"taxonomy":"post_tag","embeddable":true,"href":"https:\/\/www.culturalusa.com\/news\/wp-json\/wp\/v2\/tags?post=13097"}],"curies":[{"name":"wp","href":"https:\/\/api.w.org\/{rel}","templated":true}]}}