{"id":13109,"date":"2024-12-13T14:23:04","date_gmt":"2024-12-13T13:23:04","guid":{"rendered":"https:\/\/www.culturalusa.com\/news\/?p=13109"},"modified":"2024-12-13T14:23:04","modified_gmt":"2024-12-13T13:23:04","slug":"macron-nomme-bayrou-a-matignon-pour-tenter-de-denouer-la-crise-politique","status":"publish","type":"post","link":"https:\/\/www.culturalusa.com\/news\/politique\/macron-nomme-bayrou-a-matignon-pour-tenter-de-denouer-la-crise-politique\/","title":{"rendered":"Macron nomme Bayrou \u00e0 Matignon, pour tenter de d\u00e9nouer la crise politique"},"content":{"rendered":"<h2>Emmanuel Macron a nomm\u00e9 vendredi Fran\u00e7ois Bayrou Premier ministre, un d\u00e9fi immense pour le pr\u00e9sident du MoDem et premier alli\u00e9 du pr\u00e9sident, charg\u00e9 de d\u00e9nouer la crise politique majeure ouverte par la dissolution et aggrav\u00e9e par la censure de Michel Barnier.<\/h2>\n<blockquote><p>L&rsquo;annonce de la nomination du pr\u00e9sident-fondateur du parti centriste est intervenue \u00e0 la mi-journ\u00e9e, apr\u00e8s une nouvelle matin\u00e9e d&rsquo;intenses sp\u00e9culations.Fran\u00e7ois Bayrouavait \u00e9t\u00e9 re\u00e7u \u00e0 08H30 \u00e0 l&rsquo;\u00c9lys\u00e9e pour un entretien de pr\u00e8s de deux heures, suivi d&rsquo;un long silence-radio.<\/p><\/blockquote>\n<p>A 73 ans, comme son pr\u00e9d\u00e9cesseur Michel Barnier renvers\u00e9 le 4 d\u00e9cembre par l&rsquo;Assembl\u00e9e nationale lors d&rsquo;une censure in\u00e9dite depuis 1962, M. Bayrou devient le sixi\u00e8me locataire de Matignon depuis la premi\u00e8re \u00e9lection d&rsquo;Emmanuel Macron en 2017. Et le 28e Premier ministre de la Ve R\u00e9publique.<\/p>\n<p>Une t\u00e2che immense attend rue de Varenne le maire de Pau, premier alli\u00e9 de M. Macron en 2017. Avec pour priorit\u00e9 le budget pour 2025, le projet de budget de la S\u00e9curit\u00e9 sociale ayant \u00e9t\u00e9 mis en \u00e9chec par la censure.<\/p>\n<p>Dans un contexte de col\u00e8re des agriculteurs et de multiplication des plans sociaux, les niveaux des d\u00e9ficit et de la dette seront \u00ab\u00a0une r\u00e9alit\u00e9 qui s&rsquo;imposera \u00e0 tout gouvernement, quel qu&rsquo;il soit\u00a0\u00bb, a pr\u00e9venu Michel Barnier.<\/p>\n<p>En attendant que ce nouveau budget soit adopt\u00e9, un projet consensuel de \u00ab\u00a0loi sp\u00e9ciale\u00a0\u00bb permettant d&rsquo;assurer la continuit\u00e9 du fonctionnement de l&rsquo;Etat sera examin\u00e9e lundi par l&rsquo;Assembl\u00e9e nationale.<\/p>\n<p>La passation de pouvoirs est pr\u00e9vue dans l&rsquo;apr\u00e8s-midi.<\/p>\n<h2>-\u00ab\u00a0Gouvernement d&rsquo;int\u00e9r\u00eat g\u00e9n\u00e9ral\u00a0\u00bb-<\/h2>\n<p>Cette nomination intervient trois jours apr\u00e8s une r\u00e9union in\u00e9dite des dirigeants des partis, hors Rassemblement national et La France insoumise, sous l&rsquo;\u00e9gide du chef de l&rsquo;\u00c9tat. O\u00f9 se sont esquiss\u00e9s les contours d&rsquo;un \u00ab\u00a0accord de coop\u00e9ration d\u00e9mocratique\u00a0\u00bb, selon la formule de M. Bayrou mardi: le gouvernement s&rsquo;engagerait \u00e0 ne pas recourir au 49.3 pour imposer ses lois, les opposants \u00e0 ne pas le censure, Emmanuel Macron \u00e9voquant de son c\u00f4t\u00e9 son intention de ne pas dissoudre \u00e0 nouveau l&rsquo;Assembl\u00e9e.<\/p>\n<p>Le dirigeant centriste a finalement \u00e9t\u00e9 pr\u00e9f\u00e9r\u00e9 \u00e0 d&rsquo;autres noms qui ont circul\u00e9 jusqu&rsquo;au bout, comme celui de l&rsquo;ex-Premier ministre socialiste Bernard Cazeneuve, des ministres de l&rsquo;aile droite de la macronie S\u00e9bastien Lecornu ou Catherine Vautrin.<\/p>\n<p>Jeudi, c&rsquo;est le profil de l&rsquo;ex-ministre de l&rsquo;Industrie Roland Lescure, un macroniste social-lib\u00e9ral, qui a \u00e9t\u00e9 pouss\u00e9 par le secr\u00e9taire g\u00e9n\u00e9ral de l&rsquo;Elys\u00e9e Alexis Kohler, selon plusieurs sources proches des consultations. Mais la droite et le RN sont mont\u00e9s au cr\u00e9neau pour lui faire barrage.<\/p>\n<p>L&rsquo;ancien chef de la diplomatie Jean-Yves Le Drian, qui accompagne Emmanuel Macron depuis 2017, a lui carr\u00e9ment fait savoir qu&rsquo;il avait \u00ab\u00a0refus\u00e9\u00a0\u00bb Matignon, jugeant que \u00ab\u00a0ce ne serait s\u00e9rieux\u00a0\u00bb d&rsquo;accepter \u00e0 77 ans.<\/p>\n<p>C&rsquo;est une arriv\u00e9e \u00e0 Matignon aux allures de cons\u00e9cration particuli\u00e8re pour le lointain ministre de l\u2019\u00c9ducation (1993-1997) depuis longtemps tourn\u00e9 vers la plus haute fonction: inlassable d\u00e9fenseur d&rsquo;un centre ind\u00e9pendant, Fran\u00e7ois Bayrou a \u00e9t\u00e9 trois fois candidat \u00e0 l&rsquo;\u00e9lection pr\u00e9sidentielle de 2002 \u00e0 2012, sans parvenir au second tour (18,57% en 2007).<\/p>\n<p>Son alliance avec Emmanuel Macron en 2017 a d\u00e9gag\u00e9 la voie pour l&rsquo;\u00e9lection du plus jeune pr\u00e9sident de l&rsquo;histoire, porteur d&rsquo;un \u00ab\u00a0en m\u00eame temps\u00a0\u00bb droite-gauche en phase avec son projet politique.<\/p>\n<p>Mais le B\u00e9arnais, nomm\u00e9 ministre de la Justice, n&rsquo;est rest\u00e9 que 34 jours place Vend\u00f4me en 2017, emp\u00each\u00e9 par l&rsquo;affaire des assistants parlementaires du MoDem, jug\u00e9e en premi\u00e8re instance sept ans plus tard, en f\u00e9vrier 2024. Si le parti a \u00e9t\u00e9 lourdement condamn\u00e9, Fran\u00e7ois Bayrou a \u00e9t\u00e9 relax\u00e9, mais le parquet a fait appel.<\/p>\n<p>Depuis 2017, le maire de Pau a r\u00e9guli\u00e8rement distill\u00e9 des critiques contre la politique &#8211;trop \u00e0 droite&#8211; et la pratique du pouvoir &#8211;trop personnelle&#8211; de son alli\u00e9, sans jamais se d\u00e9partir de sa solidarit\u00e9.<\/p>\n<h2>-Pas de censure d&#8217;embl\u00e9e ?-<\/h2>\n<p>Peu apr\u00e8s l&rsquo;annonce de la nomination, le pr\u00e9sident du RN Jordan Bardella a assur\u00e9 qu&rsquo;il n&rsquo;y aurait \u00ab\u00a0pas de censure a priori\u00a0\u00bb.<\/p>\n<p>M. Bayrou devrait en revanche subir une censure de la part de La France insoumise. \u00ab\u00a0Faire tomber Bayrou sera faire tomber Macron\u00a0\u00bb, a pr\u00e9venu le coordinateur de LFI Manuel Bompard, qualifiant cette nomination de \u00ab\u00a0nouveau bras d&rsquo;honneur \u00e0 la d\u00e9mocratie\u00a0\u00bb.<\/p>\n<p>L&rsquo;\u00e9chec de M. Barnier, Premier ministre choisi en septembre par Emmanuel Macron alors que la gauche revendiquait Matignon, remet la pression sur le chef de l\u2019\u00c9tat et le Premier ministre.<\/p>\n<p>La donne a-t-elle \u00e9volu\u00e9? Si le Parti socialiste, et dans une moindre mesure les communistes et les Ecologistes, ont donn\u00e9 quelques gages de compromis, poussant leur alliance avec LFI au sein du Nouveau Front populaire au bord de la rupture, pas s\u00fbr qu&rsquo;ils soutiennent franchement Fran\u00e7ois Bayrou.<\/p>\n<p>Le centriste, qui plaide depuis des d\u00e9cennies pour des gouvernement \u0153cum\u00e9niques, devrait tenter de conserver des ministres du parti Les R\u00e9publicains c\u00f4t\u00e9 droit, avec qui les relations sont historiquement tendues. Nicolas Sarkozy a notamment us\u00e9 de son influence pour emp\u00eacher cette nomination \u00e0 Matignon.<\/p>\n<p>M. Bayrou devrait \u00e9galement se tourner davantage vers la gauche, \u00e0 d\u00e9faut de convaincre les membres du Nouveau Front populaire de participer au gouvernement.<\/p>\n","protected":false},"excerpt":{"rendered":"<p>Emmanuel Macron a nomm\u00e9 vendredi Fran\u00e7ois Bayrou Premier ministre, un d\u00e9fi immense pour le pr\u00e9sident du MoDem et premier alli\u00e9 du pr\u00e9sident, charg\u00e9 de d\u00e9nouer la crise politique majeure ouverte par la dissolution et aggrav\u00e9e par la censure de Michel Barnier. L&rsquo;annonce de la nomination du pr\u00e9sident-fondateur du parti centriste est intervenue \u00e0 la mi-journ\u00e9e, [&hellip;]<\/p>\n","protected":false},"author":1,"featured_media":13110,"comment_status":"open","ping_status":"closed","sticky":false,"template":"","format":"standard","meta":{"footnotes":""},"categories":[1494],"tags":[3188,3187],"class_list":["post-13109","post","type-post","status-publish","format-standard","has-post-thumbnail","hentry","category-politique","tag-bayrou-premier-ministre","tag-macron-nomme-bayrou-a-matignon"],"aioseo_notices":[],"_links":{"self":[{"href":"https:\/\/www.culturalusa.com\/news\/wp-json\/wp\/v2\/posts\/13109","targetHints":{"allow":["GET"]}}],"collection":[{"href":"https:\/\/www.culturalusa.com\/news\/wp-json\/wp\/v2\/posts"}],"about":[{"href":"https:\/\/www.culturalusa.com\/news\/wp-json\/wp\/v2\/types\/post"}],"author":[{"embeddable":true,"href":"https:\/\/www.culturalusa.com\/news\/wp-json\/wp\/v2\/users\/1"}],"replies":[{"embeddable":true,"href":"https:\/\/www.culturalusa.com\/news\/wp-json\/wp\/v2\/comments?post=13109"}],"version-history":[{"count":1,"href":"https:\/\/www.culturalusa.com\/news\/wp-json\/wp\/v2\/posts\/13109\/revisions"}],"predecessor-version":[{"id":13111,"href":"https:\/\/www.culturalusa.com\/news\/wp-json\/wp\/v2\/posts\/13109\/revisions\/13111"}],"wp:featuredmedia":[{"embeddable":true,"href":"https:\/\/www.culturalusa.com\/news\/wp-json\/wp\/v2\/media\/13110"}],"wp:attachment":[{"href":"https:\/\/www.culturalusa.com\/news\/wp-json\/wp\/v2\/media?parent=13109"}],"wp:term":[{"taxonomy":"category","embeddable":true,"href":"https:\/\/www.culturalusa.com\/news\/wp-json\/wp\/v2\/categories?post=13109"},{"taxonomy":"post_tag","embeddable":true,"href":"https:\/\/www.culturalusa.com\/news\/wp-json\/wp\/v2\/tags?post=13109"}],"curies":[{"name":"wp","href":"https:\/\/api.w.org\/{rel}","templated":true}]}}