{"id":13125,"date":"2024-12-27T19:39:43","date_gmt":"2024-12-27T18:39:43","guid":{"rendered":"https:\/\/www.culturalusa.com\/news\/?p=13125"},"modified":"2024-12-27T19:41:43","modified_gmt":"2024-12-27T18:41:43","slug":"allemagne-la-campagne-electorale-lancee-avec-la-dissolution-du-parlement","status":"publish","type":"post","link":"https:\/\/www.culturalusa.com\/news\/monde\/allemagne-la-campagne-electorale-lancee-avec-la-dissolution-du-parlement\/","title":{"rendered":"Allemagne: la campagne \u00e9lectorale lanc\u00e9e avec la dissolution du parlement"},"content":{"rendered":"<h2>L&rsquo;Allemagne est officiellement entr\u00e9e en p\u00e9riode \u00e9lectorale vendredi avec la d\u00e9cision du pr\u00e9sident Frank-Walter Steinmeier de dissoudre le parlement et de fixer les \u00e9lections l\u00e9gislatives anticip\u00e9es au 23 f\u00e9vrier, dans un contexte de crise \u00e9conomique.<\/h2>\n<p>Cette campagne de deux mois, anticip\u00e9e de sept mois par rapport \u00e0 la date initialement pr\u00e9vue, est la cons\u00e9quence de l&rsquo;implosion de la coalition gouvernementale du chancelier social-d\u00e9mocrate Olaf Scholz.<\/p>\n<p>Les conservateurs de la CDU men\u00e9s par Friedrich Merz sont donn\u00e9s nettement gagnants, avec 32% des intentions de vote, devant le parti d&rsquo;extr\u00eame droite Alternative pour l&rsquo;Allemagne (AfD, 19%), le SPD (15%) et les Verts (13%), selon une moyenne pond\u00e9r\u00e9e des sondages \u00e0 la date de vendredi.<\/p>\n<p>Au vu de l&rsquo;\u00e9tat actuel des forces, un futur gouvernement men\u00e9 par les conservateurs, en coalition avec le SPD comme alli\u00e9, constitue le sc\u00e9nario le plus probable.<\/p>\n<p>En attendant la formation de ce futur gouvernement, M. Steinmeier a rappel\u00e9 que la d\u00e9mocratie allemande fonctionnait \u00ab\u00a0m\u00eame en p\u00e9riode de transition\u00a0\u00bb.<\/p>\n<p>Gouvernement et parlement restent op\u00e9rationnels jusqu&rsquo;\u00e0 ce que leurs successeurs soient en place. Mais faute de majorit\u00e9, l&rsquo;ex\u00e9cutif ne peut pas d\u00e9cider de nouveaux projets sans le soutien de l&rsquo;opposition.<\/p>\n<p>Form\u00e9e par le SPD, les Verts et les lib\u00e9raux du FDP, l&rsquo;alliance au pouvoir depuis la fin 2021 avait vol\u00e9 en \u00e9clats le 6 novembre avec le limogeage par Olaf Scholz du ministre des Finances lib\u00e9ral. Motif: des diff\u00e9rends devenus insurmontables sur la politique \u00e9conomique et budg\u00e9taire.<\/p>\n<p>Sans majorit\u00e9 parlementaire depuis, le chancelier avait pos\u00e9 la question de confiance au Bundestag mi-d\u00e9cembre dans le but de la perdre et de lancer la proc\u00e9dure pour des \u00e9lections anticip\u00e9es, dont M. Steinmeier a confirm\u00e9 la date vendredi.<\/p>\n<h3>\u00a0\u00ab\u00a0Moments difficiles\u00a0\u00bb<\/h3>\n<p>Cet \u00e9v\u00e9nement rare s&rsquo;inscrit dans la grave crise que traverse la premi\u00e8re \u00e9conomie europ\u00e9enne, autrefois mod\u00e8le de stabilit\u00e9 politique, au moment m\u00eame o\u00f9 son partenaire privil\u00e9gi\u00e9 dans l&rsquo;UE, la France, est \u00e9galement affaibli par l&rsquo;absence d&rsquo;une majorit\u00e9 parlementaire.<\/p>\n<p>\u00ab\u00a0En particulier dans les moments difficiles comme maintenant, la stabilit\u00e9 n\u00e9cessite un gouvernement efficace et des majorit\u00e9s fiables au parlement\u00a0\u00bb, a soulign\u00e9 Frank-Walter Steinmeier lors de son allocution.<\/p>\n<p>Selon le chef d&rsquo;Etat, le scrutin anticip\u00e9 doit permettre de r\u00e9pondre aux \u00ab\u00a0d\u00e9fis de notre temps\u00a0\u00bb, en t\u00eate desquels \u00ab\u00a0la situation \u00e9conomique incertaine\u00a0\u00bb.<\/p>\n<p>Menac\u00e9e d&rsquo;une deuxi\u00e8me r\u00e9cession annuelle d&rsquo;affil\u00e9e, l&rsquo;Allemagne fait face \u00e0 une remise en cause de son mod\u00e8le industriel.<\/p>\n<p>Olaf Scholz pr\u00f4ne un assouplissement des r\u00e8gles d&rsquo;endettement pour faire des investissements afin de relancer l&rsquo;\u00e9conomie, quand l&rsquo;opposition conservatrice plaide pour un maintien du frein \u00e0 la dette, m\u00e9canisme ancr\u00e9 dans la Constitution.<\/p>\n<h3>&#8211; L&rsquo;ombre de Magdebourg &#8211;<\/h3>\n<p>Parmi les autres pr\u00e9occupations majeures pour l&rsquo;Allemagne, M. Steinmeier a cit\u00e9 \u00ab\u00a0les guerres au Proche-Orient et en Ukraine\u00a0\u00bb ainsi que les \u00ab\u00a0questions de contr\u00f4le de l&rsquo;immigration et de l&rsquo;int\u00e9gration, et du changement climatique\u00a0\u00bb.<\/p>\n<p>Droite et extr\u00eame droite ont tiss\u00e9 un lien entre immigration et s\u00e9curit\u00e9 apr\u00e8s l&rsquo;attaque \u00e0 la voiture-b\u00e9lier sur le march\u00e9 de No\u00ebl de Magdebourg, vendredi 20 d\u00e9cembre, qui a fait cinq morts et plus de 200 bless\u00e9s.<\/p>\n<p>Apr\u00e8s cette attaque imput\u00e9e \u00e0 un r\u00e9fugi\u00e9 saoudien de 50 ans, l&rsquo;AfD a organis\u00e9 une manifestation sur place, demandant de \u00ab\u00a0fermer les fronti\u00e8res\u00a0\u00bb face aux \u00ab\u00a0fous furieux venus de tous les pays\u00a0\u00bb.<\/p>\n<p>\u00ab\u00a0Nous ne voulons pas de tels d\u00e9linquants (potentiels) dans notre pays!\u00a0\u00bb, a \u00e9crit Friedrich Merz vendredi dans une lettre \u00e0 ses abonn\u00e9s, soulignant que \u00ab\u00a0le nombre de d\u00e9lits graves commis par des migrants en Allemagne est en augmentation depuis une dizaine d&rsquo;ann\u00e9es\u00a0\u00bb.<\/p>\n<p>Sous pression, le gouvernement a promis une enqu\u00eate rapide et minutieuse pour clarifier d&rsquo;\u00e9ventuelles erreurs des autorit\u00e9s dans la pr\u00e9vention de l&rsquo;attaque. Et Olaf Scholz a appel\u00e9 les Allemands \u00e0 \u00ab\u00a0se serrer les coudes\u00a0\u00bb.<\/p>\n<p>\u00ab\u00a0La haine et la violence ne doivent pas avoir leur place dans cette campagne \u00e9lectorale\u00a0\u00bb, a exhort\u00e9 M. Steinmeier, formant le voeu qu&rsquo;elle soit \u00ab\u00a0men\u00e9e avec des moyens justes et transparents\u00a0\u00bb.<\/p>\n<p>Le garant des institutions a point\u00e9 du doigt \u00ab\u00a0l&rsquo;influence ext\u00e9rieure\u00a0\u00bb sans nommer la Russie, r\u00e9guli\u00e8rement accus\u00e9e d&rsquo;orchestrer des campagnes de d\u00e9sinformation pour d\u00e9fendre des candidats qui lui seraient favorables en Europe.<\/p>\n<p>Il a explicitement vis\u00e9 la plateforme X, o\u00f9 cette ing\u00e9rence s&rsquo;exprime selon lui \u00ab\u00a0de mani\u00e8re ouverte\u00a0\u00bb et \u00ab\u00a0particuli\u00e8rement intense\u00a0\u00bb.<\/p>\n","protected":false},"excerpt":{"rendered":"<p>L&rsquo;Allemagne est officiellement entr\u00e9e en p\u00e9riode \u00e9lectorale vendredi avec la d\u00e9cision du pr\u00e9sident Frank-Walter Steinmeier de dissoudre le parlement et de fixer les \u00e9lections l\u00e9gislatives anticip\u00e9es au 23 f\u00e9vrier, dans un contexte de crise \u00e9conomique. Cette campagne de deux mois, anticip\u00e9e de sept mois par rapport \u00e0 la date initialement pr\u00e9vue, est la cons\u00e9quence de [&hellip;]<\/p>\n","protected":false},"author":1,"featured_media":13126,"comment_status":"open","ping_status":"closed","sticky":false,"template":"","format":"standard","meta":{"footnotes":""},"categories":[1372],"tags":[615,3194,3193],"class_list":["post-13125","post","type-post","status-publish","format-standard","has-post-thumbnail","hentry","category-monde","tag-allemagne","tag-allemagne-campagne-electorale","tag-dissolution-du-parlement"],"aioseo_notices":[],"_links":{"self":[{"href":"https:\/\/www.culturalusa.com\/news\/wp-json\/wp\/v2\/posts\/13125","targetHints":{"allow":["GET"]}}],"collection":[{"href":"https:\/\/www.culturalusa.com\/news\/wp-json\/wp\/v2\/posts"}],"about":[{"href":"https:\/\/www.culturalusa.com\/news\/wp-json\/wp\/v2\/types\/post"}],"author":[{"embeddable":true,"href":"https:\/\/www.culturalusa.com\/news\/wp-json\/wp\/v2\/users\/1"}],"replies":[{"embeddable":true,"href":"https:\/\/www.culturalusa.com\/news\/wp-json\/wp\/v2\/comments?post=13125"}],"version-history":[{"count":1,"href":"https:\/\/www.culturalusa.com\/news\/wp-json\/wp\/v2\/posts\/13125\/revisions"}],"predecessor-version":[{"id":13127,"href":"https:\/\/www.culturalusa.com\/news\/wp-json\/wp\/v2\/posts\/13125\/revisions\/13127"}],"wp:featuredmedia":[{"embeddable":true,"href":"https:\/\/www.culturalusa.com\/news\/wp-json\/wp\/v2\/media\/13126"}],"wp:attachment":[{"href":"https:\/\/www.culturalusa.com\/news\/wp-json\/wp\/v2\/media?parent=13125"}],"wp:term":[{"taxonomy":"category","embeddable":true,"href":"https:\/\/www.culturalusa.com\/news\/wp-json\/wp\/v2\/categories?post=13125"},{"taxonomy":"post_tag","embeddable":true,"href":"https:\/\/www.culturalusa.com\/news\/wp-json\/wp\/v2\/tags?post=13125"}],"curies":[{"name":"wp","href":"https:\/\/api.w.org\/{rel}","templated":true}]}}